{"id":133,"count":8,"description":"<a href=\"https:\/\/agora.xtec.cat\/escolanouclave\/wp-content\/uploads\/usu1363\/2019\/09\/D3tZvdZXsAAf5H8.jpg\"><img class=\"wp-image-1514 alignright\" src=\"https:\/\/agora.xtec.cat\/escolanouclave\/wp-content\/uploads\/usu1363\/2019\/09\/D3tZvdZXsAAf5H8-1024x1024.jpg\" alt=\"\" width=\"249\" height=\"249\" \/><\/a>Durant el curs 2018-2019 a l\u2019escola vam desenvolupar un projecte que partia del prop\u00f2sit d\u2019aconseguir un entorn respectu\u00f3s amb el medi ambient, mitjan\u00e7ant la promoci\u00f3 i la potenciaci\u00f3 d\u2019actituds i comportaments sostenibles. Proporcionant les eines i estrat\u00e8gies ecol\u00f2giques necess\u00e0ries van ser fomentades actituds, h\u00e0bits i valors per potenciar una ciutadania participativa i compromesa amb la millora del medi ambient. \u00c9s per aquest motiu al llarg del curs es van realitzar diverses activitats relacionades amb aquest tema, fins i tot els projectes de la setmana tem\u00e0tica anual.\r\n\r\n<a href=\"https:\/\/twitter.com\/AEAnselmClave\/status\/1116677620371005441\">https:\/\/twitter.com\/AEAnselmClave\/status\/1116677620371005441<\/a>\r\n\r\nLa valoraci\u00f3 final va resultar positiva i \u00e9s per aquest motiu que tant el professorat com l'alumnat va considerar necess\u00e0ria la continu\u00eftat del projecte i poder seguir aprofundint en aquests valors. Durant aquest curs han estat previstes diferents activitats relacionades que s'aniran desenvolupant progressivament.\r\n\r\n<a href=\"http:\/\/residus.gencat.cat\/ca\/ambits_dactuacio\/prevencio\/setmana_europea\/\">http:\/\/residus.gencat.cat\/ca\/ambits_dactuacio\/prevencio\/setmana_europea\/<\/a>\r\n\r\n&nbsp;\r\n\r\n&nbsp;","link":"https:\/\/agora.xtec.cat\/escolanouclave\/categoria\/projecte-medi-ambient\/","name":"Projecte Medi Ambient","slug":"projecte-medi-ambient","taxonomy":"category","parent":0,"meta":[],"_links":{"self":[{"href":"https:\/\/agora.xtec.cat\/escolanouclave\/wp-json\/wp\/v2\/categories\/133","targetHints":{"allow":["GET"]}}],"collection":[{"href":"https:\/\/agora.xtec.cat\/escolanouclave\/wp-json\/wp\/v2\/categories"}],"about":[{"href":"https:\/\/agora.xtec.cat\/escolanouclave\/wp-json\/wp\/v2\/taxonomies\/category"}],"wp:post_type":[{"href":"https:\/\/agora.xtec.cat\/escolanouclave\/wp-json\/wp\/v2\/posts?categories=133"}],"curies":[{"name":"wp","href":"https:\/\/api.w.org\/{rel}","templated":true}]}}