{"id":1103,"count":10,"description":"El programa ERASMUS (acr\u00f2nim derivat del nom oficial en angl\u00e8s: European Region Action Scheme for the Mobility of University Students, \u00e9s a dir: \"Pla Regional d'Acci\u00f3 Europea per a la Mobilitat d'Estudiants, Regi\u00f3 Europa\", conegut popularment com a la beca Erasmus o, simplement, l'Erasmus) \u00e9s l'apartat dedicat als estudis superiors del programa S\u00f2crates II, del qual forma la major part. \u00c9s un programa instaurat per la Comissi\u00f3 Europea l'any 1987 per tal de promoure l'intercanvi d'estudiants dins de la Comunitat Econ\u00f2mica Europea, la futura Uni\u00f3 Europea.\r\n\r\nA partir del curs 2024-2025 l'alumnat d'ESO del nostre centre comen\u00e7a la seva participaci\u00f3 en el programa Erasmus+, el que els permetr\u00e0 gaudir de la realitzaci\u00f3 de diferents despla\u00e7aments i estades a diversos pa\u00efsos de la Uni\u00f3 Europea.","link":"https:\/\/agora.xtec.cat\/escolanouclave\/categoria\/erasmus\/","name":"Erasmus+","slug":"erasmus","taxonomy":"category","parent":0,"meta":[],"_links":{"self":[{"href":"https:\/\/agora.xtec.cat\/escolanouclave\/wp-json\/wp\/v2\/categories\/1103","targetHints":{"allow":["GET"]}}],"collection":[{"href":"https:\/\/agora.xtec.cat\/escolanouclave\/wp-json\/wp\/v2\/categories"}],"about":[{"href":"https:\/\/agora.xtec.cat\/escolanouclave\/wp-json\/wp\/v2\/taxonomies\/category"}],"wp:post_type":[{"href":"https:\/\/agora.xtec.cat\/escolanouclave\/wp-json\/wp\/v2\/posts?categories=1103"}],"curies":[{"name":"wp","href":"https:\/\/api.w.org\/{rel}","templated":true}]}}