{"id":1099,"count":1,"description":"<img class=\"alignnone size-full wp-image-11105\" src=\"https:\/\/agora.xtec.cat\/escolanouclave\/wp-content\/uploads\/usu1363\/2024\/02\/IMG_5889.heic\" alt=\"\" \/>L\u2019aula d\u2019acollida \u00e9s un recurs que va otorgar el Departament d\u2019Educaci\u00f3 de Catalunya el curs 22-23 a la comissi\u00f3 de garantia de l\u2019ajuntament de Mollet tant a prim\u00e0ria com a secund\u00e0ria per tenir un cert percentatge d\u2019alumnat nouvingut.\r\n\r\nQu\u00e8 \u00e9s?\r\n\r\nL\u2019aula d\u2019acollida \u00e9s un recurs d\u2019acompanyament i acollida on els alumnes nouvinguts assoleixen els coneixements b\u00e0sics de la llengua catalana, aix\u00ed com el suport emocional necessari per tal d\u2019incorporar-se al m\u00e9s aviat possible a l\u2019aula ordin\u00e0ria i al nou entorn.\r\nL\u2019objectiu \u00e9s que aquests alumnes puguin gaudir de totes les experi\u00e8ncies i els aprenentatges compartits amb la resta de companys del centre al m\u00e9s aviat possible, poder interactuar amb la nova llengua, amb estrat\u00e8gies afectives i comunicatives.\r\nLes activitats d\u2019ensenyament-aprenentatge es porten a terme des d\u2019un enfocament intercultural. Aix\u00ed, es valora la cultura d\u2019origen i la d\u2019acollida.\r\nCada aula d\u2019Acollida t\u00e9 assignat un professor\/a, \u201cel\/la tutor\/a de l\u2019Aula\u201d, en el nostre cas la tutora d\u2019Aula d\u2019Acollida de la nostra escola \u00e9s la Georgina Eixarch. Mestra de Prim\u00e0ria amb especialitat en Educaci\u00f3 Inclusiva i Atenci\u00f3 a la Diversitat.\r\n\r\nQuins alumnes poden assistir?\r\n\r\nEls alumnes de prim\u00e0ria i de secund\u00e0ria que hagin arribat a Catalunya durant els dos \u00faltims anys. L\u2019objectiu \u00e9s proporcionar-los una atenci\u00f3 adequada a les seves necessitats emocionals i ling\u00fc\u00edstiques sense perdre el contacte amb el grup classe en el qual estan adscrits.\r\n\r\nLa nostra aula d\u2019acollida\r\n\r\nL\u2019aula d\u2019acollida de l\u2019escola Anselm Clave es troba a la biblioteca, al segon pis de l\u2019edifici. Es tracta d\u2019una aula lluminosa i gran. Dotada d\u2019una pantalla amb projector i ordinador que motiva i dona m\u00e9s possibilitats de treball. Tamb\u00e9 disposa de recursos visuals i manipulatius per l\u2019interacci\u00f3 entre alumne-alumne i mestre-alumne. L\u2019organitzaci\u00f3 i gesti\u00f3 de l\u2019aula \u00e9s flexible, est\u00e0 en constant moviment i canvi, cal adaptar-se al nivell dels diferents alumnes, a les seves necessitats i a la seva situaci\u00f3 personal.\r\n\r\nCada alumne de secund\u00e0ria i prim\u00e0ria disposa del seu dossier de treball tenint en compte el\r\nseu nivell d\u2019inici. Aquests dossiers segueixen la programaci\u00f3 de llengua catalana per a alumnat nouvingut extreta del departament d\u2019Educaci\u00f3. L'anem realitzant al llarg del dies sobretot en el moment que el grup d\u2019alumnes \u00e9s m\u00e9s redu\u00efts per poder tenir un suport m\u00e9s personalitzat i poder resoldre dubtes concrets.\r\n\r\nA m\u00e9s del dossier tamb\u00e9 es realitzen setmanalment diferents activitats d\u2019expressi\u00f3 oral com els cercles de di\u00e0leg, debats en catal\u00e0, jocs d\u2019expressi\u00f3 oral (qui \u00e9s qui, passatgers al tren, tab\u00fa...) posan\u2019t en pr\u00e1ctica el vocabulari apr\u00e8s i adquirint nous coneixements.\r\nTamb\u00e9 es fan servir recursos digitals com tauletes, ordinadors, projector per treballar diferents elements del curr\u00edculum relacionats amb les TIC i les lleng\u00fces.\r\n\r\nEs prioritza el treball a l\u2019aula en gran grup o en petits grups cooperatius per treballar la cohesi\u00f3 de grup, les habilitats socials i la llengua catalana a trav\u00e9s del joc. Cada dilluns despr\u00e9s del cap de setmana es prioritza la conversa amb els alumnes, a m\u00e9s de treballar l\u2019expressi\u00f3 oral, ens ajuda a saber m\u00e9s sobre la seva situaci\u00f3 personal i poder-nos ajustar m\u00e9s a les seves necessitats.\r\n\r\nEls alumnes disposen de la plataforma Classroom, on tots els alumnes de secund\u00e0ria de l\u2019AA tenen acc\u00e9s. Poden trobar informaci\u00f3 d'inter\u00e8s i recursos per aprendre la llengua (s\u00e8ries de TV en catal\u00e0, cursos de catal\u00e0 gratu\u00efts per a joves a Mollet...) Mica en mica es van penjant recursos i eines sobre temes tractats a l'AA.\r\n\r\nTamb\u00e9 a l\u2019AA es realitzen diferents projectes al llarg del curs que ajuden a la millora de l\u2019aprenentatge de la llengua i a la cohesi\u00f3 de grup.\r\n\r\n<img class=\"alignnone size-full wp-image-11105\" src=\"https:\/\/agora.xtec.cat\/escolanouclave\/wp-content\/uploads\/usu1363\/2024\/02\/IMG_5889.heic\" alt=\"\" \/> <img class=\"alignnone size-large wp-image-11106\" src=\"https:\/\/agora.xtec.cat\/escolanouclave\/wp-content\/uploads\/usu1363\/2024\/02\/IMG_5889-1.heic\" alt=\"\" width=\"1\" height=\"1\" \/> <img class=\"alignnone size-large wp-image-11107\" src=\"https:\/\/agora.xtec.cat\/escolanouclave\/wp-content\/uploads\/usu1363\/2024\/02\/Diseno-sin-titulo-1-1024x576.jpg\" alt=\"\" width=\"1024\" height=\"576\" \/>","link":"https:\/\/agora.xtec.cat\/escolanouclave\/categoria\/aula-dacollida\/","name":"Aula d'acollida","slug":"aula-dacollida","taxonomy":"category","parent":0,"meta":[],"_links":{"self":[{"href":"https:\/\/agora.xtec.cat\/escolanouclave\/wp-json\/wp\/v2\/categories\/1099","targetHints":{"allow":["GET"]}}],"collection":[{"href":"https:\/\/agora.xtec.cat\/escolanouclave\/wp-json\/wp\/v2\/categories"}],"about":[{"href":"https:\/\/agora.xtec.cat\/escolanouclave\/wp-json\/wp\/v2\/taxonomies\/category"}],"wp:post_type":[{"href":"https:\/\/agora.xtec.cat\/escolanouclave\/wp-json\/wp\/v2\/posts?categories=1099"}],"curies":[{"name":"wp","href":"https:\/\/api.w.org\/{rel}","templated":true}]}}