{"id":1030,"count":2,"description":"<p dir=\"ltr\"><a href=\"https:\/\/agora.xtec.cat\/escolanouclave\/wp-content\/uploads\/usu1363\/2021\/10\/unnamed.png\"><img class=\" wp-image-9833 alignleft\" src=\"https:\/\/agora.xtec.cat\/escolanouclave\/wp-content\/uploads\/usu1363\/2021\/10\/unnamed.png\" alt=\"\" width=\"258\" height=\"151\" \/><\/a>Des del curs 2020-2021 la nostra escola forma part del projecte d\u2019innovaci\u00f3 pedag\u00f2gica Aqu\u00ed prou bullying impulsat pel Departament d\u2019Ensenyament. L'objectiu principal d'aquesta iniciativa \u00e9s la r\u00e0pida detecci\u00f3 i prevenci\u00f3 de possibles casos d\u2019assetjament escolar per tal de garantir la bona conviv\u00e8ncia i la cohesi\u00f3 social al nostre centre.<\/p>\r\n<p dir=\"ltr\">Actualment, ens trobem en la primera fase del projecte, la de la formaci\u00f3 de l\u2019equip impulsor. Per\u00f2 no nom\u00e9s ser\u00e0 el professorat el que es formi sin\u00f3 que el projecte donar\u00e0 el protagonisme a l\u2019alumnat, donant tamb\u00e9 valor al paper de la resta de la comunitat educativa.<\/p>\r\n<p dir=\"ltr\">El programa posa a l\u2019abast dels centres la formaci\u00f3, estrat\u00e8gies i recursos necessaris per elaborar un projecte de prevenci\u00f3, detecci\u00f3 i intervenci\u00f3 davant l\u2019assetjament amb la participaci\u00f3 de tota la comunitat escolar, especialment de l\u2019alumnat qui actuar\u00e0 com observador i agent actiu i comprom\u00e8s en la lluita contra l\u2019assetjament alhora que adquireix les actituds i els valors propis de la compet\u00e8ncia social i ciutadana.<\/p>\r\n<p dir=\"ltr\">OBJECTIUS DEL PROJECTE:<\/p>\r\n\r\n<ul>\r\n \t<li dir=\"ltr\" aria-level=\"1\">\r\n<p dir=\"ltr\" role=\"presentation\">Implicar la comunitat escolar davant els casos d\u2019assetjament.<\/p>\r\n<\/li>\r\n \t<li dir=\"ltr\" aria-level=\"1\">\r\n<p dir=\"ltr\" role=\"presentation\">Potenciar el comprom\u00eds actiu de l\u2019alumnat en la prevenci\u00f3 i detecci\u00f3 dels casos d\u2019assetjament.<\/p>\r\n<\/li>\r\n \t<li dir=\"ltr\" aria-level=\"1\">\r\n<p dir=\"ltr\" role=\"presentation\">Fomentar la gesti\u00f3 positiva dels conflictes.<\/p>\r\n<\/li>\r\n \t<li dir=\"ltr\" aria-level=\"1\">\r\n<p dir=\"ltr\" role=\"presentation\">Contribuir al desenvolupament personal i social de l\u2019alumnat.<\/p>\r\n<\/li>\r\n<\/ul>\r\nSi vols m\u00e9s informaci\u00f3 feu clic <a href=\"http:\/\/xtec.gencat.cat\/ca\/centres\/projeducatiu\/convivencia\/aquiproubullying\/\"><strong>AQU\u00cd<\/strong><\/a>\r\n<p dir=\"ltr\"><strong><a href=\"https:\/\/www.youtube.com\/watch?v=dOP7NraKp-Q\">V\u00cdDEO<\/a><\/strong><\/p>","link":"https:\/\/agora.xtec.cat\/escolanouclave\/categoria\/aqui-prou-bullying\/","name":"Aqu\u00ed prou bullying","slug":"aqui-prou-bullying","taxonomy":"category","parent":0,"meta":[],"_links":{"self":[{"href":"https:\/\/agora.xtec.cat\/escolanouclave\/wp-json\/wp\/v2\/categories\/1030","targetHints":{"allow":["GET"]}}],"collection":[{"href":"https:\/\/agora.xtec.cat\/escolanouclave\/wp-json\/wp\/v2\/categories"}],"about":[{"href":"https:\/\/agora.xtec.cat\/escolanouclave\/wp-json\/wp\/v2\/taxonomies\/category"}],"wp:post_type":[{"href":"https:\/\/agora.xtec.cat\/escolanouclave\/wp-json\/wp\/v2\/posts?categories=1030"}],"curies":[{"name":"wp","href":"https:\/\/api.w.org\/{rel}","templated":true}]}}