{"id":902,"date":"2020-09-04T12:01:47","date_gmt":"2020-09-04T10:01:47","guid":{"rendered":"https:\/\/agora.xtec.cat\/escolamusicalinyola\/?p=902"},"modified":"2020-09-04T21:42:52","modified_gmt":"2020-09-04T19:42:52","slug":"nou-curs-20-21","status":"publish","type":"post","link":"https:\/\/agora.xtec.cat\/escolamusicalinyola\/general\/nou-curs-20-21\/","title":{"rendered":"Ultimant els preparatius per al nou curs"},"content":{"rendered":"<p>Aquestes setmanes ens trobem <strong>ultimant els preparatius per al nou curs 2020-21<\/strong>. Al llarg dels propers dies l&#8217;Escola de M\u00fasica experimentar\u00e0 <strong>canvis<\/strong> en la distribuci\u00f3 de les aules, canvis en els protocols de neteja i manteniment, canvis en l&#8217;equip docent, canvis en l&#8217;equipament, etc., tot plegat amb l&#8217;objectiu que l&#8217;obertura del centre es faci amb les <strong>mesures que millor garanteixin la seguretat<\/strong> del professorat i l&#8217;alumnat.<\/p>\n<p>Per sort, la relaci\u00f3 entre l&#8217;espai de qu\u00e8 disposem a l&#8217;edifici i el nombre d&#8217;alumnes que tenim per grup ens facilita molt la tasca. Resumint-ho, al final tindrem grups petits que faran classe en espais prou grans com perqu\u00e8 entre ells pugui haver-hi una <strong>dist\u00e0ncia de seguretat incl\u00fas superior a la indicada<\/strong>. Aix\u00f2, juntament amb l&#8217;\u00fas obligatori de mascareta, el rentat de mans abans d&#8217;entrar a cada classe, el control del flux de persones a les entrades i sortides, la prohibici\u00f3 que els adults pugin fins dalt a acompanyar l&#8217;alumnat, els protocols de ventilaci\u00f3 d&#8217;aules i desinfecci\u00f3 de superf\u00edcies entre classe i classe, la responsabilitat de les fam\u00edlies de no dur els seus fills o les seves filles a l&#8217;escola de m\u00fasica en cas que presentin simptomatologia compatible amb la COVID-19, els protocols d&#8217;actuaci\u00f3 en cas de detecci\u00f3 de simptomatologia, etc., ens situa en un <strong>context molt controlat<\/strong> que reduir\u00e0 de forma dr\u00e0stica la possibilitat de contagi dins del centre.<\/p>\n<p><a href=\"https:\/\/agora.xtec.cat\/escolamusicalinyola\/wp-content\/uploads\/usu2190\/2020\/09\/20200904_115242-2.jpg\"><img loading=\"lazy\" decoding=\"async\" class=\"alignnone wp-image-908\" src=\"https:\/\/agora.xtec.cat\/escolamusicalinyola\/wp-content\/uploads\/usu2190\/2020\/09\/20200904_115242-2-1024x768.jpg\" alt=\"\" width=\"600\" height=\"450\" srcset=\"https:\/\/agora.xtec.cat\/escolamusicalinyola\/wp-content\/uploads\/usu2190\/2020\/09\/20200904_115242-2-1024x768.jpg 1024w, https:\/\/agora.xtec.cat\/escolamusicalinyola\/wp-content\/uploads\/usu2190\/2020\/09\/20200904_115242-2-300x225.jpg 300w, https:\/\/agora.xtec.cat\/escolamusicalinyola\/wp-content\/uploads\/usu2190\/2020\/09\/20200904_115242-2-768x576.jpg 768w, https:\/\/agora.xtec.cat\/escolamusicalinyola\/wp-content\/uploads\/usu2190\/2020\/09\/20200904_115242-2-200x150.jpg 200w\" sizes=\"auto, (max-width: 600px) 100vw, 600px\" \/><\/a><\/p>\n<p>A m\u00e9s a m\u00e9s, si algun\/a alumne\/a s&#8217;hagu\u00e9s d&#8217;estar a casa en a\u00efllament preventiu perqu\u00e8 al seu grup estable de l&#8217;escola de prim\u00e0ria s&#8217;ha confirmat un positiu en COVID-19, <strong>es garantir\u00e0 que pugui seguir fent m\u00fasica<\/strong> a dist\u00e0ncia mitjan\u00e7ant les eines de la <strong>G Suite for Education\u00a0<\/strong>de Google, un paquet de programes inform\u00e0tics per a centres educatius que ens facilitaran la doc\u00e8ncia virtual.<\/p>\n","protected":false},"excerpt":{"rendered":"<p>Aquestes setmanes ens trobem ultimant els preparatius per al nou curs 2020-21. Al llarg dels propers dies l&#8217;Escola de M\u00fasica experimentar\u00e0 canvis en la distribuci\u00f3 de les aules, canvis en els protocols de neteja i manteniment, canvis en l&#8217;equip docent, canvis en l&#8217;equipament, etc., tot&hellip;  <a href=\"https:\/\/agora.xtec.cat\/escolamusicalinyola\/general\/nou-curs-20-21\/\" title=\"Read Ultimant els preparatius per al nou curs\">Llegeix m\u00e9s\u00bb<\/a><\/p>\n","protected":false},"author":1,"featured_media":908,"comment_status":"open","ping_status":"closed","sticky":false,"template":"","format":"standard","meta":{"_bbp_topic_count":0,"_bbp_reply_count":0,"_bbp_total_topic_count":0,"_bbp_total_reply_count":0,"_bbp_voice_count":0,"_bbp_anonymous_reply_count":0,"_bbp_topic_count_hidden":0,"_bbp_reply_count_hidden":0,"_bbp_forum_subforum_count":0,"footnotes":""},"categories":[1,29],"tags":[106,141,142],"class_list":["post-902","post","type-post","status-publish","format-standard","has-post-thumbnail","hentry","category-general","category-portada","tag-coronavirus","tag-curs-2020-21","tag-preparatius"],"post_mailing_queue_ids":[],"_links":{"self":[{"href":"https:\/\/agora.xtec.cat\/escolamusicalinyola\/wp-json\/wp\/v2\/posts\/902","targetHints":{"allow":["GET"]}}],"collection":[{"href":"https:\/\/agora.xtec.cat\/escolamusicalinyola\/wp-json\/wp\/v2\/posts"}],"about":[{"href":"https:\/\/agora.xtec.cat\/escolamusicalinyola\/wp-json\/wp\/v2\/types\/post"}],"author":[{"embeddable":true,"href":"https:\/\/agora.xtec.cat\/escolamusicalinyola\/wp-json\/wp\/v2\/users\/1"}],"replies":[{"embeddable":true,"href":"https:\/\/agora.xtec.cat\/escolamusicalinyola\/wp-json\/wp\/v2\/comments?post=902"}],"version-history":[{"count":3,"href":"https:\/\/agora.xtec.cat\/escolamusicalinyola\/wp-json\/wp\/v2\/posts\/902\/revisions"}],"predecessor-version":[{"id":925,"href":"https:\/\/agora.xtec.cat\/escolamusicalinyola\/wp-json\/wp\/v2\/posts\/902\/revisions\/925"}],"wp:featuredmedia":[{"embeddable":true,"href":"https:\/\/agora.xtec.cat\/escolamusicalinyola\/wp-json\/wp\/v2\/media\/908"}],"wp:attachment":[{"href":"https:\/\/agora.xtec.cat\/escolamusicalinyola\/wp-json\/wp\/v2\/media?parent=902"}],"wp:term":[{"taxonomy":"category","embeddable":true,"href":"https:\/\/agora.xtec.cat\/escolamusicalinyola\/wp-json\/wp\/v2\/categories?post=902"},{"taxonomy":"post_tag","embeddable":true,"href":"https:\/\/agora.xtec.cat\/escolamusicalinyola\/wp-json\/wp\/v2\/tags?post=902"}],"curies":[{"name":"wp","href":"https:\/\/api.w.org\/{rel}","templated":true}]}}