{"id":2777,"date":"2025-11-07T10:43:14","date_gmt":"2025-11-07T09:43:14","guid":{"rendered":"https:\/\/agora.xtec.cat\/escolamusicalinyola\/?p=2777"},"modified":"2025-11-07T10:50:31","modified_gmt":"2025-11-07T09:50:31","slug":"setmana-de-santa-cecilia-a-lescola-de-musica-2025","status":"publish","type":"post","link":"https:\/\/agora.xtec.cat\/escolamusicalinyola\/general\/setmana-de-santa-cecilia-a-lescola-de-musica-2025\/","title":{"rendered":"Setmana de Santa Cec\u00edlia a l&#8217;Escola de M\u00fasica 2025"},"content":{"rendered":"<p><img loading=\"lazy\" decoding=\"async\" class=\"alignnone size-full wp-image-2778\" src=\"https:\/\/agora.xtec.cat\/escolamusicalinyola\/wp-content\/uploads\/usu2190\/2025\/11\/Santa-Cecilia-2025.jpg\" alt=\"\" width=\"1414\" height=\"2000\" srcset=\"https:\/\/agora.xtec.cat\/escolamusicalinyola\/wp-content\/uploads\/usu2190\/2025\/11\/Santa-Cecilia-2025.jpg 1414w, https:\/\/agora.xtec.cat\/escolamusicalinyola\/wp-content\/uploads\/usu2190\/2025\/11\/Santa-Cecilia-2025-212x300.jpg 212w, https:\/\/agora.xtec.cat\/escolamusicalinyola\/wp-content\/uploads\/usu2190\/2025\/11\/Santa-Cecilia-2025-724x1024.jpg 724w, https:\/\/agora.xtec.cat\/escolamusicalinyola\/wp-content\/uploads\/usu2190\/2025\/11\/Santa-Cecilia-2025-768x1086.jpg 768w, https:\/\/agora.xtec.cat\/escolamusicalinyola\/wp-content\/uploads\/usu2190\/2025\/11\/Santa-Cecilia-2025-1086x1536.jpg 1086w\" sizes=\"auto, (max-width: 1414px) 100vw, 1414px\" \/><\/p>\n<p>Amb motiu de Santa Cec\u00edlia, patrona de la m\u00fasica, us convidem a participar en les activitats especials que hem preparat per celebrar aquesta setmana tan significativa per a la nostra escola.<\/p>\n<p><strong><span style=\"font-size: large;\">Dimecres 12 de novembre<\/span><\/strong><\/p>\n<p><strong>Taller d&#8217;iniciaci\u00f3 al Beatbox<\/strong>\u00a0a c\u00e0rrec de\u00a0<em>Guillem Cardona\u00a0<\/em>dirigit a l&#8217;alumnat de Conjunt vocal i Batucada jove (NE i NM). Campi\u00f3 d&#8217;Espanya 2022 i Top 8 al campionat de Tokio 2024, tenim la sort de gaudir una iniciaci\u00f3 amb ell d&#8217;aquesta disciplina. L&#8217;activitat ser\u00e0 a la sala d&#8217;audicions de 18.00 a 19.30 h.<\/p>\n<p><strong><span style=\"font-size: large;\">Diumenge 16 de novembre<\/span><\/strong><\/p>\n<p><strong>Sortida al Palau de la M\u00fasica Catalana de Barcelona<\/strong><br \/>\nConcert familiar:\u00a0<em>&#8220;Volem amb Txaikovski&#8221;<\/em><\/p>\n<p>Sortida organitzada per l\u2019AFASona. Una molt bona oportunitat per gaudir d\u2019un concert de qualitat en un espai emblem\u00e0tic del nostre pa\u00eds. Si no us vau poder inscriure amb el grup, us animem igualment a assistir-hi pel vostre compte.\u00a0<strong>Ens hi veurem!<\/strong><\/p>\n<p><strong><span style=\"font-size: large;\">Dimarts 18, dimecres 19 i dijous 20 de novembre<\/span><\/strong><\/p>\n<p><strong>Audicions obertes al p\u00fablic a c\u00e0rrec de l\u2019alumnat<\/strong><\/p>\n<p>Veniu a gaudir de la m\u00fasica i acompanyar l\u2019alumnat en aquest moment especial per a tota la comunitat educativa i per al poble.<\/p>\n<p>Les audicions seran a la Sala d&#8217;audicions (1er pis de l&#8217;edifici Cal Formiguera) i s&#8217;inclouen com a activitats del Passaport Edunauta.<\/p>\n<p>&nbsp;<\/p>\n<p>Us animem a venir a gaudir-ne!<\/p>\n","protected":false},"excerpt":{"rendered":"<p>Amb motiu de Santa Cec\u00edlia, patrona de la m\u00fasica, us convidem a participar en les activitats especials que hem preparat per celebrar aquesta setmana tan significativa per a la nostra escola.<br \/>\nDimecres 12 de novembre<br \/>\nTaller d&#8217;iniciaci\u00f3 al Beatbox\u00a0a c\u00e0rrec de\u00a0Guillem Cardona\u00a0dirigit a l&#8217;alumnat de Conjunt vocal&hellip;  <a href=\"https:\/\/agora.xtec.cat\/escolamusicalinyola\/general\/setmana-de-santa-cecilia-a-lescola-de-musica-2025\/\" title=\"Read Setmana de Santa Cec\u00edlia a l&#8217;Escola de M\u00fasica 2025\">Llegeix m\u00e9s\u00bb<\/a><\/p>\n","protected":false},"author":1,"featured_media":2778,"comment_status":"closed","ping_status":"closed","sticky":false,"template":"","format":"standard","meta":{"_bbp_topic_count":0,"_bbp_reply_count":0,"_bbp_total_topic_count":0,"_bbp_total_reply_count":0,"_bbp_voice_count":0,"_bbp_anonymous_reply_count":0,"_bbp_topic_count_hidden":0,"_bbp_reply_count_hidden":0,"_bbp_forum_subforum_count":0,"footnotes":""},"categories":[1,29],"tags":[],"class_list":["post-2777","post","type-post","status-publish","format-standard","has-post-thumbnail","hentry","category-general","category-portada"],"post_mailing_queue_ids":[],"_links":{"self":[{"href":"https:\/\/agora.xtec.cat\/escolamusicalinyola\/wp-json\/wp\/v2\/posts\/2777","targetHints":{"allow":["GET"]}}],"collection":[{"href":"https:\/\/agora.xtec.cat\/escolamusicalinyola\/wp-json\/wp\/v2\/posts"}],"about":[{"href":"https:\/\/agora.xtec.cat\/escolamusicalinyola\/wp-json\/wp\/v2\/types\/post"}],"author":[{"embeddable":true,"href":"https:\/\/agora.xtec.cat\/escolamusicalinyola\/wp-json\/wp\/v2\/users\/1"}],"replies":[{"embeddable":true,"href":"https:\/\/agora.xtec.cat\/escolamusicalinyola\/wp-json\/wp\/v2\/comments?post=2777"}],"version-history":[{"count":4,"href":"https:\/\/agora.xtec.cat\/escolamusicalinyola\/wp-json\/wp\/v2\/posts\/2777\/revisions"}],"predecessor-version":[{"id":2782,"href":"https:\/\/agora.xtec.cat\/escolamusicalinyola\/wp-json\/wp\/v2\/posts\/2777\/revisions\/2782"}],"wp:featuredmedia":[{"embeddable":true,"href":"https:\/\/agora.xtec.cat\/escolamusicalinyola\/wp-json\/wp\/v2\/media\/2778"}],"wp:attachment":[{"href":"https:\/\/agora.xtec.cat\/escolamusicalinyola\/wp-json\/wp\/v2\/media?parent=2777"}],"wp:term":[{"taxonomy":"category","embeddable":true,"href":"https:\/\/agora.xtec.cat\/escolamusicalinyola\/wp-json\/wp\/v2\/categories?post=2777"},{"taxonomy":"post_tag","embeddable":true,"href":"https:\/\/agora.xtec.cat\/escolamusicalinyola\/wp-json\/wp\/v2\/tags?post=2777"}],"curies":[{"name":"wp","href":"https:\/\/api.w.org\/{rel}","templated":true}]}}