{"id":1073,"date":"2021-01-01T12:00:13","date_gmt":"2021-01-01T11:00:13","guid":{"rendered":"https:\/\/agora.xtec.cat\/escolamusicalinyola\/?p=1073"},"modified":"2021-12-20T19:54:41","modified_gmt":"2021-12-20T18:54:41","slug":"seccio-barret-picat-243","status":"publish","type":"post","link":"https:\/\/agora.xtec.cat\/escolamusicalinyola\/general\/seccio-barret-picat-243\/","title":{"rendered":"La secci\u00f3 al Barret Picat n. 243"},"content":{"rendered":"<p>A finals de desembre va publicar-se el n\u00famero 243 de la revista <strong>Barret Picat<\/strong>. A continuaci\u00f3 podreu veure la nostra secci\u00f3:<\/p>\n<blockquote>\n<h2>Tres setmanes tancats<\/h2>\n<p>El passat divendres 30 d\u2019octubre va entrar en vigor una nova resoluci\u00f3 que modificava les mesures per a la contenci\u00f3 del brot epid\u00e8mic de COVID-19 a Catalunya durant un m\u00ednim de dues setmanes.<\/p>\n<p>El primer anunci sobre les noves mesures ens va deixar for\u00e7a tranquils, ja que especificava que els ensenyaments de r\u00e8gim especial (\u00e9s a dir, escoles de m\u00fasica i conservatoris) podrien mantenir l\u2019activitat presencial.<\/p>\n<p><img loading=\"lazy\" decoding=\"async\" class=\"alignnone wp-image-1074\" src=\"https:\/\/agora.xtec.cat\/escolamusicalinyola\/wp-content\/uploads\/usu2190\/2021\/01\/L\u00c0lex-a-classe-de-piano-1024x768.jpg\" alt=\"\" width=\"500\" height=\"375\" srcset=\"https:\/\/agora.xtec.cat\/escolamusicalinyola\/wp-content\/uploads\/usu2190\/2021\/01\/L\u00c0lex-a-classe-de-piano-1024x768.jpg 1024w, https:\/\/agora.xtec.cat\/escolamusicalinyola\/wp-content\/uploads\/usu2190\/2021\/01\/L\u00c0lex-a-classe-de-piano-300x225.jpg 300w, https:\/\/agora.xtec.cat\/escolamusicalinyola\/wp-content\/uploads\/usu2190\/2021\/01\/L\u00c0lex-a-classe-de-piano-768x576.jpg 768w, https:\/\/agora.xtec.cat\/escolamusicalinyola\/wp-content\/uploads\/usu2190\/2021\/01\/L\u00c0lex-a-classe-de-piano-200x150.jpg 200w\" sizes=\"auto, (max-width: 500px) 100vw, 500px\" \/><\/p>\n<p>Tanmateix, la publicaci\u00f3 definitiva va afegir un mat\u00eds que no podia llegir-se als documents provisionals. Ara resultava que nom\u00e9s podien mantenir l\u2019activitat presencial els centres que impartissin ensenyaments de r\u00e8gim especial reglats, la qual cosa exclo\u00efa les escoles de m\u00fasica del conjunt perqu\u00e8 s\u00f3n centres d\u2019ensenyaments de r\u00e8gim especial no-reglats.<\/p>\n<p>La not\u00edcia, evidentment, va ser un gerro d\u2019aigua freda, no tant pel fet d\u2019haver de prendre mesures per a evitar la propagaci\u00f3 del coronavirus (fins aqu\u00ed, podr\u00edem estar-hi d\u2019acord), sin\u00f3 pel greuge comparatiu que es produ\u00efa entre els nostres ensenyaments i els altres. Malgrat que no hi havia cap registre de contagis en escoles de m\u00fasica; malgrat la feina que s\u2019havia fet durant l\u2019estiu per a adaptar espais, grups i, en definitiva, vetllar per la seguretat de tothom sense deixar d\u2019oferir un ensenyament presencial i de qualitat; malgrat l\u2019elaboraci\u00f3 d\u2019un Pla d\u2019organitzaci\u00f3 basat en les mateixes directrius que escoles i instituts; les escoles de m\u00fasica van ser l\u2019\u00fanica pe\u00e7a del sistema educatiu for\u00e7ada a tancar.<\/p>\n<h2>Les classes telem\u00e0tiques<\/h2>\n<p>A difer\u00e8ncia del curs passat, aquest curs tothom sabia que era molt probable que en algun moment hagu\u00e9ssim d\u2019impartir l\u2019ensenyament a dist\u00e0ncia, per moltes mesures que es prenguessin durant les sessions presencials.<\/p>\n<p>\u00c9s per aix\u00f2 que tan bon punt va entrar en vigor la resoluci\u00f3 esmentada vam posar en marxa tot el conjunt d\u2019eines telem\u00e0tiques que hav\u00edem pogut obtenir abans de comen\u00e7ar el curs i, aix\u00ed, professorat i alumnat, tothom amb el seu usuari de centre, va poder comen\u00e7ar a treballar amb Classroom, Meet, Gmail, etc., des del primer dia.<\/p>\n<p>Amb la premissa de mantenir l\u2019horari assignat a principi de curs i fer totes les sessions virtuals a temps real, amb la possibilitat de realitzar algunes tasques complement\u00e0ries si convenia, durant aquest nou tancament van poder-se realitzar totes les assignatures amb for\u00e7a \u00e8xit. Si m\u00e9s no, l\u2019equip docent de l\u2019Escola de M\u00fasica va estar al peu del can\u00f3 des del primer instant, donant servei i atenent les diferents situacions amb dedicaci\u00f3 i professionalitat, i tots i totes fem una valoraci\u00f3 positiva del per\u00edode.<\/p>\n<h2>Tornem a l\u2019escola de m\u00fasica!<\/h2>\n<p>Tamb\u00e9 a difer\u00e8ncia del curs passat (recordem que al mar\u00e7 van anunciar el tancament dels centres educatius durant dues setmanes per\u00f2 al final van ser els tres mesos que quedaven fins a acabar el curs), aquest cop el tancament s\u00ed que va ser temporal, ja que el 21 de novembre entrava en vigor una nova resoluci\u00f3 que permetia tornar a oferir ensenyament presencial tamb\u00e9 als ensenyaments de r\u00e8gim especial no-reglats.<\/p>\n<p><img loading=\"lazy\" decoding=\"async\" class=\"alignnone wp-image-1075\" src=\"https:\/\/agora.xtec.cat\/escolamusicalinyola\/wp-content\/uploads\/usu2190\/2021\/01\/LAleix-a-classe-de-bateria-1024x768.jpg\" alt=\"\" width=\"500\" height=\"375\" srcset=\"https:\/\/agora.xtec.cat\/escolamusicalinyola\/wp-content\/uploads\/usu2190\/2021\/01\/LAleix-a-classe-de-bateria-1024x768.jpg 1024w, https:\/\/agora.xtec.cat\/escolamusicalinyola\/wp-content\/uploads\/usu2190\/2021\/01\/LAleix-a-classe-de-bateria-300x225.jpg 300w, https:\/\/agora.xtec.cat\/escolamusicalinyola\/wp-content\/uploads\/usu2190\/2021\/01\/LAleix-a-classe-de-bateria-768x576.jpg 768w, https:\/\/agora.xtec.cat\/escolamusicalinyola\/wp-content\/uploads\/usu2190\/2021\/01\/LAleix-a-classe-de-bateria-200x150.jpg 200w\" sizes=\"auto, (max-width: 500px) 100vw, 500px\" \/><\/p>\n<p>Finalment, doncs, el tancament havia durat unes tres setmanes, i des del 23 de novembre ja podem tornar a fer classes presencials a l\u2019Escola de M\u00fasica, amb totes les mesures que ja s\u2019aplicaven des del setembre i amb grups d\u2019un m\u00e0xim de 6 alumnes per aula.<\/p>\n<p>Ara toca esperar (i tamb\u00e9 contribuir) que l\u2019evoluci\u00f3 de la pand\u00e8mia sigui favorable, per\u00f2 sigui quina sigui la situaci\u00f3 estarem preparats per a fer-hi front.<\/p><\/blockquote>\n","protected":false},"excerpt":{"rendered":"<p>A finals de desembre va publicar-se el n\u00famero 243 de la revista Barret Picat. A continuaci\u00f3 podreu veure la nostra secci\u00f3:&hellip;  <a href=\"https:\/\/agora.xtec.cat\/escolamusicalinyola\/general\/seccio-barret-picat-243\/\" title=\"Read La secci\u00f3 al Barret Picat n. 243\">Llegeix m\u00e9s\u00bb<\/a><\/p>\n","protected":false},"author":1,"featured_media":1075,"comment_status":"open","ping_status":"closed","sticky":false,"template":"","format":"standard","meta":{"_bbp_topic_count":0,"_bbp_reply_count":0,"_bbp_total_topic_count":0,"_bbp_total_reply_count":0,"_bbp_voice_count":0,"_bbp_anonymous_reply_count":0,"_bbp_topic_count_hidden":0,"_bbp_reply_count_hidden":0,"_bbp_forum_subforum_count":0,"footnotes":""},"categories":[1,29],"tags":[146,149,106,105,141,158,145],"class_list":["post-1073","post","type-post","status-publish","format-standard","has-post-thumbnail","hentry","category-general","category-portada","tag-barret-picat","tag-classes-telematiques","tag-coronavirus","tag-covid-19","tag-curs-2020-21","tag-escola-de-musica","tag-revista"],"post_mailing_queue_ids":[],"_links":{"self":[{"href":"https:\/\/agora.xtec.cat\/escolamusicalinyola\/wp-json\/wp\/v2\/posts\/1073","targetHints":{"allow":["GET"]}}],"collection":[{"href":"https:\/\/agora.xtec.cat\/escolamusicalinyola\/wp-json\/wp\/v2\/posts"}],"about":[{"href":"https:\/\/agora.xtec.cat\/escolamusicalinyola\/wp-json\/wp\/v2\/types\/post"}],"author":[{"embeddable":true,"href":"https:\/\/agora.xtec.cat\/escolamusicalinyola\/wp-json\/wp\/v2\/users\/1"}],"replies":[{"embeddable":true,"href":"https:\/\/agora.xtec.cat\/escolamusicalinyola\/wp-json\/wp\/v2\/comments?post=1073"}],"version-history":[{"count":3,"href":"https:\/\/agora.xtec.cat\/escolamusicalinyola\/wp-json\/wp\/v2\/posts\/1073\/revisions"}],"predecessor-version":[{"id":1390,"href":"https:\/\/agora.xtec.cat\/escolamusicalinyola\/wp-json\/wp\/v2\/posts\/1073\/revisions\/1390"}],"wp:featuredmedia":[{"embeddable":true,"href":"https:\/\/agora.xtec.cat\/escolamusicalinyola\/wp-json\/wp\/v2\/media\/1075"}],"wp:attachment":[{"href":"https:\/\/agora.xtec.cat\/escolamusicalinyola\/wp-json\/wp\/v2\/media?parent=1073"}],"wp:term":[{"taxonomy":"category","embeddable":true,"href":"https:\/\/agora.xtec.cat\/escolamusicalinyola\/wp-json\/wp\/v2\/categories?post=1073"},{"taxonomy":"post_tag","embeddable":true,"href":"https:\/\/agora.xtec.cat\/escolamusicalinyola\/wp-json\/wp\/v2\/tags?post=1073"}],"curies":[{"name":"wp","href":"https:\/\/api.w.org\/{rel}","templated":true}]}}