{"id":5790,"date":"2025-06-03T12:38:22","date_gmt":"2025-06-03T10:38:22","guid":{"rendered":"https:\/\/agora.xtec.cat\/escolamuntanyola\/?p=5790"},"modified":"2025-06-03T12:38:22","modified_gmt":"2025-06-03T10:38:22","slug":"segona-edicio-del-vermut-literari-de-lescola","status":"publish","type":"post","link":"https:\/\/agora.xtec.cat\/escolamuntanyola\/general\/segona-edicio-del-vermut-literari-de-lescola\/","title":{"rendered":"SEGONA EDICI\u00d3 DEL VERMUT LITERARI DE L&#8217;ESCOLA !"},"content":{"rendered":"<p data-sourcepos=\"9:1-9:282\">Les mestres de la nostra escola van celebrar ahir, 30 de maig, la segona edici\u00f3 del ja consolidat <strong>Vermut Literari<\/strong>, una iniciativa que ha demostrat ser un \u00e8xit rotund entre el claustre.<\/p>\n<p data-sourcepos=\"11:1-11:518\">Aquesta activitat, molt ben rebuda per tothom, t\u00e9 un concepte senzill i alhora engrescador: cada participant porta un llibre del qual es vol desprendre per intercanviar-lo per una nova joia liter\u00e0ria. La clau de l&#8217;\u00e8xit resideix en un aspecte fonamental: abans de l&#8217;intercanvi, cada mestra fa un breu per\u00f2 motivador resum del seu llibre, despertant la curiositat i les ganes de llegir-lo entre les seves companyes. L&#8217;objectiu \u00e9s clar: que tothom s&#8217;endugui a casa un llibre diferent, amb una nova hist\u00f2ria per descobrir.<\/p>\n<p data-sourcepos=\"15:1-15:294\">Des de l&#8217;organitzaci\u00f3 destaquen la import\u00e0ncia d&#8217;aquest tipus d&#8217;iniciatives. &#8220;Som l&#8217;exemple per als nostres alumnes&#8221;, comentava una de les impulsores del Vermut Literari. &#8220;Si nosaltres, com a docents, mostrem entusiasme per la lectura, \u00e9s molt m\u00e9s f\u00e0cil transmetre&#8217;l als infants i adolescents.&#8221;<\/p>\n<p data-sourcepos=\"17:1-17:226\">Amb dues edicions consecutives marcades per l&#8217;\u00e8xit, el Vermut Literari s&#8217;estableix com una cita ineludible en el calendari escolar, demostrant que la millor manera d&#8217;impulsar la lectura \u00e9s vivint-la i compartint-la amb passi\u00f3.<\/p>\n<p data-sourcepos=\"17:1-17:226\"><a href=\"https:\/\/agora.xtec.cat\/escolamuntanyola\/wp-content\/uploads\/usu326\/2025\/06\/vermut-2.jpg\"><img loading=\"lazy\" decoding=\"async\" class=\"alignnone  wp-image-5792\" src=\"https:\/\/agora.xtec.cat\/escolamuntanyola\/wp-content\/uploads\/usu326\/2025\/06\/vermut-2-1024x519.jpg\" alt=\"\" width=\"371\" height=\"188\" srcset=\"https:\/\/agora.xtec.cat\/escolamuntanyola\/wp-content\/uploads\/usu326\/2025\/06\/vermut-2-1024x519.jpg 1024w, https:\/\/agora.xtec.cat\/escolamuntanyola\/wp-content\/uploads\/usu326\/2025\/06\/vermut-2-300x152.jpg 300w, https:\/\/agora.xtec.cat\/escolamuntanyola\/wp-content\/uploads\/usu326\/2025\/06\/vermut-2-768x390.jpg 768w, https:\/\/agora.xtec.cat\/escolamuntanyola\/wp-content\/uploads\/usu326\/2025\/06\/vermut-2.jpg 1045w\" sizes=\"auto, (max-width: 371px) 100vw, 371px\" \/>\u00a0 <\/a><a href=\"https:\/\/agora.xtec.cat\/escolamuntanyola\/wp-content\/uploads\/usu326\/2025\/06\/vermut-1.jpg\"><img loading=\"lazy\" decoding=\"async\" class=\"alignnone  wp-image-5791\" src=\"https:\/\/agora.xtec.cat\/escolamuntanyola\/wp-content\/uploads\/usu326\/2025\/06\/vermut-1-1024x697.jpg\" alt=\"\" width=\"277\" height=\"189\" srcset=\"https:\/\/agora.xtec.cat\/escolamuntanyola\/wp-content\/uploads\/usu326\/2025\/06\/vermut-1-1024x697.jpg 1024w, https:\/\/agora.xtec.cat\/escolamuntanyola\/wp-content\/uploads\/usu326\/2025\/06\/vermut-1-300x204.jpg 300w, https:\/\/agora.xtec.cat\/escolamuntanyola\/wp-content\/uploads\/usu326\/2025\/06\/vermut-1-768x523.jpg 768w, https:\/\/agora.xtec.cat\/escolamuntanyola\/wp-content\/uploads\/usu326\/2025\/06\/vermut-1.jpg 1047w\" sizes=\"auto, (max-width: 277px) 100vw, 277px\" \/><\/a><\/p>\n","protected":false},"excerpt":{"rendered":"<p>Les mestres de la nostra escola van celebrar ahir, 30 de maig, la segona edici\u00f3 del ja consolidat Vermut Literari, una iniciativa que ha demostrat ser un \u00e8xit rotund entre el claustre.<br \/>\nAquesta activitat, molt ben rebuda per tothom, t\u00e9 un concepte senzill i alhora engrescador:&hellip;  <a href=\"https:\/\/agora.xtec.cat\/escolamuntanyola\/general\/segona-edicio-del-vermut-literari-de-lescola\/\" title=\"Read SEGONA EDICI\u00d3 DEL VERMUT LITERARI DE L&#8217;ESCOLA !\">Llegeix m\u00e9s\u00bb<\/a><\/p>\n","protected":false},"author":8,"featured_media":0,"comment_status":"open","ping_status":"closed","sticky":false,"template":"","format":"standard","meta":{"_bbp_topic_count":0,"_bbp_reply_count":0,"_bbp_total_topic_count":0,"_bbp_total_reply_count":0,"_bbp_voice_count":0,"_bbp_anonymous_reply_count":0,"_bbp_topic_count_hidden":0,"_bbp_reply_count_hidden":0,"_bbp_forum_subforum_count":0,"footnotes":""},"categories":[1],"tags":[135,216,142],"class_list":["post-5790","post","type-post","status-publish","format-standard","hentry","category-general","tag-biblioteca","tag-gust-per-la-lectura","tag-mestres"],"post_mailing_queue_ids":[],"_links":{"self":[{"href":"https:\/\/agora.xtec.cat\/escolamuntanyola\/wp-json\/wp\/v2\/posts\/5790","targetHints":{"allow":["GET"]}}],"collection":[{"href":"https:\/\/agora.xtec.cat\/escolamuntanyola\/wp-json\/wp\/v2\/posts"}],"about":[{"href":"https:\/\/agora.xtec.cat\/escolamuntanyola\/wp-json\/wp\/v2\/types\/post"}],"author":[{"embeddable":true,"href":"https:\/\/agora.xtec.cat\/escolamuntanyola\/wp-json\/wp\/v2\/users\/8"}],"replies":[{"embeddable":true,"href":"https:\/\/agora.xtec.cat\/escolamuntanyola\/wp-json\/wp\/v2\/comments?post=5790"}],"version-history":[{"count":1,"href":"https:\/\/agora.xtec.cat\/escolamuntanyola\/wp-json\/wp\/v2\/posts\/5790\/revisions"}],"predecessor-version":[{"id":5793,"href":"https:\/\/agora.xtec.cat\/escolamuntanyola\/wp-json\/wp\/v2\/posts\/5790\/revisions\/5793"}],"wp:attachment":[{"href":"https:\/\/agora.xtec.cat\/escolamuntanyola\/wp-json\/wp\/v2\/media?parent=5790"}],"wp:term":[{"taxonomy":"category","embeddable":true,"href":"https:\/\/agora.xtec.cat\/escolamuntanyola\/wp-json\/wp\/v2\/categories?post=5790"},{"taxonomy":"post_tag","embeddable":true,"href":"https:\/\/agora.xtec.cat\/escolamuntanyola\/wp-json\/wp\/v2\/tags?post=5790"}],"curies":[{"name":"wp","href":"https:\/\/api.w.org\/{rel}","templated":true}]}}