{"id":7337,"date":"2021-06-14T14:16:33","date_gmt":"2021-06-14T12:16:33","guid":{"rendered":"http:\/\/agora.xtec.cat\/escolamunicipal-lasinia\/?p=7337"},"modified":"2021-06-14T14:16:33","modified_gmt":"2021-06-14T12:16:33","slug":"els-chistrangers-coneixem-a","status":"publish","type":"post","link":"https:\/\/agora.xtec.cat\/escolamunicipal-lasinia\/blogs-escola\/6e\/els-chistrangers-coneixem-a\/","title":{"rendered":"Els Chistrangers coneixem a&#8230;"},"content":{"rendered":"<p>A principis de febrer la classe de\u00a0<span class=\"hiddenSpellError\">6\u00e8C<\/span>\u00a0ten\u00edem el nom\u00a0<span class=\"hiddenGrammarError\">de <em>els<\/em><\/span><em>\u00a0<span class=\"hiddenGrammarError\">Da Vinci<\/span><\/em>, per\u00f2 vam decidir canviar-lo per\u00a0<strong><em><span class=\"hiddenSpellError\">Chistrangers<\/span><\/em><\/strong>, un nom que ens identifica m\u00e9s com a grup. Amb l&#8217;arribada d&#8217;aquest nou nom, tamb\u00e9 van arribar noves tradicions de grup. La m\u00e9s significativa ha sigut el <em>coneixem a&#8230;\u00a0<\/em><\/p>\n<p>Gr\u00e0cies a aquesta activitat, hem pogut\u00a0con\u00e8ixer\u00a0la<strong> Rosa\u00a0<span class=\"hiddenSpellError\">Park<\/span><\/strong>, una senyora d&#8217;<span class=\"hiddenGrammarError\">Estats Units<\/span> que es va rebel\u00b7lar contra la segregaci\u00f3 racial en un autobus. Gr\u00e0cies a la seva hist\u00f2ria hem pogut reflexionar sobre el racisme.<br \/>\nLa <strong>Laia<\/strong>, una nena de\u00a0<span class=\"hiddenGreenError\">14<\/span> anys amb S\u00edndrome de Down que juga a voleibol amb qui hem pogut reflexionar sobre els conceptes diversitat, l&#8217;equitat i el respecte.<br \/>\nL&#8217;<strong><span class=\"hiddenSpellError\">Alyssa<\/span><\/strong>, una adolescent molt tena\u00e7 de\u00a0<span class=\"hiddenGreenError\">17<\/span> anys que s&#8217;est\u00e0 preparant, des dels <span class=\"hiddenGreenError\">7<\/span> anys, per anar a Mart. Gr\u00e0cies a l&#8217;Alyssa vam poder reflexionar sobre la import\u00e0ncia de perseguir els somnis i lluitar per les coses que volem aconseguir a la vida.<br \/>\nLa\u00a0<strong><span class=\"hiddenSpellError\">Xana<\/span><\/strong>, una adolescent amb s\u00edndrome de Tourette que d\u00f3na visibilitat de la seva diversitat a les xarxes socials.<br \/>\nEl <strong>Carter<\/strong> i el\u00a0<strong><span class=\"hiddenSpellError\">Rowdy<\/span><\/strong>, un nen i el seu gos que tenen\u00a0<span class=\"hiddenSpellError\">vit\u00edligo una malaltia que afecta el color de la pell, amb els que vam poder reflexionar sobre els estereotips i els c\u00e0nons de bellesa<\/span>.<br \/>\nLes <strong>cinc germanes\u00a0<span class=\"hiddenSpellError\">Busby<\/span><\/strong>, amb les que vam poder reflexionar sobre la inseminaci\u00f3\u00a0<span class=\"hiddenSpellError\">in<\/span>&#8211;<span class=\"hiddenSpellError\">vitro<\/span>.<br \/>\nL&#8217;<strong><span class=\"hiddenSpellError\">Anne<\/span>\u00a0<span class=\"hiddenSpellError\">Frank<\/span><\/strong>\u00a0amb qui vam aprendre conceptes com &#8220;holocaust&#8221;, &#8220;Auschwitz&#8221; i &#8220;casa\u00a0<span class=\"hiddenGrammarError\">de atr\u00e1s<\/span>&#8220;.<br \/>\nLa <strong>J.K. Rowling<\/strong> amb qui vam poder reflexionar sobre la superaci\u00f3 personal.<br \/>\nLa <strong><span class=\"hiddenSpellError\">Conchita<\/span>\u00a0<span class=\"hiddenSpellError\">Wurst<\/span><\/strong>\u00a0amb qui vam poder reflexionar sobre els valors\u00a0<span class=\"hiddenSpellError\">LGBTTTIQ<\/span>.<\/p>\n<p>&nbsp;<\/p>\n<p>De totes les persones que hem anat coneixent durant el curs, en destaquem l&#8217;<strong>Alan.<\/strong> Un noi transexual de <span class=\"hiddenGreenError\">17<\/span> anys que va rebre assetjament escolar. Gr\u00e0cies a la hist\u00f2ria de l&#8217;Alan i la seva fam\u00edlia, ens vam unir com a grup i vam poder reflexionar sobre el bullying i el respecte entre els companys\/es. Per tancar aquella setmana, i acomiadar-nos de l&#8217;Alan, vam fer una activitat on hav\u00edem d&#8217;omplir un cor escrivint el nom d&#8217;aquelles persones que ens feien sentir plenes d&#8217;amor.<\/p>\n<p>Va ser una setmana dura, per\u00f2 ens vam adonar que&#8230; est\u00e0vem plens d&#8217;amor!<\/p>\n<p>&nbsp;<\/p>\n<p><a href=\"https:\/\/agora.xtec.cat\/escolamunicipal-lasinia\/wp-content\/uploads\/usu978\/2021\/06\/IMG-20210614-WA0007.jpg\"><img loading=\"lazy\" decoding=\"async\" class=\"alignnone size-large wp-image-7351\" src=\"https:\/\/agora.xtec.cat\/escolamunicipal-lasinia\/wp-content\/uploads\/usu978\/2021\/06\/IMG-20210614-WA0007-1024x766.jpg\" alt=\"\" width=\"1024\" height=\"766\" srcset=\"https:\/\/agora.xtec.cat\/escolamunicipal-lasinia\/wp-content\/uploads\/usu978\/2021\/06\/IMG-20210614-WA0007-1024x766.jpg 1024w, https:\/\/agora.xtec.cat\/escolamunicipal-lasinia\/wp-content\/uploads\/usu978\/2021\/06\/IMG-20210614-WA0007-300x224.jpg 300w, https:\/\/agora.xtec.cat\/escolamunicipal-lasinia\/wp-content\/uploads\/usu978\/2021\/06\/IMG-20210614-WA0007-768x575.jpg 768w, https:\/\/agora.xtec.cat\/escolamunicipal-lasinia\/wp-content\/uploads\/usu978\/2021\/06\/IMG-20210614-WA0007-200x150.jpg 200w, https:\/\/agora.xtec.cat\/escolamunicipal-lasinia\/wp-content\/uploads\/usu978\/2021\/06\/IMG-20210614-WA0007.jpg 1600w\" sizes=\"auto, (max-width: 1024px) 100vw, 1024px\" \/><\/a><\/p>\n","protected":false},"excerpt":{"rendered":"<p>A principis de febrer la classe de\u00a06\u00e8C\u00a0ten\u00edem el nom\u00a0de els\u00a0Da Vinci, per\u00f2 vam decidir canviar-lo per\u00a0Chistrangers, un nom que ens identifica m\u00e9s com a grup. Amb l&#8217;arribada d&#8217;aquest nou nom, tamb\u00e9 van arribar noves tradicions de grup. La m\u00e9s significativa ha sigut el coneixem a&#8230;\u00a0 Gr\u00e0cies a aquesta activitat, hem pogut\u00a0con\u00e8ixer\u00a0la Rosa\u00a0Park, una senyora d&#8217;Estats [&hellip;]<\/p>\n","protected":false},"author":1,"featured_media":7351,"comment_status":"open","ping_status":"closed","sticky":false,"template":"","format":"standard","meta":{"_bbp_topic_count":0,"_bbp_reply_count":0,"_bbp_total_topic_count":0,"_bbp_total_reply_count":0,"_bbp_voice_count":0,"_bbp_anonymous_reply_count":0,"_bbp_topic_count_hidden":0,"_bbp_reply_count_hidden":0,"_bbp_forum_subforum_count":0,"site-sidebar-layout":"default","site-content-layout":"","ast-site-content-layout":"","site-content-style":"default","site-sidebar-style":"default","ast-global-header-display":"","ast-banner-title-visibility":"","ast-main-header-display":"","ast-hfb-above-header-display":"","ast-hfb-below-header-display":"","ast-hfb-mobile-header-display":"","site-post-title":"","ast-breadcrumbs-content":"","ast-featured-img":"","footer-sml-layout":"","theme-transparent-header-meta":"","adv-header-id-meta":"","stick-header-meta":"","header-above-stick-meta":"","header-main-stick-meta":"","header-below-stick-meta":"","astra-migrate-meta-layouts":"default","ast-page-background-enabled":"default","ast-page-background-meta":{"desktop":{"background-color":"var(--ast-global-color-5)","background-image":"","background-repeat":"repeat","background-position":"center center","background-size":"auto","background-attachment":"scroll","background-type":"","background-media":"","overlay-type":"","overlay-color":"","overlay-opacity":"","overlay-gradient":""},"tablet":{"background-color":"","background-image":"","background-repeat":"repeat","background-position":"center center","background-size":"auto","background-attachment":"scroll","background-type":"","background-media":"","overlay-type":"","overlay-color":"","overlay-opacity":"","overlay-gradient":""},"mobile":{"background-color":"","background-image":"","background-repeat":"repeat","background-position":"center center","background-size":"auto","background-attachment":"scroll","background-type":"","background-media":"","overlay-type":"","overlay-color":"","overlay-opacity":"","overlay-gradient":""}},"ast-content-background-meta":{"desktop":{"background-color":"var(--ast-global-color-4)","background-image":"","background-repeat":"repeat","background-position":"center center","background-size":"auto","background-attachment":"scroll","background-type":"","background-media":"","overlay-type":"","overlay-color":"","overlay-opacity":"","overlay-gradient":""},"tablet":{"background-color":"var(--ast-global-color-4)","background-image":"","background-repeat":"repeat","background-position":"center center","background-size":"auto","background-attachment":"scroll","background-type":"","background-media":"","overlay-type":"","overlay-color":"","overlay-opacity":"","overlay-gradient":""},"mobile":{"background-color":"var(--ast-global-color-4)","background-image":"","background-repeat":"repeat","background-position":"center center","background-size":"auto","background-attachment":"scroll","background-type":"","background-media":"","overlay-type":"","overlay-color":"","overlay-opacity":"","overlay-gradient":""}},"footnotes":""},"categories":[62],"tags":[],"class_list":["post-7337","post","type-post","status-publish","format-standard","has-post-thumbnail","hentry","category-6e"],"post_mailing_queue_ids":[],"_links":{"self":[{"href":"https:\/\/agora.xtec.cat\/escolamunicipal-lasinia\/wp-json\/wp\/v2\/posts\/7337","targetHints":{"allow":["GET"]}}],"collection":[{"href":"https:\/\/agora.xtec.cat\/escolamunicipal-lasinia\/wp-json\/wp\/v2\/posts"}],"about":[{"href":"https:\/\/agora.xtec.cat\/escolamunicipal-lasinia\/wp-json\/wp\/v2\/types\/post"}],"author":[{"embeddable":true,"href":"https:\/\/agora.xtec.cat\/escolamunicipal-lasinia\/wp-json\/wp\/v2\/users\/1"}],"replies":[{"embeddable":true,"href":"https:\/\/agora.xtec.cat\/escolamunicipal-lasinia\/wp-json\/wp\/v2\/comments?post=7337"}],"version-history":[{"count":1,"href":"https:\/\/agora.xtec.cat\/escolamunicipal-lasinia\/wp-json\/wp\/v2\/posts\/7337\/revisions"}],"predecessor-version":[{"id":7352,"href":"https:\/\/agora.xtec.cat\/escolamunicipal-lasinia\/wp-json\/wp\/v2\/posts\/7337\/revisions\/7352"}],"wp:featuredmedia":[{"embeddable":true,"href":"https:\/\/agora.xtec.cat\/escolamunicipal-lasinia\/wp-json\/wp\/v2\/media\/7351"}],"wp:attachment":[{"href":"https:\/\/agora.xtec.cat\/escolamunicipal-lasinia\/wp-json\/wp\/v2\/media?parent=7337"}],"wp:term":[{"taxonomy":"category","embeddable":true,"href":"https:\/\/agora.xtec.cat\/escolamunicipal-lasinia\/wp-json\/wp\/v2\/categories?post=7337"},{"taxonomy":"post_tag","embeddable":true,"href":"https:\/\/agora.xtec.cat\/escolamunicipal-lasinia\/wp-json\/wp\/v2\/tags?post=7337"}],"curies":[{"name":"wp","href":"https:\/\/api.w.org\/{rel}","templated":true}]}}