{"id":7083,"date":"2021-05-04T16:51:41","date_gmt":"2021-05-04T14:51:41","guid":{"rendered":"http:\/\/agora.xtec.cat\/escolamunicipal-lasinia\/?p=7083"},"modified":"2021-05-04T16:51:41","modified_gmt":"2021-05-04T14:51:41","slug":"sortida-4t-park-guell","status":"publish","type":"post","link":"https:\/\/agora.xtec.cat\/escolamunicipal-lasinia\/portadageneral\/sortida-4t-park-guell\/","title":{"rendered":"Sortida 4t: Park G\u00fcell"},"content":{"rendered":"<div class=\"bloc-texte\">\n<p style=\"text-align: left;\"><a href=\"https:\/\/agora.xtec.cat\/escolamunicipal-lasinia\/wp-content\/uploads\/usu978\/2021\/04\/IMG_20210419_111537.jpg\"><img loading=\"lazy\" decoding=\"async\" class=\"wp-image-7086 alignleft\" src=\"https:\/\/agora.xtec.cat\/escolamunicipal-lasinia\/wp-content\/uploads\/usu978\/2021\/04\/IMG_20210419_111537-1024x768.jpg\" alt=\"\" width=\"367\" height=\"276\" srcset=\"https:\/\/agora.xtec.cat\/escolamunicipal-lasinia\/wp-content\/uploads\/usu978\/2021\/04\/IMG_20210419_111537-1024x768.jpg 1024w, https:\/\/agora.xtec.cat\/escolamunicipal-lasinia\/wp-content\/uploads\/usu978\/2021\/04\/IMG_20210419_111537-300x225.jpg 300w, https:\/\/agora.xtec.cat\/escolamunicipal-lasinia\/wp-content\/uploads\/usu978\/2021\/04\/IMG_20210419_111537-768x576.jpg 768w, https:\/\/agora.xtec.cat\/escolamunicipal-lasinia\/wp-content\/uploads\/usu978\/2021\/04\/IMG_20210419_111537-200x150.jpg 200w\" sizes=\"auto, (max-width: 367px) 100vw, 367px\" \/><\/a>Antoni Gaud\u00ed es un dels genis m\u00e9s importants de la nostra hist\u00f2ria i no pod\u00edem passar per alt fer aquesta visita per descobrir una de les seves obres m\u00e9s importants.<\/p>\n<p style=\"text-align: left;\">Aquesta sortida ens va permetre analitzar el projecte d&#8217;urbanitzaci\u00f3 de luxe que van idear Gaud\u00ed i G\u00fcell, i reflexionar sobre el frac\u00e0s del seu somni.<\/p>\n<p style=\"text-align: left;\">Vam poder relacionar el Park G\u00fcell amb la ciutat de Barcelona i la societat d&#8217;aquella \u00e8poca, aix\u00ed com tamb\u00e9 els vincles entre l&#8217;espai natural i el projecte urban\u00edstic i arquitect\u00f2nic de Gaud\u00ed.<\/p>\n<p><a href=\"https:\/\/photos.app.goo.gl\/nnKeJRBdwQnqGCmf6\">Aqu\u00ed teniu l&#8217;enlla\u00e7 per veure les fotos d&#8217;aquesta visita<\/a><\/p>\n<\/div>\n","protected":false},"excerpt":{"rendered":"<p>Antoni Gaud\u00ed es un dels genis m\u00e9s importants de la nostra hist\u00f2ria i no pod\u00edem passar per alt fer aquesta visita per descobrir una de les seves obres m\u00e9s importants. Aquesta sortida ens va permetre analitzar el projecte d&#8217;urbanitzaci\u00f3 de luxe que van idear Gaud\u00ed i G\u00fcell, i reflexionar sobre el frac\u00e0s del seu somni. [&hellip;]<\/p>\n","protected":false},"author":1,"featured_media":7086,"comment_status":"open","ping_status":"closed","sticky":false,"template":"","format":"standard","meta":{"_bbp_topic_count":0,"_bbp_reply_count":0,"_bbp_total_topic_count":0,"_bbp_total_reply_count":0,"_bbp_voice_count":0,"_bbp_anonymous_reply_count":0,"_bbp_topic_count_hidden":0,"_bbp_reply_count_hidden":0,"_bbp_forum_subforum_count":0,"site-sidebar-layout":"default","site-content-layout":"","ast-site-content-layout":"","site-content-style":"default","site-sidebar-style":"default","ast-global-header-display":"","ast-banner-title-visibility":"","ast-main-header-display":"","ast-hfb-above-header-display":"","ast-hfb-below-header-display":"","ast-hfb-mobile-header-display":"","site-post-title":"","ast-breadcrumbs-content":"","ast-featured-img":"","footer-sml-layout":"","theme-transparent-header-meta":"","adv-header-id-meta":"","stick-header-meta":"","header-above-stick-meta":"","header-main-stick-meta":"","header-below-stick-meta":"","astra-migrate-meta-layouts":"default","ast-page-background-enabled":"default","ast-page-background-meta":{"desktop":{"background-color":"var(--ast-global-color-5)","background-image":"","background-repeat":"repeat","background-position":"center center","background-size":"auto","background-attachment":"scroll","background-type":"","background-media":"","overlay-type":"","overlay-color":"","overlay-opacity":"","overlay-gradient":""},"tablet":{"background-color":"","background-image":"","background-repeat":"repeat","background-position":"center center","background-size":"auto","background-attachment":"scroll","background-type":"","background-media":"","overlay-type":"","overlay-color":"","overlay-opacity":"","overlay-gradient":""},"mobile":{"background-color":"","background-image":"","background-repeat":"repeat","background-position":"center center","background-size":"auto","background-attachment":"scroll","background-type":"","background-media":"","overlay-type":"","overlay-color":"","overlay-opacity":"","overlay-gradient":""}},"ast-content-background-meta":{"desktop":{"background-color":"var(--ast-global-color-4)","background-image":"","background-repeat":"repeat","background-position":"center center","background-size":"auto","background-attachment":"scroll","background-type":"","background-media":"","overlay-type":"","overlay-color":"","overlay-opacity":"","overlay-gradient":""},"tablet":{"background-color":"var(--ast-global-color-4)","background-image":"","background-repeat":"repeat","background-position":"center center","background-size":"auto","background-attachment":"scroll","background-type":"","background-media":"","overlay-type":"","overlay-color":"","overlay-opacity":"","overlay-gradient":""},"mobile":{"background-color":"var(--ast-global-color-4)","background-image":"","background-repeat":"repeat","background-position":"center center","background-size":"auto","background-attachment":"scroll","background-type":"","background-media":"","overlay-type":"","overlay-color":"","overlay-opacity":"","overlay-gradient":""}},"footnotes":""},"categories":[1],"tags":[],"class_list":["post-7083","post","type-post","status-publish","format-standard","has-post-thumbnail","hentry","category-portadageneral"],"post_mailing_queue_ids":[],"_links":{"self":[{"href":"https:\/\/agora.xtec.cat\/escolamunicipal-lasinia\/wp-json\/wp\/v2\/posts\/7083","targetHints":{"allow":["GET"]}}],"collection":[{"href":"https:\/\/agora.xtec.cat\/escolamunicipal-lasinia\/wp-json\/wp\/v2\/posts"}],"about":[{"href":"https:\/\/agora.xtec.cat\/escolamunicipal-lasinia\/wp-json\/wp\/v2\/types\/post"}],"author":[{"embeddable":true,"href":"https:\/\/agora.xtec.cat\/escolamunicipal-lasinia\/wp-json\/wp\/v2\/users\/1"}],"replies":[{"embeddable":true,"href":"https:\/\/agora.xtec.cat\/escolamunicipal-lasinia\/wp-json\/wp\/v2\/comments?post=7083"}],"version-history":[{"count":3,"href":"https:\/\/agora.xtec.cat\/escolamunicipal-lasinia\/wp-json\/wp\/v2\/posts\/7083\/revisions"}],"predecessor-version":[{"id":7110,"href":"https:\/\/agora.xtec.cat\/escolamunicipal-lasinia\/wp-json\/wp\/v2\/posts\/7083\/revisions\/7110"}],"wp:featuredmedia":[{"embeddable":true,"href":"https:\/\/agora.xtec.cat\/escolamunicipal-lasinia\/wp-json\/wp\/v2\/media\/7086"}],"wp:attachment":[{"href":"https:\/\/agora.xtec.cat\/escolamunicipal-lasinia\/wp-json\/wp\/v2\/media?parent=7083"}],"wp:term":[{"taxonomy":"category","embeddable":true,"href":"https:\/\/agora.xtec.cat\/escolamunicipal-lasinia\/wp-json\/wp\/v2\/categories?post=7083"},{"taxonomy":"post_tag","embeddable":true,"href":"https:\/\/agora.xtec.cat\/escolamunicipal-lasinia\/wp-json\/wp\/v2\/tags?post=7083"}],"curies":[{"name":"wp","href":"https:\/\/api.w.org\/{rel}","templated":true}]}}