{"id":5094,"date":"2020-02-24T09:59:14","date_gmt":"2020-02-24T08:59:14","guid":{"rendered":"http:\/\/agora.xtec.cat\/escolamunicipal-lasinia\/?p=5094"},"modified":"2020-02-24T15:48:12","modified_gmt":"2020-02-24T14:48:12","slug":"setmana-cultural-divendres-2020","status":"publish","type":"post","link":"https:\/\/agora.xtec.cat\/escolamunicipal-lasinia\/portadageneral\/setmana-cultural-divendres-2020\/","title":{"rendered":"SETMANA CULTURAL &#8211; Divendres"},"content":{"rendered":"<p><img loading=\"lazy\" decoding=\"async\" class=\"aligncenter size-medium wp-image-5101\" src=\"https:\/\/agora.xtec.cat\/escolamunicipal-lasinia\/wp-content\/uploads\/usu978\/2020\/02\/WhatsApp-Image-2020-02-21-at-15.20.30-300x225.jpeg\" alt=\"\" width=\"300\" height=\"225\" srcset=\"https:\/\/agora.xtec.cat\/escolamunicipal-lasinia\/wp-content\/uploads\/usu978\/2020\/02\/WhatsApp-Image-2020-02-21-at-15.20.30-300x225.jpeg 300w, https:\/\/agora.xtec.cat\/escolamunicipal-lasinia\/wp-content\/uploads\/usu978\/2020\/02\/WhatsApp-Image-2020-02-21-at-15.20.30-768x576.jpeg 768w, https:\/\/agora.xtec.cat\/escolamunicipal-lasinia\/wp-content\/uploads\/usu978\/2020\/02\/WhatsApp-Image-2020-02-21-at-15.20.30-1024x768.jpeg 1024w, https:\/\/agora.xtec.cat\/escolamunicipal-lasinia\/wp-content\/uploads\/usu978\/2020\/02\/WhatsApp-Image-2020-02-21-at-15.20.30-200x150.jpeg 200w, https:\/\/agora.xtec.cat\/escolamunicipal-lasinia\/wp-content\/uploads\/usu978\/2020\/02\/WhatsApp-Image-2020-02-21-at-15.20.30.jpeg 1600w\" sizes=\"auto, (max-width: 300px) 100vw, 300px\" \/><\/p>\n<p>Ja tenim aqu\u00ed el &#8230; CARNAVAL!!!! Avui ha estat un dia ben especial pels infants. Aquesta tarda han vingut a l&#8217;escola exalumnes, i quin era el comentari que feien? &#8220;QU\u00c8 B\u00c9 ENS HO PASS\u00c0VEM!&#8221;. Qu\u00e8 macu \u00e9s sentir que per tots ells aquests dies deixen emprempta.<\/p>\n<p>Per acomiadar aquesta setmana cultural us deixem com cada dia el recull d&#8217;imatges dels tallers que s&#8217;han fet:<\/p>\n<ul>\n<li><a href=\"https:\/\/photos.app.goo.gl\/y9B8bA7GeFFFyATLA\" target=\"_blank\" rel=\"noopener noreferrer\">P3 &#8211; Disfressats<\/a><\/li>\n<li><a href=\"https:\/\/photos.app.goo.gl\/xvaRVcFtzK9WqcZS9\" target=\"_blank\" rel=\"noopener noreferrer\">P4 &#8211; Disfressats<\/a><\/li>\n<li><a href=\"https:\/\/photos.app.goo.gl\/yonwKGng211X5Rb48\" target=\"_blank\" rel=\"noopener noreferrer\">P4 &#8211; Fem collarets<\/a><\/li>\n<li><a href=\"https:\/\/photos.app.goo.gl\/nN75jSEBPU9s3RVo6\" target=\"_blank\" rel=\"noopener noreferrer\">P5 &#8211; Collarets i m\u00e9s manualitats<\/a><\/li>\n<li><a href=\"https:\/\/photos.app.goo.gl\/Lc8V1xEiyEe7CC1fA\" target=\"_blank\" rel=\"noopener noreferrer\">CI &#8211; Disfressats<\/a><\/li>\n<li><a href=\"https:\/\/photos.app.goo.gl\/NPrRdG8FPvghXdDNA\" target=\"_blank\" rel=\"noopener noreferrer\">1r &#8211; Som superherois<\/a><\/li>\n<li><a href=\"https:\/\/photos.app.goo.gl\/TRNSB7iB1NSgFP4V9\" target=\"_blank\" rel=\"noopener noreferrer\">2n &#8211; Som Superherois<\/a><\/li>\n<li><a href=\"https:\/\/photos.app.goo.gl\/A2h9jYUCSbvSG98X9\" target=\"_blank\" rel=\"noopener noreferrer\">Cicle Mitj\u00e0 &#8211; Disfressats<\/a><\/li>\n<li><a href=\"https:\/\/photos.app.goo.gl\/G2Bau6Wkv6eCwZwD8\" target=\"_blank\" rel=\"noopener noreferrer\">3r &#8211; Mir\u00f3<\/a><\/li>\n<li><a href=\"https:\/\/photos.app.goo.gl\/n6fncQox4vEp8qWb7\" target=\"_blank\" rel=\"noopener noreferrer\">3r &#8211; Bandes sonores de la ci\u00e8ncia ficci\u00f3<\/a><\/li>\n<li><a href=\"https:\/\/photos.app.goo.gl\/XA11vkHsEJ4G1Y8n9\" target=\"_blank\" rel=\"noopener noreferrer\">4t &#8211; El c\u00f2mic<\/a><\/li>\n<li><a href=\"https:\/\/photos.app.goo.gl\/4kfSaRtU2pNoWPTHA\" target=\"_blank\" rel=\"noopener noreferrer\">Cicle Superior &#8211; Disfressats<\/a><\/li>\n<li>Tallers de ci\u00e8ncia a Cicle Superior:\n<ul>\n<li><a href=\"https:\/\/photos.app.goo.gl\/fjp3YzAE591wGJyD9\" target=\"_blank\" rel=\"noopener noreferrer\">Construim naus espaials amb material reciclat<\/a><\/li>\n<li><a href=\"https:\/\/photos.app.goo.gl\/DGBprpgaXRtGTfQi9\" target=\"_blank\" rel=\"noopener noreferrer\">Programem Bee-bots<\/a><\/li>\n<li><a href=\"https:\/\/photos.app.goo.gl\/pvSGhoYfaNCXXHro7\" target=\"_blank\" rel=\"noopener noreferrer\">Qu\u00e8 \u00e9s la Flotabilitat?<\/a><\/li>\n<\/ul>\n<\/li>\n<\/ul>\n","protected":false},"excerpt":{"rendered":"<p>Ja tenim aqu\u00ed el &#8230; CARNAVAL!!!! Avui ha estat un dia ben especial pels infants. Aquesta tarda han vingut a l&#8217;escola exalumnes, i quin era el comentari que feien? &#8220;QU\u00c8 B\u00c9 ENS HO PASS\u00c0VEM!&#8221;. Qu\u00e8 macu \u00e9s sentir que per tots ells aquests dies deixen emprempta. Per acomiadar aquesta setmana cultural us deixem com cada [&hellip;]<\/p>\n","protected":false},"author":1,"featured_media":5102,"comment_status":"open","ping_status":"closed","sticky":false,"template":"","format":"standard","meta":{"_bbp_topic_count":0,"_bbp_reply_count":0,"_bbp_total_topic_count":0,"_bbp_total_reply_count":0,"_bbp_voice_count":0,"_bbp_anonymous_reply_count":0,"_bbp_topic_count_hidden":0,"_bbp_reply_count_hidden":0,"_bbp_forum_subforum_count":0,"site-sidebar-layout":"default","site-content-layout":"","ast-site-content-layout":"","site-content-style":"default","site-sidebar-style":"default","ast-global-header-display":"","ast-banner-title-visibility":"","ast-main-header-display":"","ast-hfb-above-header-display":"","ast-hfb-below-header-display":"","ast-hfb-mobile-header-display":"","site-post-title":"","ast-breadcrumbs-content":"","ast-featured-img":"","footer-sml-layout":"","theme-transparent-header-meta":"","adv-header-id-meta":"","stick-header-meta":"","header-above-stick-meta":"","header-main-stick-meta":"","header-below-stick-meta":"","astra-migrate-meta-layouts":"default","ast-page-background-enabled":"default","ast-page-background-meta":{"desktop":{"background-color":"var(--ast-global-color-5)","background-image":"","background-repeat":"repeat","background-position":"center center","background-size":"auto","background-attachment":"scroll","background-type":"","background-media":"","overlay-type":"","overlay-color":"","overlay-opacity":"","overlay-gradient":""},"tablet":{"background-color":"","background-image":"","background-repeat":"repeat","background-position":"center center","background-size":"auto","background-attachment":"scroll","background-type":"","background-media":"","overlay-type":"","overlay-color":"","overlay-opacity":"","overlay-gradient":""},"mobile":{"background-color":"","background-image":"","background-repeat":"repeat","background-position":"center center","background-size":"auto","background-attachment":"scroll","background-type":"","background-media":"","overlay-type":"","overlay-color":"","overlay-opacity":"","overlay-gradient":""}},"ast-content-background-meta":{"desktop":{"background-color":"var(--ast-global-color-4)","background-image":"","background-repeat":"repeat","background-position":"center center","background-size":"auto","background-attachment":"scroll","background-type":"","background-media":"","overlay-type":"","overlay-color":"","overlay-opacity":"","overlay-gradient":""},"tablet":{"background-color":"var(--ast-global-color-4)","background-image":"","background-repeat":"repeat","background-position":"center center","background-size":"auto","background-attachment":"scroll","background-type":"","background-media":"","overlay-type":"","overlay-color":"","overlay-opacity":"","overlay-gradient":""},"mobile":{"background-color":"var(--ast-global-color-4)","background-image":"","background-repeat":"repeat","background-position":"center center","background-size":"auto","background-attachment":"scroll","background-type":"","background-media":"","overlay-type":"","overlay-color":"","overlay-opacity":"","overlay-gradient":""}},"footnotes":""},"categories":[78,136,1],"tags":[],"class_list":["post-5094","post","type-post","status-publish","format-standard","has-post-thumbnail","hentry","category-blogs-escola","category-curs-2019-2020","category-portadageneral"],"post_mailing_queue_ids":[],"_links":{"self":[{"href":"https:\/\/agora.xtec.cat\/escolamunicipal-lasinia\/wp-json\/wp\/v2\/posts\/5094","targetHints":{"allow":["GET"]}}],"collection":[{"href":"https:\/\/agora.xtec.cat\/escolamunicipal-lasinia\/wp-json\/wp\/v2\/posts"}],"about":[{"href":"https:\/\/agora.xtec.cat\/escolamunicipal-lasinia\/wp-json\/wp\/v2\/types\/post"}],"author":[{"embeddable":true,"href":"https:\/\/agora.xtec.cat\/escolamunicipal-lasinia\/wp-json\/wp\/v2\/users\/1"}],"replies":[{"embeddable":true,"href":"https:\/\/agora.xtec.cat\/escolamunicipal-lasinia\/wp-json\/wp\/v2\/comments?post=5094"}],"version-history":[{"count":3,"href":"https:\/\/agora.xtec.cat\/escolamunicipal-lasinia\/wp-json\/wp\/v2\/posts\/5094\/revisions"}],"predecessor-version":[{"id":5105,"href":"https:\/\/agora.xtec.cat\/escolamunicipal-lasinia\/wp-json\/wp\/v2\/posts\/5094\/revisions\/5105"}],"wp:featuredmedia":[{"embeddable":true,"href":"https:\/\/agora.xtec.cat\/escolamunicipal-lasinia\/wp-json\/wp\/v2\/media\/5102"}],"wp:attachment":[{"href":"https:\/\/agora.xtec.cat\/escolamunicipal-lasinia\/wp-json\/wp\/v2\/media?parent=5094"}],"wp:term":[{"taxonomy":"category","embeddable":true,"href":"https:\/\/agora.xtec.cat\/escolamunicipal-lasinia\/wp-json\/wp\/v2\/categories?post=5094"},{"taxonomy":"post_tag","embeddable":true,"href":"https:\/\/agora.xtec.cat\/escolamunicipal-lasinia\/wp-json\/wp\/v2\/tags?post=5094"}],"curies":[{"name":"wp","href":"https:\/\/api.w.org\/{rel}","templated":true}]}}