{"id":5084,"date":"2020-02-20T17:23:51","date_gmt":"2020-02-20T16:23:51","guid":{"rendered":"http:\/\/agora.xtec.cat\/escolamunicipal-lasinia\/?p=5084"},"modified":"2020-02-20T17:23:51","modified_gmt":"2020-02-20T16:23:51","slug":"setmana-cultural-dijous-2020","status":"publish","type":"post","link":"https:\/\/agora.xtec.cat\/escolamunicipal-lasinia\/portadageneral\/setmana-cultural-dijous-2020\/","title":{"rendered":"SETMANA CULTURAL &#8211; Dijous"},"content":{"rendered":"<p><img loading=\"lazy\" decoding=\"async\" class=\"aligncenter size-medium wp-image-5086\" src=\"https:\/\/agora.xtec.cat\/escolamunicipal-lasinia\/wp-content\/uploads\/usu978\/2020\/02\/DSC0578-300x199.jpg\" alt=\"\" width=\"300\" height=\"199\" srcset=\"https:\/\/agora.xtec.cat\/escolamunicipal-lasinia\/wp-content\/uploads\/usu978\/2020\/02\/DSC0578-300x199.jpg 300w, https:\/\/agora.xtec.cat\/escolamunicipal-lasinia\/wp-content\/uploads\/usu978\/2020\/02\/DSC0578-768x510.jpg 768w, https:\/\/agora.xtec.cat\/escolamunicipal-lasinia\/wp-content\/uploads\/usu978\/2020\/02\/DSC0578-1024x680.jpg 1024w\" sizes=\"auto, (max-width: 300px) 100vw, 300px\" \/>Avui l&#8217;esport ha enva\u00eft l&#8217;escola d&#8217;una manera m\u00e0gica! Tenistes, nadadors\/es, jugadors de b\u00e0squet i futbol, patinadores, karatekes&#8230; Sabeu aquella frase que diu:<em> L&#8217;amistat no ent\u00e9n de colors? <\/em>Doncs aix\u00f2 ha estat el que ha passat. Era maco veure com els m\u00e9s menuts portaven samarretes de diferents equips i s&#8217;ensenyaven els escuts amb somriures i sense cr\u00edtiques.<\/p>\n<p>B\u00e9, i amb aquestes grans equipacions esportives hem fet molts i molts tallers, aqu\u00ed us deixem els millors moments:<\/p>\n<ul>\n<li><a href=\"https:\/\/photos.app.goo.gl\/eCzEghbSeBdWARCu8\" target=\"_blank\" rel=\"noopener noreferrer\">Intercanvi P5 amb 6\u00e8<\/a><\/li>\n<li><a href=\"https:\/\/photos.app.goo.gl\/Lz4KHGtc1EpyYGjR7\" target=\"_blank\" rel=\"noopener noreferrer\">Intercanvi 1r amb 5\u00e8<\/a><\/li>\n<li><a href=\"https:\/\/photos.app.goo.gl\/SKHhyExkiWiTsHxb8\" target=\"_blank\" rel=\"noopener noreferrer\">Assaig coreografia Carnaval Cicle Inicial<\/a><\/li>\n<li><a href=\"https:\/\/photos.app.goo.gl\/1cVarVBaigXgagmi6\" target=\"_blank\" rel=\"noopener noreferrer\">Assaig coreografia Carnaval P3 i P4<\/a><\/li>\n<li><a href=\"https:\/\/photos.app.goo.gl\/3oDsJyqgeZWNG3CX6\" target=\"_blank\" rel=\"noopener noreferrer\">P3 &#8211; Espais i manualitat de &#8220;nassos&#8221;<\/a><\/li>\n<li><a href=\"https:\/\/photos.app.goo.gl\/kM5H45mgAJyZ18bA6\" target=\"_blank\" rel=\"noopener noreferrer\">P4 &#8211; Maquillatge i espais<\/a><\/li>\n<li><a href=\"https:\/\/photos.app.goo.gl\/2rhtXUX6azYrnEAR9\" target=\"_blank\" rel=\"noopener noreferrer\">P4 &#8211; Un conte cantat<\/a><\/li>\n<li><a href=\"https:\/\/photos.app.goo.gl\/UKraPfS5gmJuBCNj9\" target=\"_blank\" rel=\"noopener noreferrer\">2n &#8211; Construcci\u00f3 de robots<\/a><\/li>\n<li><a href=\"https:\/\/photos.app.goo.gl\/ogJpk9LJD6vUcPok8\" target=\"_blank\" rel=\"noopener noreferrer\">3r -Sortida Fundaci\u00f3 Mir\u00f3<\/a><\/li>\n<li><a href=\"https:\/\/photos.app.goo.gl\/6a1ku8YgVKdyF2LT8\" target=\"_blank\" rel=\"noopener noreferrer\">4t &#8211; Disfressem a Mir\u00f3<\/a><\/li>\n<li>Tallers de ci\u00e8ncia a Cicle Superior (<em>com els tallers es repeteixen s&#8217;aniran ampliant amb m\u00e9s fotografies durant els propers dies<\/em>):\n<ul>\n<li><a href=\"https:\/\/photos.app.goo.gl\/gGDHC2dMoBC1AHgeA\" target=\"_blank\" rel=\"noopener noreferrer\">Experiments cient\u00edfics<\/a><\/li>\n<li><a href=\"https:\/\/photos.app.goo.gl\/FeNLQMm9fPHqyDPy9\" target=\"_blank\" rel=\"noopener noreferrer\">Descobrim el Codi Morse<\/a><\/li>\n<li><a href=\"https:\/\/photos.app.goo.gl\/5WF6hH3d5caSCuLB7\" target=\"_blank\" rel=\"noopener noreferrer\">Wall-e i Planet 51<\/a><\/li>\n<\/ul>\n<\/li>\n<\/ul>\n","protected":false},"excerpt":{"rendered":"<p>Avui l&#8217;esport ha enva\u00eft l&#8217;escola d&#8217;una manera m\u00e0gica! Tenistes, nadadors\/es, jugadors de b\u00e0squet i futbol, patinadores, karatekes&#8230; Sabeu aquella frase que diu: L&#8217;amistat no ent\u00e9n de colors? Doncs aix\u00f2 ha estat el que ha passat. Era maco veure com els m\u00e9s menuts portaven samarretes de diferents equips i s&#8217;ensenyaven els escuts amb somriures i sense [&hellip;]<\/p>\n","protected":false},"author":1,"featured_media":5087,"comment_status":"open","ping_status":"closed","sticky":false,"template":"","format":"standard","meta":{"_bbp_topic_count":0,"_bbp_reply_count":0,"_bbp_total_topic_count":0,"_bbp_total_reply_count":0,"_bbp_voice_count":0,"_bbp_anonymous_reply_count":0,"_bbp_topic_count_hidden":0,"_bbp_reply_count_hidden":0,"_bbp_forum_subforum_count":0,"site-sidebar-layout":"default","site-content-layout":"","ast-site-content-layout":"","site-content-style":"default","site-sidebar-style":"default","ast-global-header-display":"","ast-banner-title-visibility":"","ast-main-header-display":"","ast-hfb-above-header-display":"","ast-hfb-below-header-display":"","ast-hfb-mobile-header-display":"","site-post-title":"","ast-breadcrumbs-content":"","ast-featured-img":"","footer-sml-layout":"","theme-transparent-header-meta":"","adv-header-id-meta":"","stick-header-meta":"","header-above-stick-meta":"","header-main-stick-meta":"","header-below-stick-meta":"","astra-migrate-meta-layouts":"default","ast-page-background-enabled":"default","ast-page-background-meta":{"desktop":{"background-color":"var(--ast-global-color-5)","background-image":"","background-repeat":"repeat","background-position":"center center","background-size":"auto","background-attachment":"scroll","background-type":"","background-media":"","overlay-type":"","overlay-color":"","overlay-opacity":"","overlay-gradient":""},"tablet":{"background-color":"","background-image":"","background-repeat":"repeat","background-position":"center center","background-size":"auto","background-attachment":"scroll","background-type":"","background-media":"","overlay-type":"","overlay-color":"","overlay-opacity":"","overlay-gradient":""},"mobile":{"background-color":"","background-image":"","background-repeat":"repeat","background-position":"center center","background-size":"auto","background-attachment":"scroll","background-type":"","background-media":"","overlay-type":"","overlay-color":"","overlay-opacity":"","overlay-gradient":""}},"ast-content-background-meta":{"desktop":{"background-color":"var(--ast-global-color-4)","background-image":"","background-repeat":"repeat","background-position":"center center","background-size":"auto","background-attachment":"scroll","background-type":"","background-media":"","overlay-type":"","overlay-color":"","overlay-opacity":"","overlay-gradient":""},"tablet":{"background-color":"var(--ast-global-color-4)","background-image":"","background-repeat":"repeat","background-position":"center center","background-size":"auto","background-attachment":"scroll","background-type":"","background-media":"","overlay-type":"","overlay-color":"","overlay-opacity":"","overlay-gradient":""},"mobile":{"background-color":"var(--ast-global-color-4)","background-image":"","background-repeat":"repeat","background-position":"center center","background-size":"auto","background-attachment":"scroll","background-type":"","background-media":"","overlay-type":"","overlay-color":"","overlay-opacity":"","overlay-gradient":""}},"footnotes":""},"categories":[78,136,1],"tags":[],"class_list":["post-5084","post","type-post","status-publish","format-standard","has-post-thumbnail","hentry","category-blogs-escola","category-curs-2019-2020","category-portadageneral"],"post_mailing_queue_ids":[],"_links":{"self":[{"href":"https:\/\/agora.xtec.cat\/escolamunicipal-lasinia\/wp-json\/wp\/v2\/posts\/5084","targetHints":{"allow":["GET"]}}],"collection":[{"href":"https:\/\/agora.xtec.cat\/escolamunicipal-lasinia\/wp-json\/wp\/v2\/posts"}],"about":[{"href":"https:\/\/agora.xtec.cat\/escolamunicipal-lasinia\/wp-json\/wp\/v2\/types\/post"}],"author":[{"embeddable":true,"href":"https:\/\/agora.xtec.cat\/escolamunicipal-lasinia\/wp-json\/wp\/v2\/users\/1"}],"replies":[{"embeddable":true,"href":"https:\/\/agora.xtec.cat\/escolamunicipal-lasinia\/wp-json\/wp\/v2\/comments?post=5084"}],"version-history":[{"count":3,"href":"https:\/\/agora.xtec.cat\/escolamunicipal-lasinia\/wp-json\/wp\/v2\/posts\/5084\/revisions"}],"predecessor-version":[{"id":5093,"href":"https:\/\/agora.xtec.cat\/escolamunicipal-lasinia\/wp-json\/wp\/v2\/posts\/5084\/revisions\/5093"}],"wp:featuredmedia":[{"embeddable":true,"href":"https:\/\/agora.xtec.cat\/escolamunicipal-lasinia\/wp-json\/wp\/v2\/media\/5087"}],"wp:attachment":[{"href":"https:\/\/agora.xtec.cat\/escolamunicipal-lasinia\/wp-json\/wp\/v2\/media?parent=5084"}],"wp:term":[{"taxonomy":"category","embeddable":true,"href":"https:\/\/agora.xtec.cat\/escolamunicipal-lasinia\/wp-json\/wp\/v2\/categories?post=5084"},{"taxonomy":"post_tag","embeddable":true,"href":"https:\/\/agora.xtec.cat\/escolamunicipal-lasinia\/wp-json\/wp\/v2\/tags?post=5084"}],"curies":[{"name":"wp","href":"https:\/\/api.w.org\/{rel}","templated":true}]}}