{"id":4689,"date":"2019-12-04T10:46:14","date_gmt":"2019-12-04T09:46:14","guid":{"rendered":"http:\/\/agora.xtec.cat\/escolamunicipal-lasinia\/?p=4689"},"modified":"2019-12-04T10:46:14","modified_gmt":"2019-12-04T09:46:14","slug":"coco-que","status":"publish","type":"post","link":"https:\/\/agora.xtec.cat\/escolamunicipal-lasinia\/portadageneral\/coco-que\/","title":{"rendered":"COCO QU\u00c8?"},"content":{"rendered":"<p>Al nou espai de\u00a0<strong>P4<\/strong>, el pas del temps, vam poder olorar diferents ess\u00e8ncies que ens han portat a parlar sobre quines podien ser les seves proced\u00e8ncies.<br \/>\nJugant amb les diferents olors, una d&#8217;elles ens va cridar especialment l&#8217;atenci\u00f3, el<strong> coco<\/strong>. Quan vam preguntar que era el coco?<br \/>\nde seguida, molts dels nens\/es van contestar que era una fruita, que naixia a les palmeres a prop de les platges, &#8230; Per\u00f2 tamb\u00e9 hi havia persones de la classe que mai l&#8217;havien tastat ni vist!<br \/>\nA partir d&#8217;aquell moment vam buscar closques d&#8217;altres espais, per\u00f2 clar estaven buides. Qu\u00e8 pod\u00edem fer? Ja est\u00e0! Algunes persones van pensar que pod\u00edem portar cocos a la classe i, aix\u00ed, con\u00e8ixer i\u00a0tastar\u00a0aquesta fruita.<\/p>\n<p>Al cap de pocs dies, van portar 3 cocos a la classe dels Unicorns que ens van portar a fer noves preguntes, com per exemple: Com els podem obrir?; Es pot pelar com una mandarina?; Qu\u00e8\u00a0sona a dins seu?; Per qu\u00e8 t\u00e9 p\u00e8ls? Per qu\u00e8 un d\u2019ells t\u00e9 un forat obert?; etc. Totes elles necessitaven resposta i la millor manera de trobar-les era a trav\u00e9s de la manipulaci\u00f3 directa.<\/p>\n<p>Si voleu saber que vam fer, us convidem a qu\u00e8 els pregunteu i veieu plegats el seg\u00fcent recull de fotos.<\/p>\n<p><a href=\"https:\/\/photos.app.goo.gl\/Y3ijB3q2gQaXSXNj6\">Imatges<\/a><\/p>\n","protected":false},"excerpt":{"rendered":"<p>Al nou espai de\u00a0P4, el pas del temps, vam poder olorar diferents ess\u00e8ncies que ens han portat a parlar sobre quines podien ser les seves proced\u00e8ncies. Jugant amb les diferents olors, una d&#8217;elles ens va cridar especialment l&#8217;atenci\u00f3, el coco. Quan vam preguntar que era el coco? de seguida, molts dels nens\/es van contestar que [&hellip;]<\/p>\n","protected":false},"author":1,"featured_media":4690,"comment_status":"open","ping_status":"closed","sticky":false,"template":"","format":"standard","meta":{"_bbp_topic_count":0,"_bbp_reply_count":0,"_bbp_total_topic_count":0,"_bbp_total_reply_count":0,"_bbp_voice_count":0,"_bbp_anonymous_reply_count":0,"_bbp_topic_count_hidden":0,"_bbp_reply_count_hidden":0,"_bbp_forum_subforum_count":0,"site-sidebar-layout":"default","site-content-layout":"","ast-site-content-layout":"","site-content-style":"default","site-sidebar-style":"default","ast-global-header-display":"","ast-banner-title-visibility":"","ast-main-header-display":"","ast-hfb-above-header-display":"","ast-hfb-below-header-display":"","ast-hfb-mobile-header-display":"","site-post-title":"","ast-breadcrumbs-content":"","ast-featured-img":"","footer-sml-layout":"","theme-transparent-header-meta":"","adv-header-id-meta":"","stick-header-meta":"","header-above-stick-meta":"","header-main-stick-meta":"","header-below-stick-meta":"","astra-migrate-meta-layouts":"default","ast-page-background-enabled":"default","ast-page-background-meta":{"desktop":{"background-color":"var(--ast-global-color-5)","background-image":"","background-repeat":"repeat","background-position":"center center","background-size":"auto","background-attachment":"scroll","background-type":"","background-media":"","overlay-type":"","overlay-color":"","overlay-opacity":"","overlay-gradient":""},"tablet":{"background-color":"","background-image":"","background-repeat":"repeat","background-position":"center center","background-size":"auto","background-attachment":"scroll","background-type":"","background-media":"","overlay-type":"","overlay-color":"","overlay-opacity":"","overlay-gradient":""},"mobile":{"background-color":"","background-image":"","background-repeat":"repeat","background-position":"center center","background-size":"auto","background-attachment":"scroll","background-type":"","background-media":"","overlay-type":"","overlay-color":"","overlay-opacity":"","overlay-gradient":""}},"ast-content-background-meta":{"desktop":{"background-color":"var(--ast-global-color-4)","background-image":"","background-repeat":"repeat","background-position":"center center","background-size":"auto","background-attachment":"scroll","background-type":"","background-media":"","overlay-type":"","overlay-color":"","overlay-opacity":"","overlay-gradient":""},"tablet":{"background-color":"var(--ast-global-color-4)","background-image":"","background-repeat":"repeat","background-position":"center center","background-size":"auto","background-attachment":"scroll","background-type":"","background-media":"","overlay-type":"","overlay-color":"","overlay-opacity":"","overlay-gradient":""},"mobile":{"background-color":"var(--ast-global-color-4)","background-image":"","background-repeat":"repeat","background-position":"center center","background-size":"auto","background-attachment":"scroll","background-type":"","background-media":"","overlay-type":"","overlay-color":"","overlay-opacity":"","overlay-gradient":""}},"footnotes":""},"categories":[55,138,1],"tags":[],"class_list":["post-4689","post","type-post","status-publish","format-standard","has-post-thumbnail","hentry","category-ed-infantil","category-curs-19-20-p4","category-portadageneral"],"post_mailing_queue_ids":[],"_links":{"self":[{"href":"https:\/\/agora.xtec.cat\/escolamunicipal-lasinia\/wp-json\/wp\/v2\/posts\/4689","targetHints":{"allow":["GET"]}}],"collection":[{"href":"https:\/\/agora.xtec.cat\/escolamunicipal-lasinia\/wp-json\/wp\/v2\/posts"}],"about":[{"href":"https:\/\/agora.xtec.cat\/escolamunicipal-lasinia\/wp-json\/wp\/v2\/types\/post"}],"author":[{"embeddable":true,"href":"https:\/\/agora.xtec.cat\/escolamunicipal-lasinia\/wp-json\/wp\/v2\/users\/1"}],"replies":[{"embeddable":true,"href":"https:\/\/agora.xtec.cat\/escolamunicipal-lasinia\/wp-json\/wp\/v2\/comments?post=4689"}],"version-history":[{"count":1,"href":"https:\/\/agora.xtec.cat\/escolamunicipal-lasinia\/wp-json\/wp\/v2\/posts\/4689\/revisions"}],"predecessor-version":[{"id":4691,"href":"https:\/\/agora.xtec.cat\/escolamunicipal-lasinia\/wp-json\/wp\/v2\/posts\/4689\/revisions\/4691"}],"wp:featuredmedia":[{"embeddable":true,"href":"https:\/\/agora.xtec.cat\/escolamunicipal-lasinia\/wp-json\/wp\/v2\/media\/4690"}],"wp:attachment":[{"href":"https:\/\/agora.xtec.cat\/escolamunicipal-lasinia\/wp-json\/wp\/v2\/media?parent=4689"}],"wp:term":[{"taxonomy":"category","embeddable":true,"href":"https:\/\/agora.xtec.cat\/escolamunicipal-lasinia\/wp-json\/wp\/v2\/categories?post=4689"},{"taxonomy":"post_tag","embeddable":true,"href":"https:\/\/agora.xtec.cat\/escolamunicipal-lasinia\/wp-json\/wp\/v2\/tags?post=4689"}],"curies":[{"name":"wp","href":"https:\/\/api.w.org\/{rel}","templated":true}]}}