{"id":4632,"date":"2019-11-21T14:54:49","date_gmt":"2019-11-21T13:54:49","guid":{"rendered":"http:\/\/agora.xtec.cat\/escolamunicipal-lasinia\/?p=4632"},"modified":"2019-11-21T16:44:28","modified_gmt":"2019-11-21T15:44:28","slug":"cantem-en-suajili","status":"publish","type":"post","link":"https:\/\/agora.xtec.cat\/escolamunicipal-lasinia\/portadageneral\/cantem-en-suajili\/","title":{"rendered":"Cantem en suahili!"},"content":{"rendered":"<p><img decoding=\"async\" src=\"https:\/\/lh3.googleusercontent.com\/mv6QYOHq-PUgix2Pe5C6BLKdL9SxE8MzTKYrZ41VBJUhsBA2dX5yA_NmIRxwM6gewhh249JYPYn-SgjGTKZvSUi4uGecnDd7KwVmT0MSaLnhc5xacp_vQit5gMoC26YlRhsjCgIcwbyoMlPNGbBs3Vey0xa7BVbBMyUcEOT_QwAGRMLKDi_VAYyNgNhqQLjKJbxNNOJWX-qpYmfNdBKVsJddKxFm1PtbL10W2avG7GvLBr72tDWZEz-IKnjtkWhYEWk4KKq6pbSVkgGVGZjZD5VZgw7oQN5r1j8oMzr2mvZGhMqHizaAcifP9ssB1hsGZTyQA8hgFnG-6ZfkKR6wy3deMfIrd3Zn2Ewg0v9n52jMJ-vrtptTNUA1dEtQJPZrpBodM6qkfbqFxJMBkvvArYwiSdd22a4RLu2eMuQDcbtQZEefIi0dhrsxvAjR5P1MAZdvf-R8QEUeNqcCJrPdz_8Qb8e4cyJOx1Kn9fXGgW7UnmcD5s8SG2Nm2udjuLnrfP3o914a3KfZN2aR5Qi3B2P0fQAmCoNAoTTN84xYX5mFmhc9d7QlW8ScOTUspVY8j2pkQ_hfNRMSQ_Wh4xGmXhAV8uKBecbv81BMuoSKY3kABxJQ-yxBdR3HKX-wEuQSc-KAF21y1wbsf9TC1lh0RY_2TFcLsc7JVPTXUkjBA0u_iYsQkSQsRA=w996-h590-no\" \/><\/p>\n<p>Aquesta setmana, les Maduixes i les Cireres, hem rebut la visita de la Beatrice, la mare d&#8217;en Quim i d&#8217;en Cesc.<\/p>\n<p>Quan van tenir el can\u00e7oner viatger a casa, van proposar-nos dues can\u00e7ons noves: Simamaka i Zum Zum Zum.<\/p>\n<p>Aquestes can\u00e7ons s\u00f3n africanes i la lletra \u00e9s escrita en suahili (la llengua que parlen a una part de l&#8217;\u00c0frica).<\/p>\n<p>La Beatrice ens ha ensenyat on se situa Tanzania, el pa\u00eds on ella ha nascut, a la bola del m\u00f3n i hem cantat i ballat les can\u00e7ons que hem apr\u00e8s.<\/p>\n<p>Si cliqueu <a href=\"https:\/\/photos.app.goo.gl\/dnLZNq2tfd3M9wzC6\">aqu\u00ed<\/a> podreu veure alguns v\u00eddeos de la trobada.<\/p>\n<p>Esperem rebre m\u00e9s propostes de can\u00e7ons, tant de Catalunya com d&#8217;altres pa\u00efsos d&#8217;arreu del m\u00f3n!<\/p>\n<p>Kwaheri! Tutaonana hivi karibuni!<\/p>\n<p>Ad\u00e9u i fins aviat!<\/p>\n","protected":false},"excerpt":{"rendered":"<p>Aquesta setmana, les Maduixes i les Cireres, hem rebut la visita de la Beatrice, la mare d&#8217;en Quim i d&#8217;en Cesc. Quan van tenir el can\u00e7oner viatger a casa, van proposar-nos dues can\u00e7ons noves: Simamaka i Zum Zum Zum. Aquestes can\u00e7ons s\u00f3n africanes i la lletra \u00e9s escrita en suahili (la llengua que parlen a [&hellip;]<\/p>\n","protected":false},"author":1,"featured_media":4633,"comment_status":"open","ping_status":"closed","sticky":false,"template":"","format":"standard","meta":{"_bbp_topic_count":0,"_bbp_reply_count":0,"_bbp_total_topic_count":0,"_bbp_total_reply_count":0,"_bbp_voice_count":0,"_bbp_anonymous_reply_count":0,"_bbp_topic_count_hidden":0,"_bbp_reply_count_hidden":0,"_bbp_forum_subforum_count":0,"site-sidebar-layout":"default","site-content-layout":"","ast-site-content-layout":"","site-content-style":"default","site-sidebar-style":"default","ast-global-header-display":"","ast-banner-title-visibility":"","ast-main-header-display":"","ast-hfb-above-header-display":"","ast-hfb-below-header-display":"","ast-hfb-mobile-header-display":"","site-post-title":"","ast-breadcrumbs-content":"","ast-featured-img":"","footer-sml-layout":"","theme-transparent-header-meta":"","adv-header-id-meta":"","stick-header-meta":"","header-above-stick-meta":"","header-main-stick-meta":"","header-below-stick-meta":"","astra-migrate-meta-layouts":"default","ast-page-background-enabled":"default","ast-page-background-meta":{"desktop":{"background-color":"var(--ast-global-color-5)","background-image":"","background-repeat":"repeat","background-position":"center center","background-size":"auto","background-attachment":"scroll","background-type":"","background-media":"","overlay-type":"","overlay-color":"","overlay-opacity":"","overlay-gradient":""},"tablet":{"background-color":"","background-image":"","background-repeat":"repeat","background-position":"center center","background-size":"auto","background-attachment":"scroll","background-type":"","background-media":"","overlay-type":"","overlay-color":"","overlay-opacity":"","overlay-gradient":""},"mobile":{"background-color":"","background-image":"","background-repeat":"repeat","background-position":"center center","background-size":"auto","background-attachment":"scroll","background-type":"","background-media":"","overlay-type":"","overlay-color":"","overlay-opacity":"","overlay-gradient":""}},"ast-content-background-meta":{"desktop":{"background-color":"var(--ast-global-color-4)","background-image":"","background-repeat":"repeat","background-position":"center center","background-size":"auto","background-attachment":"scroll","background-type":"","background-media":"","overlay-type":"","overlay-color":"","overlay-opacity":"","overlay-gradient":""},"tablet":{"background-color":"var(--ast-global-color-4)","background-image":"","background-repeat":"repeat","background-position":"center center","background-size":"auto","background-attachment":"scroll","background-type":"","background-media":"","overlay-type":"","overlay-color":"","overlay-opacity":"","overlay-gradient":""},"mobile":{"background-color":"var(--ast-global-color-4)","background-image":"","background-repeat":"repeat","background-position":"center center","background-size":"auto","background-attachment":"scroll","background-type":"","background-media":"","overlay-type":"","overlay-color":"","overlay-opacity":"","overlay-gradient":""}},"footnotes":""},"categories":[55,63,137,136,1],"tags":[],"class_list":["post-4632","post","type-post","status-publish","format-standard","has-post-thumbnail","hentry","category-ed-infantil","category-musica","category-curs-19-20-p3","category-curs-2019-2020","category-portadageneral"],"post_mailing_queue_ids":[],"_links":{"self":[{"href":"https:\/\/agora.xtec.cat\/escolamunicipal-lasinia\/wp-json\/wp\/v2\/posts\/4632","targetHints":{"allow":["GET"]}}],"collection":[{"href":"https:\/\/agora.xtec.cat\/escolamunicipal-lasinia\/wp-json\/wp\/v2\/posts"}],"about":[{"href":"https:\/\/agora.xtec.cat\/escolamunicipal-lasinia\/wp-json\/wp\/v2\/types\/post"}],"author":[{"embeddable":true,"href":"https:\/\/agora.xtec.cat\/escolamunicipal-lasinia\/wp-json\/wp\/v2\/users\/1"}],"replies":[{"embeddable":true,"href":"https:\/\/agora.xtec.cat\/escolamunicipal-lasinia\/wp-json\/wp\/v2\/comments?post=4632"}],"version-history":[{"count":3,"href":"https:\/\/agora.xtec.cat\/escolamunicipal-lasinia\/wp-json\/wp\/v2\/posts\/4632\/revisions"}],"predecessor-version":[{"id":4637,"href":"https:\/\/agora.xtec.cat\/escolamunicipal-lasinia\/wp-json\/wp\/v2\/posts\/4632\/revisions\/4637"}],"wp:featuredmedia":[{"embeddable":true,"href":"https:\/\/agora.xtec.cat\/escolamunicipal-lasinia\/wp-json\/wp\/v2\/media\/4633"}],"wp:attachment":[{"href":"https:\/\/agora.xtec.cat\/escolamunicipal-lasinia\/wp-json\/wp\/v2\/media?parent=4632"}],"wp:term":[{"taxonomy":"category","embeddable":true,"href":"https:\/\/agora.xtec.cat\/escolamunicipal-lasinia\/wp-json\/wp\/v2\/categories?post=4632"},{"taxonomy":"post_tag","embeddable":true,"href":"https:\/\/agora.xtec.cat\/escolamunicipal-lasinia\/wp-json\/wp\/v2\/tags?post=4632"}],"curies":[{"name":"wp","href":"https:\/\/api.w.org\/{rel}","templated":true}]}}