{"id":4504,"date":"2019-10-17T10:44:11","date_gmt":"2019-10-17T08:44:11","guid":{"rendered":"http:\/\/agora.xtec.cat\/escolamunicipal-lasinia\/?p=4504"},"modified":"2019-10-17T10:44:11","modified_gmt":"2019-10-17T08:44:11","slug":"delta-del-llobregat","status":"publish","type":"post","link":"https:\/\/agora.xtec.cat\/escolamunicipal-lasinia\/portadageneral\/delta-del-llobregat\/","title":{"rendered":"Delta del Llobregat"},"content":{"rendered":"<p>Dimecres 2 d&#8217;octubre vam visitar el Delta del Llobregat, concretament l&#8217;espai natural Remolar-Filipines.<\/p>\n<p>A l\u00b4arribar vam esmorzar despr\u00e9s quan vam acabar de de esmorzar i l&#8217;educadora ens van explicar el curs del riu i de la formaci\u00f3 del Delta.<\/p>\n<p align=\"left\"><span style=\"font-family: Arial, sans-serif;\"><span style=\"font-size: medium;\">Despr\u00e9s vam anar caminant fins a la platja i vam pujar a una torre que era un mirador. Quan vam arribar a dalt vam veure que hi havia una reserva natural que estava protegida perqu\u00e8 hi havia els nius de les gavines corses i \u00a0estan en perill d&#8217;extinci\u00f3. All\u00e0 les plantes s\u00f3n baixes perqu\u00e8 aix\u00ed no gastin tanta energia i no necessitin tanta aigua. El cel es veia un avi\u00f3 enlairant-se perqu\u00e8 \u00e9rem al costat de l&#8217;aeroport del Prat, l&#8217;educadora que es deia Aina<\/span><\/span><span style=\"font-family: Arial, sans-serif;\"><span style=\"font-size: medium;\"> ens va dir que segons deien els de l&#8217;aeroport cada 30 segons surt un avi\u00f3.<\/span><\/span><\/p>\n<p align=\"left\"><span style=\"font-family: Arial, sans-serif;\"><span style=\"font-size: medium;\">Quan va passar una estona vam sortir de la platja i vam anar a la pineda i ens van explicar que els pins eren per protegir els camps de conreu i que tampoc li arrib\u00e9s la sal del mar per\u00f2 estaven molt secs perqu\u00e8 els arribava sal.<\/span><\/span><\/p>\n<p align=\"left\"><span style=\"font-family: Arial, sans-serif;\"><span style=\"font-size: medium;\">Despr\u00e9s vam descansar i vam anar a l&#8217;aguait a mirar els animals sense que ells ens poguessin veure a nosaltres i els vam mirar amb els prism\u00e0tics. Vam veure unes tortugues, el bernat pescaire, la polla d&#8217;aigua, i l&#8217;arpella.<\/span><\/span><\/p>\n<p align=\"left\"><span style=\"font-family: Arial, sans-serif;\"><span style=\"font-size: medium;\">A continuaci\u00f3 li vam dir ad\u00e9u a les educadores i vam pujar a l\u2019autocar i vam anar a un parc a dinar.<\/span><\/span><\/p>\n<p style=\"text-align: right;\" align=\"left\">Tom\u00e1s Cano i Aitana Rosado<\/p>\n<p align=\"left\">Dimecres 2 de octubre vam visitar el Delta del Llobregat, concretament l&#8217;espai natural Remolar-Filipines.<\/p>\n<p align=\"left\">Primer de tot vam esmorzar i alla ens vam separar per classe, la nostra classe li va tocar amb l&#8217;Aina la nostra guia. Alla ens va donar un dossier que aniriem omplin a la excursi\u00f3, l&#8217;Aina ens va explicar on ens situaven i quins ocells hi havien al Delta del Llobregat, per exemple la polla d&#8217;aigua o el martinet.<\/p>\n<p align=\"left\">Despr\u00e9s vam anar a la platja i vam pujar a una torre, amb els prism\u00e0tics vam poder observar dunes,vaixells. A la platja l&#8217;Aina ens va explicar que a les dunes que havien vist i a un animal en perill de extinci\u00f3 conegut com gavina corsa. Despr\u00e9s vam tornar al lloc on havien esmorzat, pro abans d&#8217;arribar vam passar per una pineda on hi havia pins de fulla perenne.<\/p>\n<p><span style=\"font-family: Arial, sans-serif;\"><span style=\"font-size: medium;\">Al cap d\u2019una estona vam anar a l&#8217;aguait i all\u00e0 vam poder observar molts ocells amb els prism\u00e0tics i despr\u00e9s vam anar a dinar.<\/span><\/span><\/p>\n<p style=\"text-align: right;\" align=\"left\">\u00a0 \u00a0 \u00a0 \u00a0\u00a0 \u00a0 \u00a0 \u00a0 \u00a0 \u00a0 \u00a0 \u00a0 \u00a0 \u00a0 \u00a0 \u00a0 \u00a0 \u00a0 \u00a0 \u00a0 \u00a0 \u00a0 \u00a0 \u00a0 \u00a0 \u00a0 \u00a0 \u00a0 \u00a0 \u00a0 \u00a0 \u00a0 \u00a0 \u00a0 \u00a0 \u00a0 \u00a0 \u00a0 \u00a0 \u00a0 \u00a0 \u00a0 \u00a0 \u00a0 \u00a0 \u00a0 \u00a0 \u00a0Iv\u00e1n calpena<\/p>\n<p align=\"left\"><a href=\"https:\/\/photos.app.goo.gl\/Ju9DosN3CXUy65166\">Fotos<\/a><\/p>\n","protected":false},"excerpt":{"rendered":"<p>Dimecres 2 d&#8217;octubre vam visitar el Delta del Llobregat, concretament l&#8217;espai natural Remolar-Filipines. A l\u00b4arribar vam esmorzar despr\u00e9s quan vam acabar de de esmorzar i l&#8217;educadora ens van explicar el curs del riu i de la formaci\u00f3 del Delta. Despr\u00e9s vam anar caminant fins a la platja i vam pujar a una torre que era [&hellip;]<\/p>\n","protected":false},"author":1,"featured_media":4536,"comment_status":"open","ping_status":"closed","sticky":false,"template":"","format":"standard","meta":{"_bbp_topic_count":0,"_bbp_reply_count":0,"_bbp_total_topic_count":0,"_bbp_total_reply_count":0,"_bbp_voice_count":0,"_bbp_anonymous_reply_count":0,"_bbp_topic_count_hidden":0,"_bbp_reply_count_hidden":0,"_bbp_forum_subforum_count":0,"site-sidebar-layout":"default","site-content-layout":"","ast-site-content-layout":"","site-content-style":"default","site-sidebar-style":"default","ast-global-header-display":"","ast-banner-title-visibility":"","ast-main-header-display":"","ast-hfb-above-header-display":"","ast-hfb-below-header-display":"","ast-hfb-mobile-header-display":"","site-post-title":"","ast-breadcrumbs-content":"","ast-featured-img":"","footer-sml-layout":"","theme-transparent-header-meta":"","adv-header-id-meta":"","stick-header-meta":"","header-above-stick-meta":"","header-main-stick-meta":"","header-below-stick-meta":"","astra-migrate-meta-layouts":"default","ast-page-background-enabled":"default","ast-page-background-meta":{"desktop":{"background-color":"var(--ast-global-color-5)","background-image":"","background-repeat":"repeat","background-position":"center center","background-size":"auto","background-attachment":"scroll","background-type":"","background-media":"","overlay-type":"","overlay-color":"","overlay-opacity":"","overlay-gradient":""},"tablet":{"background-color":"","background-image":"","background-repeat":"repeat","background-position":"center center","background-size":"auto","background-attachment":"scroll","background-type":"","background-media":"","overlay-type":"","overlay-color":"","overlay-opacity":"","overlay-gradient":""},"mobile":{"background-color":"","background-image":"","background-repeat":"repeat","background-position":"center center","background-size":"auto","background-attachment":"scroll","background-type":"","background-media":"","overlay-type":"","overlay-color":"","overlay-opacity":"","overlay-gradient":""}},"ast-content-background-meta":{"desktop":{"background-color":"var(--ast-global-color-4)","background-image":"","background-repeat":"repeat","background-position":"center center","background-size":"auto","background-attachment":"scroll","background-type":"","background-media":"","overlay-type":"","overlay-color":"","overlay-opacity":"","overlay-gradient":""},"tablet":{"background-color":"var(--ast-global-color-4)","background-image":"","background-repeat":"repeat","background-position":"center center","background-size":"auto","background-attachment":"scroll","background-type":"","background-media":"","overlay-type":"","overlay-color":"","overlay-opacity":"","overlay-gradient":""},"mobile":{"background-color":"var(--ast-global-color-4)","background-image":"","background-repeat":"repeat","background-position":"center center","background-size":"auto","background-attachment":"scroll","background-type":"","background-media":"","overlay-type":"","overlay-color":"","overlay-opacity":"","overlay-gradient":""}},"footnotes":""},"categories":[61,78,144,136,1],"tags":[],"class_list":["post-4504","post","type-post","status-publish","format-standard","has-post-thumbnail","hentry","category-5e","category-blogs-escola","category-curs-19-20-5e","category-curs-2019-2020","category-portadageneral"],"post_mailing_queue_ids":[],"_links":{"self":[{"href":"https:\/\/agora.xtec.cat\/escolamunicipal-lasinia\/wp-json\/wp\/v2\/posts\/4504","targetHints":{"allow":["GET"]}}],"collection":[{"href":"https:\/\/agora.xtec.cat\/escolamunicipal-lasinia\/wp-json\/wp\/v2\/posts"}],"about":[{"href":"https:\/\/agora.xtec.cat\/escolamunicipal-lasinia\/wp-json\/wp\/v2\/types\/post"}],"author":[{"embeddable":true,"href":"https:\/\/agora.xtec.cat\/escolamunicipal-lasinia\/wp-json\/wp\/v2\/users\/1"}],"replies":[{"embeddable":true,"href":"https:\/\/agora.xtec.cat\/escolamunicipal-lasinia\/wp-json\/wp\/v2\/comments?post=4504"}],"version-history":[{"count":1,"href":"https:\/\/agora.xtec.cat\/escolamunicipal-lasinia\/wp-json\/wp\/v2\/posts\/4504\/revisions"}],"predecessor-version":[{"id":4537,"href":"https:\/\/agora.xtec.cat\/escolamunicipal-lasinia\/wp-json\/wp\/v2\/posts\/4504\/revisions\/4537"}],"wp:featuredmedia":[{"embeddable":true,"href":"https:\/\/agora.xtec.cat\/escolamunicipal-lasinia\/wp-json\/wp\/v2\/media\/4536"}],"wp:attachment":[{"href":"https:\/\/agora.xtec.cat\/escolamunicipal-lasinia\/wp-json\/wp\/v2\/media?parent=4504"}],"wp:term":[{"taxonomy":"category","embeddable":true,"href":"https:\/\/agora.xtec.cat\/escolamunicipal-lasinia\/wp-json\/wp\/v2\/categories?post=4504"},{"taxonomy":"post_tag","embeddable":true,"href":"https:\/\/agora.xtec.cat\/escolamunicipal-lasinia\/wp-json\/wp\/v2\/tags?post=4504"}],"curies":[{"name":"wp","href":"https:\/\/api.w.org\/{rel}","templated":true}]}}