{"id":4442,"date":"2019-09-07T16:07:15","date_gmt":"2019-09-07T14:07:15","guid":{"rendered":"http:\/\/agora.xtec.cat\/escolamunicipal-lasinia\/?p=4442"},"modified":"2019-09-07T16:07:15","modified_gmt":"2019-09-07T14:07:15","slug":"iniciem-el-curs","status":"publish","type":"post","link":"https:\/\/agora.xtec.cat\/escolamunicipal-lasinia\/portadageneral\/iniciem-el-curs\/","title":{"rendered":"Iniciem el curs!"},"content":{"rendered":"<p>Benvolgudes fam\u00edlies,<\/p>\n<p>Ja tornem a l&#8217;escola amb renovades energies, amb la il.lusi\u00f3 de comen\u00e7ar un nou curs i amb moltes expectatives per complir.<\/p>\n<p>A l&#8217;espera que el proper 12 de setembre els vostres fills i filles s&#8217;incorporin a l&#8217;escola, les i els mestres ja fa uns quants dies que estem treballant perqu\u00e8 tot estigui a punt.<\/p>\n<p>Una de les tasques en la qual continuem participant de forma activa \u00e9s en el projecte ParentSTEM. Com recordareu haver llegit a la web de l&#8217;escola, com en d&#8217;altres mitjans de comunicaci\u00f3 que ofereix el municipi, l&#8217;escola participa en aquest projecte d&#8217;\u00e0mbit europeu amb la univeristat UAB. A part del treball intern que aix\u00f2 suposa, la primera setmana de setembre hem tingut una sessi\u00f3 m\u00e9s de treball cooperatiu i formaci\u00f3 amb els representants dels altres pa\u00efsos participants. Aix\u00ed, que hem tingut la oportunitat de mostrar la nostra escola per dins. I despr\u00e9s de rebre l&#8217;admiraci\u00f3 dels i de les nostres companyes europees us deixem una mostra del que ha representat la primera setmana de setembre.<\/p>\n<p><a href=\"https:\/\/photos.app.goo.gl\/9aqtE9NJ1yfUVhv28\">Imatges<\/a>.<\/p>\n<p>Bon inici de curs a tothom!!<\/p>\n<p>&nbsp;<\/p>\n","protected":false},"excerpt":{"rendered":"<p>Benvolgudes fam\u00edlies, Ja tornem a l&#8217;escola amb renovades energies, amb la il.lusi\u00f3 de comen\u00e7ar un nou curs i amb moltes expectatives per complir. A l&#8217;espera que el proper 12 de setembre els vostres fills i filles s&#8217;incorporin a l&#8217;escola, les i els mestres ja fa uns quants dies que estem treballant perqu\u00e8 tot estigui a [&hellip;]<\/p>\n","protected":false},"author":1,"featured_media":4443,"comment_status":"open","ping_status":"closed","sticky":false,"template":"","format":"standard","meta":{"_bbp_topic_count":0,"_bbp_reply_count":0,"_bbp_total_topic_count":0,"_bbp_total_reply_count":0,"_bbp_voice_count":0,"_bbp_anonymous_reply_count":0,"_bbp_topic_count_hidden":0,"_bbp_reply_count_hidden":0,"_bbp_forum_subforum_count":0,"site-sidebar-layout":"default","site-content-layout":"","ast-site-content-layout":"","site-content-style":"default","site-sidebar-style":"default","ast-global-header-display":"","ast-banner-title-visibility":"","ast-main-header-display":"","ast-hfb-above-header-display":"","ast-hfb-below-header-display":"","ast-hfb-mobile-header-display":"","site-post-title":"","ast-breadcrumbs-content":"","ast-featured-img":"","footer-sml-layout":"","theme-transparent-header-meta":"","adv-header-id-meta":"","stick-header-meta":"","header-above-stick-meta":"","header-main-stick-meta":"","header-below-stick-meta":"","astra-migrate-meta-layouts":"default","ast-page-background-enabled":"default","ast-page-background-meta":{"desktop":{"background-color":"var(--ast-global-color-5)","background-image":"","background-repeat":"repeat","background-position":"center center","background-size":"auto","background-attachment":"scroll","background-type":"","background-media":"","overlay-type":"","overlay-color":"","overlay-opacity":"","overlay-gradient":""},"tablet":{"background-color":"","background-image":"","background-repeat":"repeat","background-position":"center center","background-size":"auto","background-attachment":"scroll","background-type":"","background-media":"","overlay-type":"","overlay-color":"","overlay-opacity":"","overlay-gradient":""},"mobile":{"background-color":"","background-image":"","background-repeat":"repeat","background-position":"center center","background-size":"auto","background-attachment":"scroll","background-type":"","background-media":"","overlay-type":"","overlay-color":"","overlay-opacity":"","overlay-gradient":""}},"ast-content-background-meta":{"desktop":{"background-color":"var(--ast-global-color-4)","background-image":"","background-repeat":"repeat","background-position":"center center","background-size":"auto","background-attachment":"scroll","background-type":"","background-media":"","overlay-type":"","overlay-color":"","overlay-opacity":"","overlay-gradient":""},"tablet":{"background-color":"var(--ast-global-color-4)","background-image":"","background-repeat":"repeat","background-position":"center center","background-size":"auto","background-attachment":"scroll","background-type":"","background-media":"","overlay-type":"","overlay-color":"","overlay-opacity":"","overlay-gradient":""},"mobile":{"background-color":"var(--ast-global-color-4)","background-image":"","background-repeat":"repeat","background-position":"center center","background-size":"auto","background-attachment":"scroll","background-type":"","background-media":"","overlay-type":"","overlay-color":"","overlay-opacity":"","overlay-gradient":""}},"footnotes":""},"categories":[55,137,138,139,1],"tags":[],"class_list":["post-4442","post","type-post","status-publish","format-standard","has-post-thumbnail","hentry","category-ed-infantil","category-curs-19-20-p3","category-curs-19-20-p4","category-curs-19-20-p5","category-portadageneral"],"post_mailing_queue_ids":[],"_links":{"self":[{"href":"https:\/\/agora.xtec.cat\/escolamunicipal-lasinia\/wp-json\/wp\/v2\/posts\/4442","targetHints":{"allow":["GET"]}}],"collection":[{"href":"https:\/\/agora.xtec.cat\/escolamunicipal-lasinia\/wp-json\/wp\/v2\/posts"}],"about":[{"href":"https:\/\/agora.xtec.cat\/escolamunicipal-lasinia\/wp-json\/wp\/v2\/types\/post"}],"author":[{"embeddable":true,"href":"https:\/\/agora.xtec.cat\/escolamunicipal-lasinia\/wp-json\/wp\/v2\/users\/1"}],"replies":[{"embeddable":true,"href":"https:\/\/agora.xtec.cat\/escolamunicipal-lasinia\/wp-json\/wp\/v2\/comments?post=4442"}],"version-history":[{"count":1,"href":"https:\/\/agora.xtec.cat\/escolamunicipal-lasinia\/wp-json\/wp\/v2\/posts\/4442\/revisions"}],"predecessor-version":[{"id":4444,"href":"https:\/\/agora.xtec.cat\/escolamunicipal-lasinia\/wp-json\/wp\/v2\/posts\/4442\/revisions\/4444"}],"wp:featuredmedia":[{"embeddable":true,"href":"https:\/\/agora.xtec.cat\/escolamunicipal-lasinia\/wp-json\/wp\/v2\/media\/4443"}],"wp:attachment":[{"href":"https:\/\/agora.xtec.cat\/escolamunicipal-lasinia\/wp-json\/wp\/v2\/media?parent=4442"}],"wp:term":[{"taxonomy":"category","embeddable":true,"href":"https:\/\/agora.xtec.cat\/escolamunicipal-lasinia\/wp-json\/wp\/v2\/categories?post=4442"},{"taxonomy":"post_tag","embeddable":true,"href":"https:\/\/agora.xtec.cat\/escolamunicipal-lasinia\/wp-json\/wp\/v2\/tags?post=4442"}],"curies":[{"name":"wp","href":"https:\/\/api.w.org\/{rel}","templated":true}]}}