{"id":4178,"date":"2019-05-27T15:27:25","date_gmt":"2019-05-27T13:27:25","guid":{"rendered":"http:\/\/agora.xtec.cat\/escolamunicipal-lasinia\/?p=4178"},"modified":"2019-05-27T15:29:21","modified_gmt":"2019-05-27T13:29:21","slug":"cantania-2019-a-de-brossa","status":"publish","type":"post","link":"https:\/\/agora.xtec.cat\/escolamunicipal-lasinia\/portadageneral\/cantania-2019-a-de-brossa\/","title":{"rendered":"CANT\u00c0NIA 2019: A de BROSSA"},"content":{"rendered":"<p><a href=\"https:\/\/agora.xtec.cat\/escolamunicipal-lasinia\/wp-content\/uploads\/usu978\/2019\/05\/20190522_172324.jpg\"><img loading=\"lazy\" decoding=\"async\" class=\"aligncenter wp-image-4179 size-large\" src=\"https:\/\/agora.xtec.cat\/escolamunicipal-lasinia\/wp-content\/uploads\/usu978\/2019\/05\/20190522_172324-1024x498.jpg\" alt=\"\" width=\"1024\" height=\"498\" srcset=\"https:\/\/agora.xtec.cat\/escolamunicipal-lasinia\/wp-content\/uploads\/usu978\/2019\/05\/20190522_172324-1024x498.jpg 1024w, https:\/\/agora.xtec.cat\/escolamunicipal-lasinia\/wp-content\/uploads\/usu978\/2019\/05\/20190522_172324-300x146.jpg 300w, https:\/\/agora.xtec.cat\/escolamunicipal-lasinia\/wp-content\/uploads\/usu978\/2019\/05\/20190522_172324-768x374.jpg 768w, https:\/\/agora.xtec.cat\/escolamunicipal-lasinia\/wp-content\/uploads\/usu978\/2019\/05\/20190522_172324.jpg 1612w\" sizes=\"auto, (max-width: 1024px) 100vw, 1024px\" \/><\/a><\/p>\n<p>El passat dimecres 22 de maig a la tarda els i les alumnes de 6\u00e8 van fer el concert de Cant\u00e0nia que portaven gran part del curs preparant.<\/p>\n<p>Van interpretar la cantata &#8220;A de Brossa&#8221; amb m\u00fasica d&#8217;Eduard Iniesta, poemes de Joan Brossa i Miquel Desclot i dramat\u00fargia de Marta Gil.<\/p>\n<p>La cantata va ser tot un \u00e8xit i ens ho vam passar tant i tant b\u00e9 fent el concert que ens va passar volant.<\/p>\n<p><a href=\"https:\/\/photos.app.goo.gl\/zAHaDvRRzEiv3MZi9\">Aqu\u00ed<\/a> podeu veure un petit recull de fotografies (moltes gr\u00e0cies a les fam\u00edlies que ens n&#8217;han fet arribar!!).<\/p>\n","protected":false},"excerpt":{"rendered":"<p>El passat dimecres 22 de maig a la tarda els i les alumnes de 6\u00e8 van fer el concert de Cant\u00e0nia que portaven gran part del curs preparant. Van interpretar la cantata &#8220;A de Brossa&#8221; amb m\u00fasica d&#8217;Eduard Iniesta, poemes de Joan Brossa i Miquel Desclot i dramat\u00fargia de Marta Gil. La cantata va ser [&hellip;]<\/p>\n","protected":false},"author":1,"featured_media":4179,"comment_status":"open","ping_status":"closed","sticky":false,"template":"","format":"standard","meta":{"_bbp_topic_count":0,"_bbp_reply_count":0,"_bbp_total_topic_count":0,"_bbp_total_reply_count":0,"_bbp_voice_count":0,"_bbp_anonymous_reply_count":0,"_bbp_topic_count_hidden":0,"_bbp_reply_count_hidden":0,"_bbp_forum_subforum_count":0,"site-sidebar-layout":"default","site-content-layout":"","ast-site-content-layout":"","site-content-style":"default","site-sidebar-style":"default","ast-global-header-display":"","ast-banner-title-visibility":"","ast-main-header-display":"","ast-hfb-above-header-display":"","ast-hfb-below-header-display":"","ast-hfb-mobile-header-display":"","site-post-title":"","ast-breadcrumbs-content":"","ast-featured-img":"","footer-sml-layout":"","theme-transparent-header-meta":"","adv-header-id-meta":"","stick-header-meta":"","header-above-stick-meta":"","header-main-stick-meta":"","header-below-stick-meta":"","astra-migrate-meta-layouts":"default","ast-page-background-enabled":"default","ast-page-background-meta":{"desktop":{"background-color":"var(--ast-global-color-5)","background-image":"","background-repeat":"repeat","background-position":"center center","background-size":"auto","background-attachment":"scroll","background-type":"","background-media":"","overlay-type":"","overlay-color":"","overlay-opacity":"","overlay-gradient":""},"tablet":{"background-color":"","background-image":"","background-repeat":"repeat","background-position":"center center","background-size":"auto","background-attachment":"scroll","background-type":"","background-media":"","overlay-type":"","overlay-color":"","overlay-opacity":"","overlay-gradient":""},"mobile":{"background-color":"","background-image":"","background-repeat":"repeat","background-position":"center center","background-size":"auto","background-attachment":"scroll","background-type":"","background-media":"","overlay-type":"","overlay-color":"","overlay-opacity":"","overlay-gradient":""}},"ast-content-background-meta":{"desktop":{"background-color":"var(--ast-global-color-4)","background-image":"","background-repeat":"repeat","background-position":"center center","background-size":"auto","background-attachment":"scroll","background-type":"","background-media":"","overlay-type":"","overlay-color":"","overlay-opacity":"","overlay-gradient":""},"tablet":{"background-color":"var(--ast-global-color-4)","background-image":"","background-repeat":"repeat","background-position":"center center","background-size":"auto","background-attachment":"scroll","background-type":"","background-media":"","overlay-type":"","overlay-color":"","overlay-opacity":"","overlay-gradient":""},"mobile":{"background-color":"var(--ast-global-color-4)","background-image":"","background-repeat":"repeat","background-position":"center center","background-size":"auto","background-attachment":"scroll","background-type":"","background-media":"","overlay-type":"","overlay-color":"","overlay-opacity":"","overlay-gradient":""}},"footnotes":""},"categories":[62,63,125,121,1],"tags":[],"class_list":["post-4178","post","type-post","status-publish","format-standard","has-post-thumbnail","hentry","category-6e","category-musica","category-curs-18-19-6e","category-curs18-19","category-portadageneral"],"post_mailing_queue_ids":[],"_links":{"self":[{"href":"https:\/\/agora.xtec.cat\/escolamunicipal-lasinia\/wp-json\/wp\/v2\/posts\/4178","targetHints":{"allow":["GET"]}}],"collection":[{"href":"https:\/\/agora.xtec.cat\/escolamunicipal-lasinia\/wp-json\/wp\/v2\/posts"}],"about":[{"href":"https:\/\/agora.xtec.cat\/escolamunicipal-lasinia\/wp-json\/wp\/v2\/types\/post"}],"author":[{"embeddable":true,"href":"https:\/\/agora.xtec.cat\/escolamunicipal-lasinia\/wp-json\/wp\/v2\/users\/1"}],"replies":[{"embeddable":true,"href":"https:\/\/agora.xtec.cat\/escolamunicipal-lasinia\/wp-json\/wp\/v2\/comments?post=4178"}],"version-history":[{"count":3,"href":"https:\/\/agora.xtec.cat\/escolamunicipal-lasinia\/wp-json\/wp\/v2\/posts\/4178\/revisions"}],"predecessor-version":[{"id":4183,"href":"https:\/\/agora.xtec.cat\/escolamunicipal-lasinia\/wp-json\/wp\/v2\/posts\/4178\/revisions\/4183"}],"wp:featuredmedia":[{"embeddable":true,"href":"https:\/\/agora.xtec.cat\/escolamunicipal-lasinia\/wp-json\/wp\/v2\/media\/4179"}],"wp:attachment":[{"href":"https:\/\/agora.xtec.cat\/escolamunicipal-lasinia\/wp-json\/wp\/v2\/media?parent=4178"}],"wp:term":[{"taxonomy":"category","embeddable":true,"href":"https:\/\/agora.xtec.cat\/escolamunicipal-lasinia\/wp-json\/wp\/v2\/categories?post=4178"},{"taxonomy":"post_tag","embeddable":true,"href":"https:\/\/agora.xtec.cat\/escolamunicipal-lasinia\/wp-json\/wp\/v2\/tags?post=4178"}],"curies":[{"name":"wp","href":"https:\/\/api.w.org\/{rel}","templated":true}]}}