{"id":4067,"date":"2019-04-26T18:02:11","date_gmt":"2019-04-26T16:02:11","guid":{"rendered":"http:\/\/agora.xtec.cat\/escolamunicipal-lasinia\/?p=4067"},"modified":"2019-04-29T12:50:01","modified_gmt":"2019-04-29T10:50:01","slug":"els-compositors-entren-a-laula","status":"publish","type":"post","link":"https:\/\/agora.xtec.cat\/escolamunicipal-lasinia\/portadageneral\/els-compositors-entren-a-laula\/","title":{"rendered":"ELS COMPOSITORS ENTREN A L&#8217;AULA DE 5\u00e8"},"content":{"rendered":"<p style=\"text-align: center;\"><a href=\"https:\/\/agora.xtec.cat\/escolamunicipal-lasinia\/wp-content\/uploads\/usu978\/2019\/04\/IMG_5469.jpg\"><img loading=\"lazy\" decoding=\"async\" class=\"wp-image-4068 alignleft\" src=\"https:\/\/agora.xtec.cat\/escolamunicipal-lasinia\/wp-content\/uploads\/usu978\/2019\/04\/IMG_5469-1024x768.jpg\" alt=\"\" width=\"257\" height=\"193\" srcset=\"https:\/\/agora.xtec.cat\/escolamunicipal-lasinia\/wp-content\/uploads\/usu978\/2019\/04\/IMG_5469-1024x768.jpg 1024w, https:\/\/agora.xtec.cat\/escolamunicipal-lasinia\/wp-content\/uploads\/usu978\/2019\/04\/IMG_5469-300x225.jpg 300w, https:\/\/agora.xtec.cat\/escolamunicipal-lasinia\/wp-content\/uploads\/usu978\/2019\/04\/IMG_5469-768x576.jpg 768w, https:\/\/agora.xtec.cat\/escolamunicipal-lasinia\/wp-content\/uploads\/usu978\/2019\/04\/IMG_5469-200x150.jpg 200w\" sizes=\"auto, (max-width: 257px) 100vw, 257px\" \/><\/a><\/p>\n<p><span style=\"font-weight: 400;\">Aquest any, a m\u00fasica, els i les alumnes de 5\u00e8 hem dut a terme un projecte anomenat \u201cEls compositors entren a l\u2019aula\u201d, en col\u00b7laboraci\u00f3 amb l\u2019ICE de la UAB.<\/span><\/p>\n<p><span style=\"font-weight: 400;\">Consta d\u2019una <\/span><b>primera fase d\u2019audici\u00f3<\/b><span style=\"font-weight: 400;\"> d\u2019una obra proposada pel grup de treball de l\u2019ICE d\u2019un compositor contemporani.\u00a0<\/span><span style=\"font-weight: 400;\">En el nostre cas hem estat treballant sobre una obra del compositor de Reus <\/span><i><span style=\"font-weight: 400;\">Joan Magran\u00e9 <\/span><\/i><span style=\"font-weight: 400;\">(<\/span><a href=\"https:\/\/joanmagrane.com\/\"><span style=\"font-weight: 400;\">https:\/\/joanmagrane.com\/<\/span><\/a><span style=\"font-weight: 400;\">).<\/span><\/p>\n<p><span style=\"font-weight: 400;\">L\u2019obra treballada ha sigut \u201cTrois augures (d\u2019apr\u00e8s Orlando di Lassus)\u201d per a saxo soprano, percussi\u00f3 i piano, el fragment titulat Sibil\u00b7la Eritrea (<\/span><a href=\"https:\/\/vimeo.com\/123937480\"><span style=\"font-weight: 400;\">https:\/\/vimeo.com\/123937480<\/span><\/a><span style=\"font-weight: 400;\"> fragment que va del minut 4:42 fins al 6:43).<\/span><\/p>\n<p><span style=\"font-weight: 400;\">A partir de l\u2019escolta de l\u2019obra vam extreure totes les sensacions que ens ha produ\u00eft l\u2019obra, les diferents maneres de producci\u00f3 del so i \u00a0els elements musicals clau que el compositor ha utilitzat.<\/span><\/p>\n<p>&nbsp;<\/p>\n<p><span style=\"font-weight: 400;\">Una <\/span><b>segona fase d\u2019exploraci\u00f3 sonora<\/b><span style=\"font-weight: 400;\"> on vam poder explorar diferents maneres de fer sonar els instruments que tenim a l\u2019aula de m\u00fasica en funci\u00f3 d\u2019all\u00f2 que volem expressar o el so que volem aconseguir. Vam fer diferents combinacions entre instruments i vam poder experimentar \u201cqu\u00e8 passaria si el toco d\u2019aquesta manera\u2026\u201d, \u201ccom queda si toquem junts\u2026\u201d, \u201cpodem fer di\u00e0legs entre instruments..\u201d, \u201cpodem canviar la intensitat, el timbre\u2026 dels instruments segons com els toquem\u2026\u201d..<\/span><\/p>\n<p>&nbsp;<\/p>\n<p><span style=\"font-weight: 400;\">Despr\u00e9s d\u2019aquesta exploraci\u00f3 sonora va arribar una <\/span><b>tercera fase, la fase de creaci\u00f3<\/b><span style=\"font-weight: 400;\">. Els i les alumnes van crear les seves pr\u00f2pies composicions en grups de 5 persones.<\/span><\/p>\n<p><span style=\"font-weight: 400;\">Van utilitzar els elements musicals que hav\u00edem extret de l\u2019obra de Joan Magran\u00e9 i les idees sorgides de l\u2018exploraci\u00f3 sonora per posar-ho al servei d\u2019all\u00f2 que van decidir expressar entre tot el grup. Van pensar l\u2019estructura de la creaci\u00f3, el car\u00e0cter de cadascuna d\u2019aquestes parts i de quina manera utilitzaven el so i el silenci de cada instrument fins a obtenir la seva pr\u00f2pia creaci\u00f3.<\/span><\/p>\n<p>&nbsp;<\/p>\n<p><span style=\"font-weight: 400;\">En una <\/span><b>quarta fase ens va visitar el compositor a l\u2019escola<\/b><span style=\"font-weight: 400;\">. El dimarts 12 de mar\u00e7 en Joan Magran\u00e9 va venir a l\u2019escola a treballar amb els nens i nenes. Cada grup va tocar la seva obra i ell els va donar \u201crecursos de compositor\u201d per fer cr\u00e9ixer encara m\u00e9s les seves creacions.<\/span><\/p>\n<p><span style=\"font-weight: 400;\">La visita va ser un regal, les nenes i els nens de 5\u00e8 tenien molt clara la seva obra, la coneixien, la sabien argumentar i defensar i van acceptar els consells del compositor amb una molt bona connexi\u00f3. Van incorporar la majoria de les seves observacions i van tenir una entesa i un llenguatge molt proper.<\/span><\/p>\n<p>&nbsp;<\/p>\n<p><span style=\"font-weight: 400;\">Finalment va arribar l\u2019\u00faltima part del projecte <\/span><b>El concert a l\u2019Auditori de Barcelona<\/b><span style=\"font-weight: 400;\">. El dia 10 d\u2019abril vam anar a l\u2019Auditori de Barcelona per compartir les nostres obres amb d\u2019altres escoles que tamb\u00e9 van participar en aquest projecte.<\/span><\/p>\n<p><span style=\"font-weight: 400;\">Aqu\u00ed podeu trobar un recull de fotografies de tot el proc\u00e9s:<\/span><\/p>\n<ul>\n<li style=\"font-weight: 400;\"><span style=\"font-weight: 400;\"><a href=\"https:\/\/photos.app.goo.gl\/xm9mp7QWnamWKqq39\">Creaci\u00f3 i assajos a l\u2019escola<\/a> (els v\u00eddeos que veureu aqu\u00ed s\u00f3n anteriors a la vista del compositor)\u00a0<\/span><\/li>\n<li style=\"font-weight: 400;\"><span style=\"font-weight: 400;\"><a href=\"https:\/\/photos.app.goo.gl\/KcSw3zCsdSuDRECw7\">Visita d\u2019en Joan Magran\u00e9 a l&#8217;escola<\/a>\u00a0<\/span><\/li>\n<li style=\"font-weight: 400;\"><span style=\"font-weight: 400;\"><a href=\"https:\/\/photos.app.goo.gl\/A8TesdSxhdbUvWwJ6\">Concert a l\u2019Auditori de Barcelona<\/a>\u00a0<\/span><\/li>\n<\/ul>\n<p><span style=\"font-weight: 400;\">Si teniu ganes de saber una mica m\u00e9s d\u2019on neix i com \u00e9s aquest projecte en trobareu m\u00e9s informaci\u00f3 en els seg\u00fcents enlla\u00e7os:<\/span><\/p>\n<p><span style=\"font-weight: 400;\">En aquest enlla\u00e7 hi trobareu un article que va sortir al diari d&#8217;educaci\u00f3:\u00a0<\/span><a style=\"font-family: inherit; font-size: 1em;\" href=\"http:\/\/diarieducacio.cat\/blogs\/aprenentatgeservei\/2018\/04\/11\/els-compositors-entren-a-laula\/\">http:\/\/diarieducacio.cat\/blogs\/aprenentatgeservei\/2018\/04\/11\/els-compositors-entren-a-laula\/<\/a><\/p>\n<p><span style=\"font-weight: 400;\">I aquest v\u00eddeo que explica molt b\u00e9 el desenvolupament del projecte: <\/span><a href=\"https:\/\/www.youtube.com\/watch?v=tx1fc_YpEM4\"><span style=\"font-weight: 400;\">https:\/\/www.youtube.com\/watch?v=tx1fc_YpEM4<\/span><\/a><\/p>\n","protected":false},"excerpt":{"rendered":"<p>Aquest any, a m\u00fasica, els i les alumnes de 5\u00e8 hem dut a terme un projecte anomenat \u201cEls compositors entren a l\u2019aula\u201d, en col\u00b7laboraci\u00f3 amb l\u2019ICE de la UAB. Consta d\u2019una primera fase d\u2019audici\u00f3 d\u2019una obra proposada pel grup de treball de l\u2019ICE d\u2019un compositor contemporani.\u00a0En el nostre cas hem estat treballant sobre una obra [&hellip;]<\/p>\n","protected":false},"author":1,"featured_media":4068,"comment_status":"open","ping_status":"closed","sticky":false,"template":"","format":"standard","meta":{"_bbp_topic_count":0,"_bbp_reply_count":0,"_bbp_total_topic_count":0,"_bbp_total_reply_count":0,"_bbp_voice_count":0,"_bbp_anonymous_reply_count":0,"_bbp_topic_count_hidden":0,"_bbp_reply_count_hidden":0,"_bbp_forum_subforum_count":0,"site-sidebar-layout":"default","site-content-layout":"","ast-site-content-layout":"","site-content-style":"default","site-sidebar-style":"default","ast-global-header-display":"","ast-banner-title-visibility":"","ast-main-header-display":"","ast-hfb-above-header-display":"","ast-hfb-below-header-display":"","ast-hfb-mobile-header-display":"","site-post-title":"","ast-breadcrumbs-content":"","ast-featured-img":"","footer-sml-layout":"","theme-transparent-header-meta":"","adv-header-id-meta":"","stick-header-meta":"","header-above-stick-meta":"","header-main-stick-meta":"","header-below-stick-meta":"","astra-migrate-meta-layouts":"default","ast-page-background-enabled":"default","ast-page-background-meta":{"desktop":{"background-color":"var(--ast-global-color-5)","background-image":"","background-repeat":"repeat","background-position":"center center","background-size":"auto","background-attachment":"scroll","background-type":"","background-media":"","overlay-type":"","overlay-color":"","overlay-opacity":"","overlay-gradient":""},"tablet":{"background-color":"","background-image":"","background-repeat":"repeat","background-position":"center center","background-size":"auto","background-attachment":"scroll","background-type":"","background-media":"","overlay-type":"","overlay-color":"","overlay-opacity":"","overlay-gradient":""},"mobile":{"background-color":"","background-image":"","background-repeat":"repeat","background-position":"center center","background-size":"auto","background-attachment":"scroll","background-type":"","background-media":"","overlay-type":"","overlay-color":"","overlay-opacity":"","overlay-gradient":""}},"ast-content-background-meta":{"desktop":{"background-color":"var(--ast-global-color-4)","background-image":"","background-repeat":"repeat","background-position":"center center","background-size":"auto","background-attachment":"scroll","background-type":"","background-media":"","overlay-type":"","overlay-color":"","overlay-opacity":"","overlay-gradient":""},"tablet":{"background-color":"var(--ast-global-color-4)","background-image":"","background-repeat":"repeat","background-position":"center center","background-size":"auto","background-attachment":"scroll","background-type":"","background-media":"","overlay-type":"","overlay-color":"","overlay-opacity":"","overlay-gradient":""},"mobile":{"background-color":"var(--ast-global-color-4)","background-image":"","background-repeat":"repeat","background-position":"center center","background-size":"auto","background-attachment":"scroll","background-type":"","background-media":"","overlay-type":"","overlay-color":"","overlay-opacity":"","overlay-gradient":""}},"footnotes":""},"categories":[61,63,126,121,1],"tags":[],"class_list":["post-4067","post","type-post","status-publish","format-standard","has-post-thumbnail","hentry","category-5e","category-musica","category-curs-18-19-5e","category-curs18-19","category-portadageneral"],"post_mailing_queue_ids":[],"_links":{"self":[{"href":"https:\/\/agora.xtec.cat\/escolamunicipal-lasinia\/wp-json\/wp\/v2\/posts\/4067","targetHints":{"allow":["GET"]}}],"collection":[{"href":"https:\/\/agora.xtec.cat\/escolamunicipal-lasinia\/wp-json\/wp\/v2\/posts"}],"about":[{"href":"https:\/\/agora.xtec.cat\/escolamunicipal-lasinia\/wp-json\/wp\/v2\/types\/post"}],"author":[{"embeddable":true,"href":"https:\/\/agora.xtec.cat\/escolamunicipal-lasinia\/wp-json\/wp\/v2\/users\/1"}],"replies":[{"embeddable":true,"href":"https:\/\/agora.xtec.cat\/escolamunicipal-lasinia\/wp-json\/wp\/v2\/comments?post=4067"}],"version-history":[{"count":3,"href":"https:\/\/agora.xtec.cat\/escolamunicipal-lasinia\/wp-json\/wp\/v2\/posts\/4067\/revisions"}],"predecessor-version":[{"id":4077,"href":"https:\/\/agora.xtec.cat\/escolamunicipal-lasinia\/wp-json\/wp\/v2\/posts\/4067\/revisions\/4077"}],"wp:featuredmedia":[{"embeddable":true,"href":"https:\/\/agora.xtec.cat\/escolamunicipal-lasinia\/wp-json\/wp\/v2\/media\/4068"}],"wp:attachment":[{"href":"https:\/\/agora.xtec.cat\/escolamunicipal-lasinia\/wp-json\/wp\/v2\/media?parent=4067"}],"wp:term":[{"taxonomy":"category","embeddable":true,"href":"https:\/\/agora.xtec.cat\/escolamunicipal-lasinia\/wp-json\/wp\/v2\/categories?post=4067"},{"taxonomy":"post_tag","embeddable":true,"href":"https:\/\/agora.xtec.cat\/escolamunicipal-lasinia\/wp-json\/wp\/v2\/tags?post=4067"}],"curies":[{"name":"wp","href":"https:\/\/api.w.org\/{rel}","templated":true}]}}