{"id":4060,"date":"2019-04-26T17:38:24","date_gmt":"2019-04-26T15:38:24","guid":{"rendered":"http:\/\/agora.xtec.cat\/escolamunicipal-lasinia\/?p=4060"},"modified":"2019-04-26T17:38:24","modified_gmt":"2019-04-26T15:38:24","slug":"setmana-cultural-divendres-26-dabril","status":"publish","type":"post","link":"https:\/\/agora.xtec.cat\/escolamunicipal-lasinia\/portadageneral\/setmana-cultural-divendres-26-dabril\/","title":{"rendered":"SETMANA CULTURAL Divendres 26 d&#8217;abril"},"content":{"rendered":"<p>&#8220;Todo lo bueno se acaba&#8230;&#8221; Aix\u00f2 diuen, no? Per alguns\/es ha estat la primera setmana cultural i per uns altres l&#8217;\u00faltima de moltes. Vaig comen\u00e7ar la setmana publicant un article dient que &#8220;est\u00e0vem escrivint una \u00a0hist\u00f2ria m\u00e0gica&#8221; i no m&#8217;equivocava. Amb la c\u00e0mara hem intentat captar els millors moments, per\u00f2 us podem ben assegurar que el que aquests dies s&#8217;ha viscut a la S\u00ednia \u00e9s molt m\u00e9s que uns dies d&#8217;escola.<\/p>\n<p>Aqu\u00ed us deixem amb les darreres imatges d&#8217;aquesta setmana cultural:<\/p>\n<ul>\n<li><a href=\"https:\/\/photos.app.goo.gl\/wMZde8xSk3K57LrH7\" target=\"_blank\" rel=\"noopener\">Intercanvi P3 a 3r<\/a><\/li>\n<li><a href=\"https:\/\/photos.app.goo.gl\/4pVuUMbe347ySgtT9\" target=\"_blank\" rel=\"noopener\">Intercanvi P4 a 1r<\/a><\/li>\n<li><a href=\"https:\/\/photos.app.goo.gl\/vyyvwfahDMqFboZy9\" target=\"_blank\" rel=\"noopener\">Intercanvi P5 a 4t<\/a><\/li>\n<li><a href=\"https:\/\/photos.app.goo.gl\/PUdszMGyDhN4Y5Dx5\" target=\"_blank\" rel=\"noopener\">Intercanvi 1r a 6\u00e8<\/a><\/li>\n<li><a href=\"https:\/\/photos.app.goo.gl\/kzTF4bYi2CcRLBKG6\" target=\"_blank\" rel=\"noopener\">Intercanvi 2n a 5\u00e8<\/a><\/li>\n<li><a href=\"https:\/\/photos.app.goo.gl\/65pHisv7FRcMLdvH7\" target=\"_blank\" rel=\"noopener\">Intercanvi 3r a P4<\/a><\/li>\n<li><a href=\"https:\/\/photos.app.goo.gl\/EZNwEimToHRMJrFo7\" target=\"_blank\" rel=\"noopener\">Intercanvi 4t a P3<\/a><\/li>\n<li><a href=\"https:\/\/photos.app.goo.gl\/dwM5rqVeGgCjBmhF8\" target=\"_blank\" rel=\"noopener\">Intercanvi 5\u00e8 a P5<\/a><\/li>\n<li><a href=\"https:\/\/photos.app.goo.gl\/dWk73Be8M89jFSYQ9\" target=\"_blank\" rel=\"noopener\">Intercanvi 6\u00e8 a 2n<\/a><\/li>\n<li><a href=\"https:\/\/photos.app.goo.gl\/1GmkwFXhxqKMSPb96\" target=\"_blank\" rel=\"noopener\">P5 &#8211; Taller de m\u00fasica<\/a><\/li>\n<li><a href=\"https:\/\/photos.app.goo.gl\/KsQW6qyaACjZGTEK9\" target=\"_blank\" rel=\"noopener\">CI &#8211; Som CASTELLERS<\/a><\/li>\n<li><a href=\"https:\/\/photos.app.goo.gl\/9zKWNaQjDsG3PMeb6\" target=\"_blank\" rel=\"noopener\">2n &#8211; Fem expressi\u00f3 corporal<\/a><\/li>\n<li><a href=\"https:\/\/photos.app.goo.gl\/1QLNXWMkrZN5gDe26\" target=\"_blank\" rel=\"noopener\">6\u00e8 \u2013 Taller pl\u00e0stic 0 <\/a>(hem afegit fotos al link que ja hav\u00edem creat)<\/li>\n<li><a href=\"https:\/\/photos.app.goo.gl\/DkjFzBb7hMMCrWt77\" target=\"_blank\" rel=\"noopener\">Els mestres tamb\u00e9 hem fet un taller<\/a><a href=\"https:\/\/agora.xtec.cat\/escolamunicipal-lasinia\/wp-content\/uploads\/usu978\/2019\/04\/DSC0598-1.jpg\"><img loading=\"lazy\" decoding=\"async\" class=\"aligncenter  wp-image-4064\" src=\"https:\/\/agora.xtec.cat\/escolamunicipal-lasinia\/wp-content\/uploads\/usu978\/2019\/04\/DSC0598-1-300x199.jpg\" alt=\"\" width=\"463\" height=\"307\" srcset=\"https:\/\/agora.xtec.cat\/escolamunicipal-lasinia\/wp-content\/uploads\/usu978\/2019\/04\/DSC0598-1-300x199.jpg 300w, https:\/\/agora.xtec.cat\/escolamunicipal-lasinia\/wp-content\/uploads\/usu978\/2019\/04\/DSC0598-1-768x510.jpg 768w, https:\/\/agora.xtec.cat\/escolamunicipal-lasinia\/wp-content\/uploads\/usu978\/2019\/04\/DSC0598-1-1024x680.jpg 1024w\" sizes=\"auto, (max-width: 463px) 100vw, 463px\" \/><\/a><\/li>\n<\/ul>\n<p>&nbsp;<\/p>\n<p>&nbsp;<\/p>\n","protected":false},"excerpt":{"rendered":"<p>&#8220;Todo lo bueno se acaba&#8230;&#8221; Aix\u00f2 diuen, no? Per alguns\/es ha estat la primera setmana cultural i per uns altres l&#8217;\u00faltima de moltes. Vaig comen\u00e7ar la setmana publicant un article dient que &#8220;est\u00e0vem escrivint una \u00a0hist\u00f2ria m\u00e0gica&#8221; i no m&#8217;equivocava. Amb la c\u00e0mara hem intentat captar els millors moments, per\u00f2 us podem ben assegurar que [&hellip;]<\/p>\n","protected":false},"author":1,"featured_media":4063,"comment_status":"open","ping_status":"closed","sticky":false,"template":"","format":"standard","meta":{"_bbp_topic_count":0,"_bbp_reply_count":0,"_bbp_total_topic_count":0,"_bbp_total_reply_count":0,"_bbp_voice_count":0,"_bbp_anonymous_reply_count":0,"_bbp_topic_count_hidden":0,"_bbp_reply_count_hidden":0,"_bbp_forum_subforum_count":0,"site-sidebar-layout":"default","site-content-layout":"","ast-site-content-layout":"","site-content-style":"default","site-sidebar-style":"default","ast-global-header-display":"","ast-banner-title-visibility":"","ast-main-header-display":"","ast-hfb-above-header-display":"","ast-hfb-below-header-display":"","ast-hfb-mobile-header-display":"","site-post-title":"","ast-breadcrumbs-content":"","ast-featured-img":"","footer-sml-layout":"","theme-transparent-header-meta":"","adv-header-id-meta":"","stick-header-meta":"","header-above-stick-meta":"","header-main-stick-meta":"","header-below-stick-meta":"","astra-migrate-meta-layouts":"default","ast-page-background-enabled":"default","ast-page-background-meta":{"desktop":{"background-color":"var(--ast-global-color-5)","background-image":"","background-repeat":"repeat","background-position":"center center","background-size":"auto","background-attachment":"scroll","background-type":"","background-media":"","overlay-type":"","overlay-color":"","overlay-opacity":"","overlay-gradient":""},"tablet":{"background-color":"","background-image":"","background-repeat":"repeat","background-position":"center center","background-size":"auto","background-attachment":"scroll","background-type":"","background-media":"","overlay-type":"","overlay-color":"","overlay-opacity":"","overlay-gradient":""},"mobile":{"background-color":"","background-image":"","background-repeat":"repeat","background-position":"center center","background-size":"auto","background-attachment":"scroll","background-type":"","background-media":"","overlay-type":"","overlay-color":"","overlay-opacity":"","overlay-gradient":""}},"ast-content-background-meta":{"desktop":{"background-color":"var(--ast-global-color-4)","background-image":"","background-repeat":"repeat","background-position":"center center","background-size":"auto","background-attachment":"scroll","background-type":"","background-media":"","overlay-type":"","overlay-color":"","overlay-opacity":"","overlay-gradient":""},"tablet":{"background-color":"var(--ast-global-color-4)","background-image":"","background-repeat":"repeat","background-position":"center center","background-size":"auto","background-attachment":"scroll","background-type":"","background-media":"","overlay-type":"","overlay-color":"","overlay-opacity":"","overlay-gradient":""},"mobile":{"background-color":"var(--ast-global-color-4)","background-image":"","background-repeat":"repeat","background-position":"center center","background-size":"auto","background-attachment":"scroll","background-type":"","background-media":"","overlay-type":"","overlay-color":"","overlay-opacity":"","overlay-gradient":""}},"footnotes":""},"categories":[1],"tags":[],"class_list":["post-4060","post","type-post","status-publish","format-standard","has-post-thumbnail","hentry","category-portadageneral"],"post_mailing_queue_ids":[],"_links":{"self":[{"href":"https:\/\/agora.xtec.cat\/escolamunicipal-lasinia\/wp-json\/wp\/v2\/posts\/4060","targetHints":{"allow":["GET"]}}],"collection":[{"href":"https:\/\/agora.xtec.cat\/escolamunicipal-lasinia\/wp-json\/wp\/v2\/posts"}],"about":[{"href":"https:\/\/agora.xtec.cat\/escolamunicipal-lasinia\/wp-json\/wp\/v2\/types\/post"}],"author":[{"embeddable":true,"href":"https:\/\/agora.xtec.cat\/escolamunicipal-lasinia\/wp-json\/wp\/v2\/users\/1"}],"replies":[{"embeddable":true,"href":"https:\/\/agora.xtec.cat\/escolamunicipal-lasinia\/wp-json\/wp\/v2\/comments?post=4060"}],"version-history":[{"count":3,"href":"https:\/\/agora.xtec.cat\/escolamunicipal-lasinia\/wp-json\/wp\/v2\/posts\/4060\/revisions"}],"predecessor-version":[{"id":4065,"href":"https:\/\/agora.xtec.cat\/escolamunicipal-lasinia\/wp-json\/wp\/v2\/posts\/4060\/revisions\/4065"}],"wp:featuredmedia":[{"embeddable":true,"href":"https:\/\/agora.xtec.cat\/escolamunicipal-lasinia\/wp-json\/wp\/v2\/media\/4063"}],"wp:attachment":[{"href":"https:\/\/agora.xtec.cat\/escolamunicipal-lasinia\/wp-json\/wp\/v2\/media?parent=4060"}],"wp:term":[{"taxonomy":"category","embeddable":true,"href":"https:\/\/agora.xtec.cat\/escolamunicipal-lasinia\/wp-json\/wp\/v2\/categories?post=4060"},{"taxonomy":"post_tag","embeddable":true,"href":"https:\/\/agora.xtec.cat\/escolamunicipal-lasinia\/wp-json\/wp\/v2\/tags?post=4060"}],"curies":[{"name":"wp","href":"https:\/\/api.w.org\/{rel}","templated":true}]}}