{"id":3978,"date":"2019-04-23T17:59:56","date_gmt":"2019-04-23T15:59:56","guid":{"rendered":"http:\/\/agora.xtec.cat\/escolamunicipal-lasinia\/?p=3978"},"modified":"2019-04-23T17:59:56","modified_gmt":"2019-04-23T15:59:56","slug":"setmana-cultural-dimarts-23-dabril","status":"publish","type":"post","link":"https:\/\/agora.xtec.cat\/escolamunicipal-lasinia\/portadageneral\/setmana-cultural-dimarts-23-dabril\/","title":{"rendered":"SETMANA CULTURAL &#8211; Dimarts 23 d&#8217;Abril"},"content":{"rendered":"<p><a href=\"https:\/\/agora.xtec.cat\/escolamunicipal-lasinia\/wp-content\/uploads\/usu978\/2019\/04\/DSC0925.jpg\"><img loading=\"lazy\" decoding=\"async\" class=\"size-medium wp-image-4031 alignleft\" src=\"https:\/\/agora.xtec.cat\/escolamunicipal-lasinia\/wp-content\/uploads\/usu978\/2019\/04\/DSC0925-300x199.jpg\" alt=\"\" width=\"300\" height=\"199\" srcset=\"https:\/\/agora.xtec.cat\/escolamunicipal-lasinia\/wp-content\/uploads\/usu978\/2019\/04\/DSC0925-300x199.jpg 300w, https:\/\/agora.xtec.cat\/escolamunicipal-lasinia\/wp-content\/uploads\/usu978\/2019\/04\/DSC0925-768x510.jpg 768w, https:\/\/agora.xtec.cat\/escolamunicipal-lasinia\/wp-content\/uploads\/usu978\/2019\/04\/DSC0925-1024x680.jpg 1024w\" sizes=\"auto, (max-width: 300px) 100vw, 300px\" \/><\/a>La pluja no ens atura, encetem la Setmana Cultural 2019 amb un drac carregat de llibres i un Sant Jordi farcit de precioses roses, jocs de paraules i contes vora el foc&#8230; Les hist\u00f2ries sempre tenen un toc m\u00e0gic i avui entre tots hem escrit una que de ben segur se&#8217;ls hi quedar\u00e0 al calaix dels bons records.<\/p>\n<p>Passejo pels passadissos buscant moments i em trobo el millor regal que un\/a mestre\/a pot rebre de l&#8217;alumnat: somriures i il\u00b7lusi\u00f3.<\/p>\n<p>Bona setmana cultural alumnat i companys\/es de La S\u00ednia!<\/p>\n<p>Aqu\u00ed us deixo amb el recull de les imatges del dia d&#8217;avui:<\/p>\n<ul>\n<li><a href=\"https:\/\/photos.app.goo.gl\/D4v4h2ETKy4oQq7i7\" target=\"_blank\" rel=\"noopener\">P3 \u00a0i P4 &#8211; Paradeta de llibres<\/a><\/li>\n<li><a href=\"https:\/\/photos.app.goo.gl\/qRWRjR5WWGx4St217\" target=\"_blank\" rel=\"noopener\">P3 &#8211; Taller de m\u00fasica<\/a><\/li>\n<li><a href=\"https:\/\/photos.app.goo.gl\/fq39Emb6qm4wzJ4S6\" target=\"_blank\" rel=\"noopener\">P5 &#8211; Paradeta de llibres<\/a><\/li>\n<li><a href=\"https:\/\/photos.app.goo.gl\/4qBGUboMkR1iNFmv9\" target=\"_blank\" rel=\"noopener\">P5 &#8211; Tallers<\/a><\/li>\n<li><a href=\"https:\/\/photos.app.goo.gl\/PahyQGPMADUecvCW7\" target=\"_blank\" rel=\"noopener\">1r &#8211; Taller il\u00b7lustraci\u00f3<\/a><\/li>\n<li><a href=\"https:\/\/photos.app.goo.gl\/CzvQq7vWGZ9XuL3A7\" target=\"_blank\" rel=\"noopener\">1r &#8211; Jocs de llengua<\/a><\/li>\n<li><a href=\"https:\/\/photos.app.goo.gl\/4R8RLUywgnj9UHQJ7\" target=\"_blank\" rel=\"noopener\">2n &#8211; Jocs de llengua<\/a><\/li>\n<li><a href=\"https:\/\/photos.app.goo.gl\/Ht2ktrp1bcvxWiyN8\" target=\"_blank\" rel=\"noopener\">2n &#8211; Contes vora el foc<\/a><\/li>\n<li><a href=\"https:\/\/photos.app.goo.gl\/v7sjHsqrhTasUBJu6\" target=\"_blank\" rel=\"noopener\">Cicle Inicial &#8211; Jocs Florals<\/a><\/li>\n<li><a href=\"https:\/\/photos.app.goo.gl\/beSQ7P5Th4Nhoc6U8\" target=\"_blank\" rel=\"noopener\">Cicle Mitj\u00e0 &#8211; Jocs de llengua<\/a><\/li>\n<li><a href=\"https:\/\/photos.app.goo.gl\/1mZ7kYSUvPYDtpPU7\" target=\"_blank\" rel=\"noopener\">Cicle Mitj\u00e0 -Jocs Florals<\/a><\/li>\n<li><a href=\"https:\/\/photos.app.goo.gl\/UAwizeFEpvVTtgRU8\" target=\"_blank\" rel=\"noopener\">Cicle Superior &#8211; Jocs Florals<\/a><\/li>\n<li><a href=\"https:\/\/photos.app.goo.gl\/ocRbDHGH4mEoo84D7\" target=\"_blank\" rel=\"noopener\">5\u00e8 &#8211; Jocs de llengua<\/a><\/li>\n<li><a href=\"https:\/\/photos.app.goo.gl\/61nHaNpVYbQ8mU3s9\" target=\"_blank\" rel=\"noopener\">6\u00e8 &#8211; Jocs de llengua<\/a><\/li>\n<\/ul>\n<p>&nbsp;<\/p>\n","protected":false},"excerpt":{"rendered":"<p>La pluja no ens atura, encetem la Setmana Cultural 2019 amb un drac carregat de llibres i un Sant Jordi farcit de precioses roses, jocs de paraules i contes vora el foc&#8230; Les hist\u00f2ries sempre tenen un toc m\u00e0gic i avui entre tots hem escrit una que de ben segur se&#8217;ls hi quedar\u00e0 al calaix [&hellip;]<\/p>\n","protected":false},"author":1,"featured_media":4032,"comment_status":"open","ping_status":"closed","sticky":false,"template":"","format":"standard","meta":{"_bbp_topic_count":0,"_bbp_reply_count":0,"_bbp_total_topic_count":0,"_bbp_total_reply_count":0,"_bbp_voice_count":0,"_bbp_anonymous_reply_count":0,"_bbp_topic_count_hidden":0,"_bbp_reply_count_hidden":0,"_bbp_forum_subforum_count":0,"site-sidebar-layout":"default","site-content-layout":"","ast-site-content-layout":"","site-content-style":"default","site-sidebar-style":"default","ast-global-header-display":"","ast-banner-title-visibility":"","ast-main-header-display":"","ast-hfb-above-header-display":"","ast-hfb-below-header-display":"","ast-hfb-mobile-header-display":"","site-post-title":"","ast-breadcrumbs-content":"","ast-featured-img":"","footer-sml-layout":"","theme-transparent-header-meta":"","adv-header-id-meta":"","stick-header-meta":"","header-above-stick-meta":"","header-main-stick-meta":"","header-below-stick-meta":"","astra-migrate-meta-layouts":"default","ast-page-background-enabled":"default","ast-page-background-meta":{"desktop":{"background-color":"var(--ast-global-color-5)","background-image":"","background-repeat":"repeat","background-position":"center center","background-size":"auto","background-attachment":"scroll","background-type":"","background-media":"","overlay-type":"","overlay-color":"","overlay-opacity":"","overlay-gradient":""},"tablet":{"background-color":"","background-image":"","background-repeat":"repeat","background-position":"center center","background-size":"auto","background-attachment":"scroll","background-type":"","background-media":"","overlay-type":"","overlay-color":"","overlay-opacity":"","overlay-gradient":""},"mobile":{"background-color":"","background-image":"","background-repeat":"repeat","background-position":"center center","background-size":"auto","background-attachment":"scroll","background-type":"","background-media":"","overlay-type":"","overlay-color":"","overlay-opacity":"","overlay-gradient":""}},"ast-content-background-meta":{"desktop":{"background-color":"var(--ast-global-color-4)","background-image":"","background-repeat":"repeat","background-position":"center center","background-size":"auto","background-attachment":"scroll","background-type":"","background-media":"","overlay-type":"","overlay-color":"","overlay-opacity":"","overlay-gradient":""},"tablet":{"background-color":"var(--ast-global-color-4)","background-image":"","background-repeat":"repeat","background-position":"center center","background-size":"auto","background-attachment":"scroll","background-type":"","background-media":"","overlay-type":"","overlay-color":"","overlay-opacity":"","overlay-gradient":""},"mobile":{"background-color":"var(--ast-global-color-4)","background-image":"","background-repeat":"repeat","background-position":"center center","background-size":"auto","background-attachment":"scroll","background-type":"","background-media":"","overlay-type":"","overlay-color":"","overlay-opacity":"","overlay-gradient":""}},"footnotes":""},"categories":[78,121,1],"tags":[],"class_list":["post-3978","post","type-post","status-publish","format-standard","has-post-thumbnail","hentry","category-blogs-escola","category-curs18-19","category-portadageneral"],"post_mailing_queue_ids":[],"_links":{"self":[{"href":"https:\/\/agora.xtec.cat\/escolamunicipal-lasinia\/wp-json\/wp\/v2\/posts\/3978","targetHints":{"allow":["GET"]}}],"collection":[{"href":"https:\/\/agora.xtec.cat\/escolamunicipal-lasinia\/wp-json\/wp\/v2\/posts"}],"about":[{"href":"https:\/\/agora.xtec.cat\/escolamunicipal-lasinia\/wp-json\/wp\/v2\/types\/post"}],"author":[{"embeddable":true,"href":"https:\/\/agora.xtec.cat\/escolamunicipal-lasinia\/wp-json\/wp\/v2\/users\/1"}],"replies":[{"embeddable":true,"href":"https:\/\/agora.xtec.cat\/escolamunicipal-lasinia\/wp-json\/wp\/v2\/comments?post=3978"}],"version-history":[{"count":3,"href":"https:\/\/agora.xtec.cat\/escolamunicipal-lasinia\/wp-json\/wp\/v2\/posts\/3978\/revisions"}],"predecessor-version":[{"id":4033,"href":"https:\/\/agora.xtec.cat\/escolamunicipal-lasinia\/wp-json\/wp\/v2\/posts\/3978\/revisions\/4033"}],"wp:featuredmedia":[{"embeddable":true,"href":"https:\/\/agora.xtec.cat\/escolamunicipal-lasinia\/wp-json\/wp\/v2\/media\/4032"}],"wp:attachment":[{"href":"https:\/\/agora.xtec.cat\/escolamunicipal-lasinia\/wp-json\/wp\/v2\/media?parent=3978"}],"wp:term":[{"taxonomy":"category","embeddable":true,"href":"https:\/\/agora.xtec.cat\/escolamunicipal-lasinia\/wp-json\/wp\/v2\/categories?post=3978"},{"taxonomy":"post_tag","embeddable":true,"href":"https:\/\/agora.xtec.cat\/escolamunicipal-lasinia\/wp-json\/wp\/v2\/tags?post=3978"}],"curies":[{"name":"wp","href":"https:\/\/api.w.org\/{rel}","templated":true}]}}