{"id":3824,"date":"2019-03-18T19:46:55","date_gmt":"2019-03-18T18:46:55","guid":{"rendered":"http:\/\/agora.xtec.cat\/escolamunicipal-lasinia\/?p=3824"},"modified":"2019-03-18T19:48:11","modified_gmt":"2019-03-18T18:48:11","slug":"2a-estrena-de-curtmetratges-dstop-motion","status":"publish","type":"post","link":"https:\/\/agora.xtec.cat\/escolamunicipal-lasinia\/portadageneral\/2a-estrena-de-curtmetratges-dstop-motion\/","title":{"rendered":"2a Estrena de curtmetratges d&#8217;stop-motion!"},"content":{"rendered":"<p>Ja teniu disponibles els nous curtmetratges!<\/p>\n<p>Durant el segon trimestre part de l&#8217;alumnat de 5\u00e8 ha estat realitzant uns curtmetratges d&#8217;stop-motion a l&#8217;estona de pl\u00e0stica.<\/p>\n<p>Com podeu veure el dia de l&#8217;estrena no van faltar ni les crispetes ni <a href=\"https:\/\/drive.google.com\/file\/d\/1WnyfTN_iGpHtvIems6B7FjHatBzTmiB0\/view\" target=\"_blank\" rel=\"noopener\">desfilada per la catifa vermella<\/a>!<\/p>\n<p><a href=\"https:\/\/agora.xtec.cat\/escolamunicipal-lasinia\/wp-content\/uploads\/usu978\/2019\/03\/20190227_104831.jpg\"><img loading=\"lazy\" decoding=\"async\" class=\"wp-image-3890 aligncenter\" src=\"https:\/\/agora.xtec.cat\/escolamunicipal-lasinia\/wp-content\/uploads\/usu978\/2019\/03\/20190227_104831-1024x614.jpg\" alt=\"\" width=\"476\" height=\"286\" srcset=\"https:\/\/agora.xtec.cat\/escolamunicipal-lasinia\/wp-content\/uploads\/usu978\/2019\/03\/20190227_104831-1024x614.jpg 1024w, https:\/\/agora.xtec.cat\/escolamunicipal-lasinia\/wp-content\/uploads\/usu978\/2019\/03\/20190227_104831-300x180.jpg 300w, https:\/\/agora.xtec.cat\/escolamunicipal-lasinia\/wp-content\/uploads\/usu978\/2019\/03\/20190227_104831-768x461.jpg 768w\" sizes=\"auto, (max-width: 476px) 100vw, 476px\" \/><\/a><\/p>\n<p>Ha estat un treball cooperatiu molt interessant en el que les seves directores i directors han hagut de pensar un gui\u00f3 sobre la tem\u00e0tica de la natura, elaborar els decorats per poder tenir el set de rodatge i fer tantes fotos com fossin necess\u00e0ries per donar vida als personatges dels seus projectes.<\/p>\n<p>A continuaci\u00f3 teniu els enlla\u00e7os per poder gaudir del resultat final!<\/p>\n<ul>\n<li><a href=\"https:\/\/drive.google.com\/file\/d\/1s1gFWGeV0Bb3BkWQbTN8FdYbQWnU4XWC\/view?usp=sharing\" target=\"_blank\" rel=\"noopener\">Anem malament \u00a0<\/a>\u00a0(Kilian, Carla i Laura)<\/li>\n<li><a href=\"https:\/\/drive.google.com\/file\/d\/1cEH_3oAjRgzHEqtDhurHd35yF4VkGsP2\/view?usp=sharing\" target=\"_blank\" rel=\"noopener\">Operaci\u00f3: FORA LA CONTAMINACI\u00d3<\/a>. (Gala, Roger i Biel)<\/li>\n<li><a href=\"https:\/\/drive.google.com\/file\/d\/1oHWu8LF9e4gM_xrGN1PT0JGOmlTNyRqv\/view?usp=sharing\" target=\"_blank\" rel=\"noopener\">Els pl\u00e0stics al mar<\/a>. (L\u00faa, Mart\u00edn i Xavi)<\/li>\n<li><a href=\"https:\/\/drive.google.com\/file\/d\/19hPWD8WEIiOVihGBFJ9yUISSSb0ycp0g\/view?usp=sharing\" target=\"_blank\" rel=\"noopener\">No embrutem la natura<\/a>.\u00a0 (Ux\u00eda, Candela i Lorena)<\/li>\n<li><a href=\"https:\/\/drive.google.com\/file\/d\/14g_8d-akAKImL-MUG37Sm6hjkIQxtxd5\/view?usp=sharing\" target=\"_blank\" rel=\"noopener\">La Fuver i el nen<\/a>.\u00a0 (Marc, Josune, Iris i Gerard.)<\/li>\n<\/ul>\n<p>Us han agradat? Us heu quedat amb ganes de m\u00e9s?<\/p>\n<p>En aquest enlla\u00e7 teniu les imatges del &#8220;<a href=\"https:\/\/photos.app.goo.gl\/UEEmJDAjYSCAykV66\" target=\"_blank\" rel=\"noopener\">making of<\/a>&#8221;<\/p>\n<div class=\"RY3tic\" data-latest-bg=\"https:\/\/lh3.googleusercontent.com\/j-m_8_2ShbB8V5V_Cl4UrC30wxNqjc_Lx4ZZHb5hOwX0g1yffS5tCF0iKYcFGkMyZMz4hLMAAofNI8Sb3KdqIcv9rZip72hpS4DFAZXJkEtl3uDX-VeS-e2Gm0-Ju76TT4ZGYv93W_DSce7u8Q0Y0-qaaA_XertfQvQm0ierG3xAbEdrQaqyLifUY0_wUwGEzdxEN3PIFdVc9G_Xxe-ZVNGJCn62jNgPd1undoUKMo6dcY67cSAQHmMmcRb4oIZb4c53SsoDzxNTZ3sVKneTksYcH6oloDP5CUDuEO50kgAp7Wsl-LZxcqglbJ2uOj-yvMD1vu6JlDiHaP3ajUEsPhD8QGipbfX9s847q5r9-Mp9C_HQDt0sPsSjo_P4j8gw_qy1om8PHX7-a3G8CDJoQwfzN5MjMmiqODPZWt2S51EAeh9XPDmi7R6OIJ8bLSqgpCNgTileQ041DgYB5Rcx3cH10J8_An6PLzimwh-cwXbF52ejJMXBPPTNjltf7QCqsvd1hJusrFMhmK_DG7DDRLLZxc9jyEkAIQPvw5znxwN_Ze9meIiJexp6UWCIsdDkV0oDYnFCM-ErYPLDoyrwsZDkGgVp_E6pg3TYbbeqClnuyx5OX8cjnvqcTP9RTOfIj7qgi3tPPTei3ip58UE2-t1qYJSQuwHKPV_TZ5mh2PpDMkXaDPULiMrVzDf_OsDYRWa5mD0FhhlLGwS2RrJivLcO=w437-h262-no\">\n<div class=\"eGiHwc\" aria-hidden=\"true\"><\/div>\n<div class=\"KYCEmd\" aria-hidden=\"true\"><\/div>\n<\/div>\n<p>&nbsp;<\/p>\n","protected":false},"excerpt":{"rendered":"<p>Ja teniu disponibles els nous curtmetratges! Durant el segon trimestre part de l&#8217;alumnat de 5\u00e8 ha estat realitzant uns curtmetratges d&#8217;stop-motion a l&#8217;estona de pl\u00e0stica. Com podeu veure el dia de l&#8217;estrena no van faltar ni les crispetes ni desfilada per la catifa vermella! Ha estat un treball cooperatiu molt interessant en el que les [&hellip;]<\/p>\n","protected":false},"author":1,"featured_media":3890,"comment_status":"open","ping_status":"closed","sticky":false,"template":"","format":"standard","meta":{"_bbp_topic_count":0,"_bbp_reply_count":0,"_bbp_total_topic_count":0,"_bbp_total_reply_count":0,"_bbp_voice_count":0,"_bbp_anonymous_reply_count":0,"_bbp_topic_count_hidden":0,"_bbp_reply_count_hidden":0,"_bbp_forum_subforum_count":0,"site-sidebar-layout":"default","site-content-layout":"","ast-site-content-layout":"","site-content-style":"default","site-sidebar-style":"default","ast-global-header-display":"","ast-banner-title-visibility":"","ast-main-header-display":"","ast-hfb-above-header-display":"","ast-hfb-below-header-display":"","ast-hfb-mobile-header-display":"","site-post-title":"","ast-breadcrumbs-content":"","ast-featured-img":"","footer-sml-layout":"","theme-transparent-header-meta":"","adv-header-id-meta":"","stick-header-meta":"","header-above-stick-meta":"","header-main-stick-meta":"","header-below-stick-meta":"","astra-migrate-meta-layouts":"default","ast-page-background-enabled":"default","ast-page-background-meta":{"desktop":{"background-color":"var(--ast-global-color-5)","background-image":"","background-repeat":"repeat","background-position":"center center","background-size":"auto","background-attachment":"scroll","background-type":"","background-media":"","overlay-type":"","overlay-color":"","overlay-opacity":"","overlay-gradient":""},"tablet":{"background-color":"","background-image":"","background-repeat":"repeat","background-position":"center center","background-size":"auto","background-attachment":"scroll","background-type":"","background-media":"","overlay-type":"","overlay-color":"","overlay-opacity":"","overlay-gradient":""},"mobile":{"background-color":"","background-image":"","background-repeat":"repeat","background-position":"center center","background-size":"auto","background-attachment":"scroll","background-type":"","background-media":"","overlay-type":"","overlay-color":"","overlay-opacity":"","overlay-gradient":""}},"ast-content-background-meta":{"desktop":{"background-color":"var(--ast-global-color-4)","background-image":"","background-repeat":"repeat","background-position":"center center","background-size":"auto","background-attachment":"scroll","background-type":"","background-media":"","overlay-type":"","overlay-color":"","overlay-opacity":"","overlay-gradient":""},"tablet":{"background-color":"var(--ast-global-color-4)","background-image":"","background-repeat":"repeat","background-position":"center center","background-size":"auto","background-attachment":"scroll","background-type":"","background-media":"","overlay-type":"","overlay-color":"","overlay-opacity":"","overlay-gradient":""},"mobile":{"background-color":"var(--ast-global-color-4)","background-image":"","background-repeat":"repeat","background-position":"center center","background-size":"auto","background-attachment":"scroll","background-type":"","background-media":"","overlay-type":"","overlay-color":"","overlay-opacity":"","overlay-gradient":""}},"footnotes":""},"categories":[61,126,1],"tags":[],"class_list":["post-3824","post","type-post","status-publish","format-standard","has-post-thumbnail","hentry","category-5e","category-curs-18-19-5e","category-portadageneral"],"post_mailing_queue_ids":[],"_links":{"self":[{"href":"https:\/\/agora.xtec.cat\/escolamunicipal-lasinia\/wp-json\/wp\/v2\/posts\/3824","targetHints":{"allow":["GET"]}}],"collection":[{"href":"https:\/\/agora.xtec.cat\/escolamunicipal-lasinia\/wp-json\/wp\/v2\/posts"}],"about":[{"href":"https:\/\/agora.xtec.cat\/escolamunicipal-lasinia\/wp-json\/wp\/v2\/types\/post"}],"author":[{"embeddable":true,"href":"https:\/\/agora.xtec.cat\/escolamunicipal-lasinia\/wp-json\/wp\/v2\/users\/1"}],"replies":[{"embeddable":true,"href":"https:\/\/agora.xtec.cat\/escolamunicipal-lasinia\/wp-json\/wp\/v2\/comments?post=3824"}],"version-history":[{"count":3,"href":"https:\/\/agora.xtec.cat\/escolamunicipal-lasinia\/wp-json\/wp\/v2\/posts\/3824\/revisions"}],"predecessor-version":[{"id":3893,"href":"https:\/\/agora.xtec.cat\/escolamunicipal-lasinia\/wp-json\/wp\/v2\/posts\/3824\/revisions\/3893"}],"wp:featuredmedia":[{"embeddable":true,"href":"https:\/\/agora.xtec.cat\/escolamunicipal-lasinia\/wp-json\/wp\/v2\/media\/3890"}],"wp:attachment":[{"href":"https:\/\/agora.xtec.cat\/escolamunicipal-lasinia\/wp-json\/wp\/v2\/media?parent=3824"}],"wp:term":[{"taxonomy":"category","embeddable":true,"href":"https:\/\/agora.xtec.cat\/escolamunicipal-lasinia\/wp-json\/wp\/v2\/categories?post=3824"},{"taxonomy":"post_tag","embeddable":true,"href":"https:\/\/agora.xtec.cat\/escolamunicipal-lasinia\/wp-json\/wp\/v2\/tags?post=3824"}],"curies":[{"name":"wp","href":"https:\/\/api.w.org\/{rel}","templated":true}]}}