{"id":3604,"date":"2019-01-07T13:27:29","date_gmt":"2019-01-07T12:27:29","guid":{"rendered":"http:\/\/agora.xtec.cat\/escolamunicipal-lasinia\/?p=3604"},"modified":"2019-01-07T13:27:29","modified_gmt":"2019-01-07T12:27:29","slug":"mes-de-300-km-recorreguts","status":"publish","type":"post","link":"https:\/\/agora.xtec.cat\/escolamunicipal-lasinia\/portadageneral\/mes-de-300-km-recorreguts\/","title":{"rendered":"M\u00e9s de 300 km recorreguts!"},"content":{"rendered":"<p>Benvolgudes fam\u00edlies!<\/p>\n<p>Abans de res, desitjar-vos que tingueu molt bon any 2019!<\/p>\n<p>Durant aquestes vacances d&#8217;hivern, la Fuver ens ha comunicat que ja ha recorregut 341km gr\u00e0cies a la vostra empenta! Tamb\u00e9 ens ha informat que la seva primera etapa ser\u00e0 fins a Paris i que t\u00e9 moltes ganes d&#8217;arribar!<\/p>\n<p>Ens ajudeu aconseguir que arribi el m\u00e9s aviat possible? Nom\u00e9s ens falten 600km per arribar a Paris.<\/p>\n<p>Durant el mes de Gener l&#8217;alumnat de l&#8217;escola ja podr\u00e0 trobar penjades les imatges que heu anat portant al mes de desembre, i esperem que aquests dies ens arribin moltes m\u00e9s a la b\u00fastia de la Fuver que podeu trobar a l&#8217;entrada de lescola.<\/p>\n<p><img decoding=\"async\" src=\"https:\/\/lh3.googleusercontent.com\/_Uq7Ab4wGklJY6d9PvFc8ZqkZG6SiJ5A_9pFEFNjYXan4ls8cA74I8CJsZhqaDJiBo0_s1_XuI6u8DSOca2VdmKIRwDP7gUk2GwU_i_Ao8zfUN6M47IJpC0a-vDWiP960sAjB9X6yeKyCgWAtuynL4or1cB5Zg7aMqxkbexiijnxmQNu8wO5VCl2hY61Vgy_Q31Ul-HinPFcjpCbvsYbRO_yhl-z362oNsA7VZZpCEqa_f7mD1KJV9sxxBBqpE9xt_2ykKFb07J-poHmiwniBFwJYfNG6N79aTFFgHi6ZKAEwhD6_UBASYkNctrq4sa7YbhCRMP53gLNnd9NbfCE_ke2w42kKSCdVbAthiG2Bk1C46PzBcm71EZB1KaZg8xfKpwDZQKgxVO1T5aziwEXVvbJtRS6LJdU7OBMNHPnUVf-lfU04OG1hbpYwEWWE4gLbun8GWAFYLZmHUYHR_IdX8-pU5UyaSDz9B8xRGx0VyYh1LHaGnMUtmw8Lv62QcflBGJ4YvWLQP-J5d9VN6rGwIN3JwioinlU5eywKar_p0hoPlfo-foZRux411eTXLgAXv9MxtXlVBPA_VUM0cRrQJAq0AUSEknz-O4RoTdFBfNqXThXTrTYXi-nuvUqxslEw8G2flV7L_UPiKe0sl4w062GBw=w876-h657-no\" \/><\/p>\n","protected":false},"excerpt":{"rendered":"<p>Benvolgudes fam\u00edlies! Abans de res, desitjar-vos que tingueu molt bon any 2019! Durant aquestes vacances d&#8217;hivern, la Fuver ens ha comunicat que ja ha recorregut 341km gr\u00e0cies a la vostra empenta! Tamb\u00e9 ens ha informat que la seva primera etapa ser\u00e0 fins a Paris i que t\u00e9 moltes ganes d&#8217;arribar! Ens ajudeu aconseguir que arribi [&hellip;]<\/p>\n","protected":false},"author":1,"featured_media":3369,"comment_status":"open","ping_status":"closed","sticky":false,"template":"","format":"standard","meta":{"_bbp_topic_count":0,"_bbp_reply_count":0,"_bbp_total_topic_count":0,"_bbp_total_reply_count":0,"_bbp_voice_count":0,"_bbp_anonymous_reply_count":0,"_bbp_topic_count_hidden":0,"_bbp_reply_count_hidden":0,"_bbp_forum_subforum_count":0,"site-sidebar-layout":"default","site-content-layout":"","ast-site-content-layout":"","site-content-style":"default","site-sidebar-style":"default","ast-global-header-display":"","ast-banner-title-visibility":"","ast-main-header-display":"","ast-hfb-above-header-display":"","ast-hfb-below-header-display":"","ast-hfb-mobile-header-display":"","site-post-title":"","ast-breadcrumbs-content":"","ast-featured-img":"","footer-sml-layout":"","theme-transparent-header-meta":"","adv-header-id-meta":"","stick-header-meta":"","header-above-stick-meta":"","header-main-stick-meta":"","header-below-stick-meta":"","astra-migrate-meta-layouts":"default","ast-page-background-enabled":"default","ast-page-background-meta":{"desktop":{"background-color":"var(--ast-global-color-5)","background-image":"","background-repeat":"repeat","background-position":"center center","background-size":"auto","background-attachment":"scroll","background-type":"","background-media":"","overlay-type":"","overlay-color":"","overlay-opacity":"","overlay-gradient":""},"tablet":{"background-color":"","background-image":"","background-repeat":"repeat","background-position":"center center","background-size":"auto","background-attachment":"scroll","background-type":"","background-media":"","overlay-type":"","overlay-color":"","overlay-opacity":"","overlay-gradient":""},"mobile":{"background-color":"","background-image":"","background-repeat":"repeat","background-position":"center center","background-size":"auto","background-attachment":"scroll","background-type":"","background-media":"","overlay-type":"","overlay-color":"","overlay-opacity":"","overlay-gradient":""}},"ast-content-background-meta":{"desktop":{"background-color":"var(--ast-global-color-4)","background-image":"","background-repeat":"repeat","background-position":"center center","background-size":"auto","background-attachment":"scroll","background-type":"","background-media":"","overlay-type":"","overlay-color":"","overlay-opacity":"","overlay-gradient":""},"tablet":{"background-color":"var(--ast-global-color-4)","background-image":"","background-repeat":"repeat","background-position":"center center","background-size":"auto","background-attachment":"scroll","background-type":"","background-media":"","overlay-type":"","overlay-color":"","overlay-opacity":"","overlay-gradient":""},"mobile":{"background-color":"var(--ast-global-color-4)","background-image":"","background-repeat":"repeat","background-position":"center center","background-size":"auto","background-attachment":"scroll","background-type":"","background-media":"","overlay-type":"","overlay-color":"","overlay-opacity":"","overlay-gradient":""}},"footnotes":""},"categories":[70,121,1],"tags":[],"class_list":["post-3604","post","type-post","status-publish","format-standard","has-post-thumbnail","hentry","category-ed-fisica","category-curs18-19","category-portadageneral"],"post_mailing_queue_ids":[],"_links":{"self":[{"href":"https:\/\/agora.xtec.cat\/escolamunicipal-lasinia\/wp-json\/wp\/v2\/posts\/3604","targetHints":{"allow":["GET"]}}],"collection":[{"href":"https:\/\/agora.xtec.cat\/escolamunicipal-lasinia\/wp-json\/wp\/v2\/posts"}],"about":[{"href":"https:\/\/agora.xtec.cat\/escolamunicipal-lasinia\/wp-json\/wp\/v2\/types\/post"}],"author":[{"embeddable":true,"href":"https:\/\/agora.xtec.cat\/escolamunicipal-lasinia\/wp-json\/wp\/v2\/users\/1"}],"replies":[{"embeddable":true,"href":"https:\/\/agora.xtec.cat\/escolamunicipal-lasinia\/wp-json\/wp\/v2\/comments?post=3604"}],"version-history":[{"count":2,"href":"https:\/\/agora.xtec.cat\/escolamunicipal-lasinia\/wp-json\/wp\/v2\/posts\/3604\/revisions"}],"predecessor-version":[{"id":3606,"href":"https:\/\/agora.xtec.cat\/escolamunicipal-lasinia\/wp-json\/wp\/v2\/posts\/3604\/revisions\/3606"}],"wp:featuredmedia":[{"embeddable":true,"href":"https:\/\/agora.xtec.cat\/escolamunicipal-lasinia\/wp-json\/wp\/v2\/media\/3369"}],"wp:attachment":[{"href":"https:\/\/agora.xtec.cat\/escolamunicipal-lasinia\/wp-json\/wp\/v2\/media?parent=3604"}],"wp:term":[{"taxonomy":"category","embeddable":true,"href":"https:\/\/agora.xtec.cat\/escolamunicipal-lasinia\/wp-json\/wp\/v2\/categories?post=3604"},{"taxonomy":"post_tag","embeddable":true,"href":"https:\/\/agora.xtec.cat\/escolamunicipal-lasinia\/wp-json\/wp\/v2\/tags?post=3604"}],"curies":[{"name":"wp","href":"https:\/\/api.w.org\/{rel}","templated":true}]}}