{"id":3589,"date":"2018-12-22T14:03:29","date_gmt":"2018-12-22T13:03:29","guid":{"rendered":"http:\/\/agora.xtec.cat\/escolamunicipal-lasinia\/?p=3589"},"modified":"2018-12-22T14:03:29","modified_gmt":"2018-12-22T13:03:29","slug":"encantats-amb-les-bruixes","status":"publish","type":"post","link":"https:\/\/agora.xtec.cat\/escolamunicipal-lasinia\/portadageneral\/encantats-amb-les-bruixes\/","title":{"rendered":"Encantats amb &#8220;Les bruixes&#8221;!"},"content":{"rendered":"<p>Aquesta setmana l&#8217;alumnat de 5<sup>\u00e8<\/sup> han acabat de llegir el llibre de \u201cLes Bruixes\u201d, de Roald Dahl i els ha encantat!<\/p>\n<p>Al llarg de tot el primer trimestre aquest autor els ha anat emocionant amb la seva intr\u00e8pida hist\u00f2ria sobre bruixes, ratolins i un munt d\u2019aventures.<\/p>\n<p>Ara que havien arribat al final, de sobte, les idees d\u2019altres hist\u00f2ries, les imatges de com serien els personatges o les opinions d\u2019uns altres possibles finals per la hist\u00f2ria, volaven per tots els seus caps.<\/p>\n<p>Per ajudar-los a posar cares i ulls als personatges, van veure la pel\u00b7l\u00edcula en angl\u00e8s i aix\u00f2 encara els va donar m\u00e9s idees i opinions sobre el llibre.<\/p>\n<p>Sens dubte volen saber-ne m\u00e9s i aix\u00f2 els ha dut a buscar informaci\u00f3 de la vida de l\u2019autor i con\u00e8ixer altres llibres que hagi escrit, com \u00abMatilda\u00bb, \u00abCharlie i la f\u00e0brica de xocolata\u00bb, \u00abEl gran amic gegant\u00bb, \u00abEl fant\u00e0stic senyor Guillot\u00bb i molts m\u00e9s.<\/p>\n<p>Fam\u00edlies, si aquestes festes us demanen un llibre de Roald Dahl, que no us estranyi, ja sabeu per qu\u00e8 \u00e9s!<\/p>\n<p><a href=\"https:\/\/www.roalddahlfans.com\/\" target=\"_blank\" rel=\"noopener\">P\u00e0gina oficial de Roald Dahl<\/a><\/p>\n<p><a href=\"http:\/\/www.veoh.com\/watch\/v21564014Ky7jbf8r\" target=\"_blank\" rel=\"noopener\">Enlla\u00e7 de la pel\u00b7l\u00edcula en versi\u00f3 original<\/a><\/p>\n<p><a href=\"https:\/\/agora.xtec.cat\/escolamunicipal-lasinia\/wp-content\/uploads\/usu978\/2018\/12\/foto-5\u00e8-B-Les-Bruixesrr.jpg\"><img loading=\"lazy\" decoding=\"async\" class=\"alignnone wp-image-3591\" src=\"https:\/\/agora.xtec.cat\/escolamunicipal-lasinia\/wp-content\/uploads\/usu978\/2018\/12\/foto-5\u00e8-B-Les-Bruixesrr.jpg\" alt=\"\" width=\"1023\" height=\"767\" srcset=\"https:\/\/agora.xtec.cat\/escolamunicipal-lasinia\/wp-content\/uploads\/usu978\/2018\/12\/foto-5\u00e8-B-Les-Bruixesrr.jpg 800w, https:\/\/agora.xtec.cat\/escolamunicipal-lasinia\/wp-content\/uploads\/usu978\/2018\/12\/foto-5\u00e8-B-Les-Bruixesrr-300x225.jpg 300w, https:\/\/agora.xtec.cat\/escolamunicipal-lasinia\/wp-content\/uploads\/usu978\/2018\/12\/foto-5\u00e8-B-Les-Bruixesrr-768x576.jpg 768w, https:\/\/agora.xtec.cat\/escolamunicipal-lasinia\/wp-content\/uploads\/usu978\/2018\/12\/foto-5\u00e8-B-Les-Bruixesrr-200x150.jpg 200w\" sizes=\"auto, (max-width: 1023px) 100vw, 1023px\" \/><\/a><\/p>\n<p><a href=\"https:\/\/agora.xtec.cat\/escolamunicipal-lasinia\/wp-content\/uploads\/usu978\/2018\/12\/FullSizeRender-1.jpg\"><img loading=\"lazy\" decoding=\"async\" class=\"alignnone size-large wp-image-3592\" src=\"https:\/\/agora.xtec.cat\/escolamunicipal-lasinia\/wp-content\/uploads\/usu978\/2018\/12\/FullSizeRender-1-1024x732.jpg\" alt=\"\" width=\"1024\" height=\"732\" srcset=\"https:\/\/agora.xtec.cat\/escolamunicipal-lasinia\/wp-content\/uploads\/usu978\/2018\/12\/FullSizeRender-1-1024x732.jpg 1024w, https:\/\/agora.xtec.cat\/escolamunicipal-lasinia\/wp-content\/uploads\/usu978\/2018\/12\/FullSizeRender-1-300x214.jpg 300w, https:\/\/agora.xtec.cat\/escolamunicipal-lasinia\/wp-content\/uploads\/usu978\/2018\/12\/FullSizeRender-1-768x549.jpg 768w\" sizes=\"auto, (max-width: 1024px) 100vw, 1024px\" \/><\/a><\/p>\n","protected":false},"excerpt":{"rendered":"<p>Aquesta setmana l&#8217;alumnat de 5\u00e8 han acabat de llegir el llibre de \u201cLes Bruixes\u201d, de Roald Dahl i els ha encantat! Al llarg de tot el primer trimestre aquest autor els ha anat emocionant amb la seva intr\u00e8pida hist\u00f2ria sobre bruixes, ratolins i un munt d\u2019aventures. Ara que havien arribat al final, de sobte, les [&hellip;]<\/p>\n","protected":false},"author":1,"featured_media":3593,"comment_status":"open","ping_status":"closed","sticky":false,"template":"","format":"standard","meta":{"_bbp_topic_count":0,"_bbp_reply_count":0,"_bbp_total_topic_count":0,"_bbp_total_reply_count":0,"_bbp_voice_count":0,"_bbp_anonymous_reply_count":0,"_bbp_topic_count_hidden":0,"_bbp_reply_count_hidden":0,"_bbp_forum_subforum_count":0,"site-sidebar-layout":"default","site-content-layout":"","ast-site-content-layout":"","site-content-style":"default","site-sidebar-style":"default","ast-global-header-display":"","ast-banner-title-visibility":"","ast-main-header-display":"","ast-hfb-above-header-display":"","ast-hfb-below-header-display":"","ast-hfb-mobile-header-display":"","site-post-title":"","ast-breadcrumbs-content":"","ast-featured-img":"","footer-sml-layout":"","theme-transparent-header-meta":"","adv-header-id-meta":"","stick-header-meta":"","header-above-stick-meta":"","header-main-stick-meta":"","header-below-stick-meta":"","astra-migrate-meta-layouts":"default","ast-page-background-enabled":"default","ast-page-background-meta":{"desktop":{"background-color":"var(--ast-global-color-5)","background-image":"","background-repeat":"repeat","background-position":"center center","background-size":"auto","background-attachment":"scroll","background-type":"","background-media":"","overlay-type":"","overlay-color":"","overlay-opacity":"","overlay-gradient":""},"tablet":{"background-color":"","background-image":"","background-repeat":"repeat","background-position":"center center","background-size":"auto","background-attachment":"scroll","background-type":"","background-media":"","overlay-type":"","overlay-color":"","overlay-opacity":"","overlay-gradient":""},"mobile":{"background-color":"","background-image":"","background-repeat":"repeat","background-position":"center center","background-size":"auto","background-attachment":"scroll","background-type":"","background-media":"","overlay-type":"","overlay-color":"","overlay-opacity":"","overlay-gradient":""}},"ast-content-background-meta":{"desktop":{"background-color":"var(--ast-global-color-4)","background-image":"","background-repeat":"repeat","background-position":"center center","background-size":"auto","background-attachment":"scroll","background-type":"","background-media":"","overlay-type":"","overlay-color":"","overlay-opacity":"","overlay-gradient":""},"tablet":{"background-color":"var(--ast-global-color-4)","background-image":"","background-repeat":"repeat","background-position":"center center","background-size":"auto","background-attachment":"scroll","background-type":"","background-media":"","overlay-type":"","overlay-color":"","overlay-opacity":"","overlay-gradient":""},"mobile":{"background-color":"var(--ast-global-color-4)","background-image":"","background-repeat":"repeat","background-position":"center center","background-size":"auto","background-attachment":"scroll","background-type":"","background-media":"","overlay-type":"","overlay-color":"","overlay-opacity":"","overlay-gradient":""}},"footnotes":""},"categories":[61,126,1],"tags":[],"class_list":["post-3589","post","type-post","status-publish","format-standard","has-post-thumbnail","hentry","category-5e","category-curs-18-19-5e","category-portadageneral"],"post_mailing_queue_ids":[],"_links":{"self":[{"href":"https:\/\/agora.xtec.cat\/escolamunicipal-lasinia\/wp-json\/wp\/v2\/posts\/3589","targetHints":{"allow":["GET"]}}],"collection":[{"href":"https:\/\/agora.xtec.cat\/escolamunicipal-lasinia\/wp-json\/wp\/v2\/posts"}],"about":[{"href":"https:\/\/agora.xtec.cat\/escolamunicipal-lasinia\/wp-json\/wp\/v2\/types\/post"}],"author":[{"embeddable":true,"href":"https:\/\/agora.xtec.cat\/escolamunicipal-lasinia\/wp-json\/wp\/v2\/users\/1"}],"replies":[{"embeddable":true,"href":"https:\/\/agora.xtec.cat\/escolamunicipal-lasinia\/wp-json\/wp\/v2\/comments?post=3589"}],"version-history":[{"count":2,"href":"https:\/\/agora.xtec.cat\/escolamunicipal-lasinia\/wp-json\/wp\/v2\/posts\/3589\/revisions"}],"predecessor-version":[{"id":3595,"href":"https:\/\/agora.xtec.cat\/escolamunicipal-lasinia\/wp-json\/wp\/v2\/posts\/3589\/revisions\/3595"}],"wp:featuredmedia":[{"embeddable":true,"href":"https:\/\/agora.xtec.cat\/escolamunicipal-lasinia\/wp-json\/wp\/v2\/media\/3593"}],"wp:attachment":[{"href":"https:\/\/agora.xtec.cat\/escolamunicipal-lasinia\/wp-json\/wp\/v2\/media?parent=3589"}],"wp:term":[{"taxonomy":"category","embeddable":true,"href":"https:\/\/agora.xtec.cat\/escolamunicipal-lasinia\/wp-json\/wp\/v2\/categories?post=3589"},{"taxonomy":"post_tag","embeddable":true,"href":"https:\/\/agora.xtec.cat\/escolamunicipal-lasinia\/wp-json\/wp\/v2\/tags?post=3589"}],"curies":[{"name":"wp","href":"https:\/\/api.w.org\/{rel}","templated":true}]}}