{"id":3525,"date":"2018-12-18T11:58:36","date_gmt":"2018-12-18T10:58:36","guid":{"rendered":"http:\/\/agora.xtec.cat\/escolamunicipal-lasinia\/?p=3525"},"modified":"2018-12-18T11:58:36","modified_gmt":"2018-12-18T10:58:36","slug":"taller-de-valors-cooperatius-5eb","status":"publish","type":"post","link":"https:\/\/agora.xtec.cat\/escolamunicipal-lasinia\/portadageneral\/taller-de-valors-cooperatius-5eb\/","title":{"rendered":"Taller de valors cooperatius (5\u00e8B)"},"content":{"rendered":"<p align=\"left\"><span style=\"font-family: Arial,sans-serif;\">Estem avan\u00e7ant en la nostra cooperativa i una t\u00e8cnica de l\u2019Ajuntament ens va fer un taller, per explicar-nos els valors cooperatius.<\/span><\/p>\n<p align=\"left\"><span style=\"font-family: Arial,sans-serif;\">El 27 de Novembre va venir la Isabel per fer-nos el taller. El primer que ens va dir va ser qu\u00e8 \u00e9s una cooperativa: una cooperativa \u00e9s una pinya ( equip ) que s\u2019ajuden els uns als altres. <\/span><\/p>\n<p align=\"left\"><span style=\"font-family: Arial,sans-serif;\">Despr\u00e9s ens va mostrar a la pantalla unes imatges i una d\u2019elles era un cercle on sortien tots els valors cooperatius, com per exemple: <b>respecte, equip, passi\u00f3, integritat, toler\u00e0ncia, <\/b><b>qualitat, intu\u00efci\u00f3, <\/b><b>confian\u00e7a, <\/b><b>amabilitat, responsabilitat <\/b><b>i<\/b><b> consideraci\u00f3<\/b>. <\/span><\/p>\n<p align=\"left\"><span style=\"font-family: Arial,sans-serif;\">M\u00e9s tard vam fer una activitat en parelles: entre nosaltres ens vam explicar qu\u00e8 pod\u00edem aportar a la cooperativa i vam sortir a la pissarra per compartir les nostres opinions sobre aquests valors. Tamb\u00e9 ens va dir qu\u00e8 era el millor de ser una cooperativa i nosaltres vam pensar que el millor \u00e9s treballar en equip i respectar-nos.<\/span><\/p>\n<p align=\"left\"><span style=\"font-family: Arial,sans-serif;\">Som el departament de publicitat i el departament de disseny i creativitat.<\/span><\/p>\n<p align=\"left\"><span style=\"font-family: Arial,sans-serif;\">Membres del grup:\u00a0 Laura, Sara, Kilian, Carla, Martin, Candela, Ahmed i Josune. <\/span><\/p>\n<p align=\"left\"><span style=\"font-family: Arial,sans-serif;\"><a href=\"https:\/\/agora.xtec.cat\/escolamunicipal-lasinia\/wp-content\/uploads\/usu978\/2018\/12\/fotos-taller-valors-cooperatius-1.jpg\"><img loading=\"lazy\" decoding=\"async\" class=\"alignnone size-large wp-image-3527\" src=\"https:\/\/agora.xtec.cat\/escolamunicipal-lasinia\/wp-content\/uploads\/usu978\/2018\/12\/fotos-taller-valors-cooperatius-1-1024x768.jpg\" alt=\"\" width=\"1024\" height=\"768\" srcset=\"https:\/\/agora.xtec.cat\/escolamunicipal-lasinia\/wp-content\/uploads\/usu978\/2018\/12\/fotos-taller-valors-cooperatius-1-1024x768.jpg 1024w, https:\/\/agora.xtec.cat\/escolamunicipal-lasinia\/wp-content\/uploads\/usu978\/2018\/12\/fotos-taller-valors-cooperatius-1-300x225.jpg 300w, https:\/\/agora.xtec.cat\/escolamunicipal-lasinia\/wp-content\/uploads\/usu978\/2018\/12\/fotos-taller-valors-cooperatius-1-768x576.jpg 768w, https:\/\/agora.xtec.cat\/escolamunicipal-lasinia\/wp-content\/uploads\/usu978\/2018\/12\/fotos-taller-valors-cooperatius-1-200x150.jpg 200w, https:\/\/agora.xtec.cat\/escolamunicipal-lasinia\/wp-content\/uploads\/usu978\/2018\/12\/fotos-taller-valors-cooperatius-1.jpg 1280w\" sizes=\"auto, (max-width: 1024px) 100vw, 1024px\" \/><\/a><a href=\"https:\/\/agora.xtec.cat\/escolamunicipal-lasinia\/wp-content\/uploads\/usu978\/2018\/12\/fotos-taller-valors-cooperatius-2.jpg\"><img loading=\"lazy\" decoding=\"async\" class=\"alignnone size-large wp-image-3528\" src=\"https:\/\/agora.xtec.cat\/escolamunicipal-lasinia\/wp-content\/uploads\/usu978\/2018\/12\/fotos-taller-valors-cooperatius-2-1024x768.jpg\" alt=\"\" width=\"1024\" height=\"768\" srcset=\"https:\/\/agora.xtec.cat\/escolamunicipal-lasinia\/wp-content\/uploads\/usu978\/2018\/12\/fotos-taller-valors-cooperatius-2-1024x768.jpg 1024w, https:\/\/agora.xtec.cat\/escolamunicipal-lasinia\/wp-content\/uploads\/usu978\/2018\/12\/fotos-taller-valors-cooperatius-2-300x225.jpg 300w, https:\/\/agora.xtec.cat\/escolamunicipal-lasinia\/wp-content\/uploads\/usu978\/2018\/12\/fotos-taller-valors-cooperatius-2-768x576.jpg 768w, https:\/\/agora.xtec.cat\/escolamunicipal-lasinia\/wp-content\/uploads\/usu978\/2018\/12\/fotos-taller-valors-cooperatius-2-200x150.jpg 200w, https:\/\/agora.xtec.cat\/escolamunicipal-lasinia\/wp-content\/uploads\/usu978\/2018\/12\/fotos-taller-valors-cooperatius-2.jpg 1280w\" sizes=\"auto, (max-width: 1024px) 100vw, 1024px\" \/><\/a><\/span><\/p>\n","protected":false},"excerpt":{"rendered":"<p>Estem avan\u00e7ant en la nostra cooperativa i una t\u00e8cnica de l\u2019Ajuntament ens va fer un taller, per explicar-nos els valors cooperatius. El 27 de Novembre va venir la Isabel per fer-nos el taller. El primer que ens va dir va ser qu\u00e8 \u00e9s una cooperativa: una cooperativa \u00e9s una pinya ( equip ) que s\u2019ajuden [&hellip;]<\/p>\n","protected":false},"author":1,"featured_media":0,"comment_status":"open","ping_status":"closed","sticky":false,"template":"","format":"standard","meta":{"_bbp_topic_count":0,"_bbp_reply_count":0,"_bbp_total_topic_count":0,"_bbp_total_reply_count":0,"_bbp_voice_count":0,"_bbp_anonymous_reply_count":0,"_bbp_topic_count_hidden":0,"_bbp_reply_count_hidden":0,"_bbp_forum_subforum_count":0,"site-sidebar-layout":"default","site-content-layout":"","ast-site-content-layout":"","site-content-style":"default","site-sidebar-style":"default","ast-global-header-display":"","ast-banner-title-visibility":"","ast-main-header-display":"","ast-hfb-above-header-display":"","ast-hfb-below-header-display":"","ast-hfb-mobile-header-display":"","site-post-title":"","ast-breadcrumbs-content":"","ast-featured-img":"","footer-sml-layout":"","theme-transparent-header-meta":"","adv-header-id-meta":"","stick-header-meta":"","header-above-stick-meta":"","header-main-stick-meta":"","header-below-stick-meta":"","astra-migrate-meta-layouts":"default","ast-page-background-enabled":"default","ast-page-background-meta":{"desktop":{"background-color":"var(--ast-global-color-5)","background-image":"","background-repeat":"repeat","background-position":"center center","background-size":"auto","background-attachment":"scroll","background-type":"","background-media":"","overlay-type":"","overlay-color":"","overlay-opacity":"","overlay-gradient":""},"tablet":{"background-color":"","background-image":"","background-repeat":"repeat","background-position":"center center","background-size":"auto","background-attachment":"scroll","background-type":"","background-media":"","overlay-type":"","overlay-color":"","overlay-opacity":"","overlay-gradient":""},"mobile":{"background-color":"","background-image":"","background-repeat":"repeat","background-position":"center center","background-size":"auto","background-attachment":"scroll","background-type":"","background-media":"","overlay-type":"","overlay-color":"","overlay-opacity":"","overlay-gradient":""}},"ast-content-background-meta":{"desktop":{"background-color":"var(--ast-global-color-4)","background-image":"","background-repeat":"repeat","background-position":"center center","background-size":"auto","background-attachment":"scroll","background-type":"","background-media":"","overlay-type":"","overlay-color":"","overlay-opacity":"","overlay-gradient":""},"tablet":{"background-color":"var(--ast-global-color-4)","background-image":"","background-repeat":"repeat","background-position":"center center","background-size":"auto","background-attachment":"scroll","background-type":"","background-media":"","overlay-type":"","overlay-color":"","overlay-opacity":"","overlay-gradient":""},"mobile":{"background-color":"var(--ast-global-color-4)","background-image":"","background-repeat":"repeat","background-position":"center center","background-size":"auto","background-attachment":"scroll","background-type":"","background-media":"","overlay-type":"","overlay-color":"","overlay-opacity":"","overlay-gradient":""}},"footnotes":""},"categories":[61,126,1],"tags":[],"class_list":["post-3525","post","type-post","status-publish","format-standard","hentry","category-5e","category-curs-18-19-5e","category-portadageneral"],"post_mailing_queue_ids":[],"_links":{"self":[{"href":"https:\/\/agora.xtec.cat\/escolamunicipal-lasinia\/wp-json\/wp\/v2\/posts\/3525","targetHints":{"allow":["GET"]}}],"collection":[{"href":"https:\/\/agora.xtec.cat\/escolamunicipal-lasinia\/wp-json\/wp\/v2\/posts"}],"about":[{"href":"https:\/\/agora.xtec.cat\/escolamunicipal-lasinia\/wp-json\/wp\/v2\/types\/post"}],"author":[{"embeddable":true,"href":"https:\/\/agora.xtec.cat\/escolamunicipal-lasinia\/wp-json\/wp\/v2\/users\/1"}],"replies":[{"embeddable":true,"href":"https:\/\/agora.xtec.cat\/escolamunicipal-lasinia\/wp-json\/wp\/v2\/comments?post=3525"}],"version-history":[{"count":3,"href":"https:\/\/agora.xtec.cat\/escolamunicipal-lasinia\/wp-json\/wp\/v2\/posts\/3525\/revisions"}],"predecessor-version":[{"id":3530,"href":"https:\/\/agora.xtec.cat\/escolamunicipal-lasinia\/wp-json\/wp\/v2\/posts\/3525\/revisions\/3530"}],"wp:attachment":[{"href":"https:\/\/agora.xtec.cat\/escolamunicipal-lasinia\/wp-json\/wp\/v2\/media?parent=3525"}],"wp:term":[{"taxonomy":"category","embeddable":true,"href":"https:\/\/agora.xtec.cat\/escolamunicipal-lasinia\/wp-json\/wp\/v2\/categories?post=3525"},{"taxonomy":"post_tag","embeddable":true,"href":"https:\/\/agora.xtec.cat\/escolamunicipal-lasinia\/wp-json\/wp\/v2\/tags?post=3525"}],"curies":[{"name":"wp","href":"https:\/\/api.w.org\/{rel}","templated":true}]}}