{"id":3521,"date":"2018-12-18T11:51:36","date_gmt":"2018-12-18T10:51:36","guid":{"rendered":"http:\/\/agora.xtec.cat\/escolamunicipal-lasinia\/?p=3521"},"modified":"2018-12-18T11:51:36","modified_gmt":"2018-12-18T10:51:36","slug":"taller-de-la-baudi-5eb","status":"publish","type":"post","link":"https:\/\/agora.xtec.cat\/escolamunicipal-lasinia\/portadageneral\/taller-de-la-baudi-5eb\/","title":{"rendered":"Taller de la Baudi  (5\u00e8B)"},"content":{"rendered":"<p align=\"justify\"><span style=\"font-family: Calibri,sans-serif;\"><span style=\"font-size: medium;\">El dimarts 13 de novembre la Baudi va venir a la classe a fer-nos un taller. <\/span><\/span><\/p>\n<p align=\"justify\"><span style=\"font-family: Calibri,sans-serif;\"><span style=\"font-size: medium;\">La vam convidar per que est\u00e0vem escollint els c\u00e0rrecs. Com alguns no sab\u00edem en qu\u00e8 consistien, vam pensar que ella ens podria ajudar, ja que \u00e9s la secretaria i tresorera de l\u2019escola, dos c\u00e0rrecs necessaris per l\u2019equip directiu d\u2019una cooperativa.<\/span><\/span><\/p>\n<p align=\"justify\"><span style=\"font-family: Calibri,sans-serif;\"><span style=\"font-size: medium;\">La seva funci\u00f3 com a secretaria \u00e9s anar a les reunions i assemblees per apuntar tots els acords i el que es fa all\u00e0. Despr\u00e9s envia un correu electr\u00f2nic a totes les persones que van assistir. La funci\u00f3 com a tresorera \u00e9s apuntar quants diners t\u00e9 l\u2019escola, quants es gasten, en qu\u00e8 ho gasten i quan ho gasten, tot aix\u00f2 a la carpeta de comptabilitat.<\/span><\/span><\/p>\n<p align=\"justify\"><span style=\"font-family: Calibri,sans-serif;\"><span style=\"font-size: medium;\">La Baudi ens va explicar com apuntar les coses, on apuntar-les i qu<\/span><\/span><span style=\"font-family: Calibri,sans-serif;\"><span style=\"font-size: medium;\">\u00e8<\/span><\/span><span style=\"font-family: Calibri,sans-serif;\"><span style=\"font-size: medium;\"> fa un tresorer. Ens va recomanar apuntar a la carpeta de co<\/span><\/span><span style=\"font-family: Calibri,sans-serif;\"><span style=\"font-size: medium;\">mp<\/span><\/span><span style=\"font-family: Calibri,sans-serif;\"><span style=\"font-size: medium;\">tabilitat tot el que t\u00e9 a veure amb els diners i amb els rebuts. <\/span><\/span><\/p>\n<p align=\"justify\"><span style=\"font-family: Calibri,sans-serif;\"><span style=\"font-size: medium;\">Grup de fotografia i d&#8217;inform\u00e0tic<\/span><\/span><span style=\"font-family: Calibri,sans-serif;\"><span style=\"font-size: medium;\">a format per: Biel, Laia i Lorena. <\/span><\/span><\/p>\n<p align=\"justify\"><a href=\"https:\/\/agora.xtec.cat\/escolamunicipal-lasinia\/wp-content\/uploads\/usu978\/2018\/12\/20181113_112655.jpg\"><img loading=\"lazy\" decoding=\"async\" class=\"alignnone size-large wp-image-3522\" src=\"https:\/\/agora.xtec.cat\/escolamunicipal-lasinia\/wp-content\/uploads\/usu978\/2018\/12\/20181113_112655-1024x614.jpg\" alt=\"\" width=\"1024\" height=\"614\" srcset=\"https:\/\/agora.xtec.cat\/escolamunicipal-lasinia\/wp-content\/uploads\/usu978\/2018\/12\/20181113_112655-1024x614.jpg 1024w, https:\/\/agora.xtec.cat\/escolamunicipal-lasinia\/wp-content\/uploads\/usu978\/2018\/12\/20181113_112655-300x180.jpg 300w, https:\/\/agora.xtec.cat\/escolamunicipal-lasinia\/wp-content\/uploads\/usu978\/2018\/12\/20181113_112655-768x461.jpg 768w\" sizes=\"auto, (max-width: 1024px) 100vw, 1024px\" \/><\/a><a href=\"https:\/\/agora.xtec.cat\/escolamunicipal-lasinia\/wp-content\/uploads\/usu978\/2018\/12\/20181113_112608.jpg\"><img loading=\"lazy\" decoding=\"async\" class=\"alignnone size-large wp-image-3523\" src=\"https:\/\/agora.xtec.cat\/escolamunicipal-lasinia\/wp-content\/uploads\/usu978\/2018\/12\/20181113_112608-1024x614.jpg\" alt=\"\" width=\"1024\" height=\"614\" srcset=\"https:\/\/agora.xtec.cat\/escolamunicipal-lasinia\/wp-content\/uploads\/usu978\/2018\/12\/20181113_112608-1024x614.jpg 1024w, https:\/\/agora.xtec.cat\/escolamunicipal-lasinia\/wp-content\/uploads\/usu978\/2018\/12\/20181113_112608-300x180.jpg 300w, https:\/\/agora.xtec.cat\/escolamunicipal-lasinia\/wp-content\/uploads\/usu978\/2018\/12\/20181113_112608-768x461.jpg 768w\" sizes=\"auto, (max-width: 1024px) 100vw, 1024px\" \/><\/a><\/p>\n","protected":false},"excerpt":{"rendered":"<p>El dimarts 13 de novembre la Baudi va venir a la classe a fer-nos un taller. La vam convidar per que est\u00e0vem escollint els c\u00e0rrecs. Com alguns no sab\u00edem en qu\u00e8 consistien, vam pensar que ella ens podria ajudar, ja que \u00e9s la secretaria i tresorera de l\u2019escola, dos c\u00e0rrecs necessaris per l\u2019equip directiu d\u2019una [&hellip;]<\/p>\n","protected":false},"author":1,"featured_media":0,"comment_status":"open","ping_status":"closed","sticky":false,"template":"","format":"standard","meta":{"_bbp_topic_count":0,"_bbp_reply_count":0,"_bbp_total_topic_count":0,"_bbp_total_reply_count":0,"_bbp_voice_count":0,"_bbp_anonymous_reply_count":0,"_bbp_topic_count_hidden":0,"_bbp_reply_count_hidden":0,"_bbp_forum_subforum_count":0,"site-sidebar-layout":"default","site-content-layout":"","ast-site-content-layout":"","site-content-style":"default","site-sidebar-style":"default","ast-global-header-display":"","ast-banner-title-visibility":"","ast-main-header-display":"","ast-hfb-above-header-display":"","ast-hfb-below-header-display":"","ast-hfb-mobile-header-display":"","site-post-title":"","ast-breadcrumbs-content":"","ast-featured-img":"","footer-sml-layout":"","theme-transparent-header-meta":"","adv-header-id-meta":"","stick-header-meta":"","header-above-stick-meta":"","header-main-stick-meta":"","header-below-stick-meta":"","astra-migrate-meta-layouts":"default","ast-page-background-enabled":"default","ast-page-background-meta":{"desktop":{"background-color":"var(--ast-global-color-5)","background-image":"","background-repeat":"repeat","background-position":"center center","background-size":"auto","background-attachment":"scroll","background-type":"","background-media":"","overlay-type":"","overlay-color":"","overlay-opacity":"","overlay-gradient":""},"tablet":{"background-color":"","background-image":"","background-repeat":"repeat","background-position":"center center","background-size":"auto","background-attachment":"scroll","background-type":"","background-media":"","overlay-type":"","overlay-color":"","overlay-opacity":"","overlay-gradient":""},"mobile":{"background-color":"","background-image":"","background-repeat":"repeat","background-position":"center center","background-size":"auto","background-attachment":"scroll","background-type":"","background-media":"","overlay-type":"","overlay-color":"","overlay-opacity":"","overlay-gradient":""}},"ast-content-background-meta":{"desktop":{"background-color":"var(--ast-global-color-4)","background-image":"","background-repeat":"repeat","background-position":"center center","background-size":"auto","background-attachment":"scroll","background-type":"","background-media":"","overlay-type":"","overlay-color":"","overlay-opacity":"","overlay-gradient":""},"tablet":{"background-color":"var(--ast-global-color-4)","background-image":"","background-repeat":"repeat","background-position":"center center","background-size":"auto","background-attachment":"scroll","background-type":"","background-media":"","overlay-type":"","overlay-color":"","overlay-opacity":"","overlay-gradient":""},"mobile":{"background-color":"var(--ast-global-color-4)","background-image":"","background-repeat":"repeat","background-position":"center center","background-size":"auto","background-attachment":"scroll","background-type":"","background-media":"","overlay-type":"","overlay-color":"","overlay-opacity":"","overlay-gradient":""}},"footnotes":""},"categories":[1],"tags":[],"class_list":["post-3521","post","type-post","status-publish","format-standard","hentry","category-portadageneral"],"post_mailing_queue_ids":[],"_links":{"self":[{"href":"https:\/\/agora.xtec.cat\/escolamunicipal-lasinia\/wp-json\/wp\/v2\/posts\/3521","targetHints":{"allow":["GET"]}}],"collection":[{"href":"https:\/\/agora.xtec.cat\/escolamunicipal-lasinia\/wp-json\/wp\/v2\/posts"}],"about":[{"href":"https:\/\/agora.xtec.cat\/escolamunicipal-lasinia\/wp-json\/wp\/v2\/types\/post"}],"author":[{"embeddable":true,"href":"https:\/\/agora.xtec.cat\/escolamunicipal-lasinia\/wp-json\/wp\/v2\/users\/1"}],"replies":[{"embeddable":true,"href":"https:\/\/agora.xtec.cat\/escolamunicipal-lasinia\/wp-json\/wp\/v2\/comments?post=3521"}],"version-history":[{"count":1,"href":"https:\/\/agora.xtec.cat\/escolamunicipal-lasinia\/wp-json\/wp\/v2\/posts\/3521\/revisions"}],"predecessor-version":[{"id":3524,"href":"https:\/\/agora.xtec.cat\/escolamunicipal-lasinia\/wp-json\/wp\/v2\/posts\/3521\/revisions\/3524"}],"wp:attachment":[{"href":"https:\/\/agora.xtec.cat\/escolamunicipal-lasinia\/wp-json\/wp\/v2\/media?parent=3521"}],"wp:term":[{"taxonomy":"category","embeddable":true,"href":"https:\/\/agora.xtec.cat\/escolamunicipal-lasinia\/wp-json\/wp\/v2\/categories?post=3521"},{"taxonomy":"post_tag","embeddable":true,"href":"https:\/\/agora.xtec.cat\/escolamunicipal-lasinia\/wp-json\/wp\/v2\/tags?post=3521"}],"curies":[{"name":"wp","href":"https:\/\/api.w.org\/{rel}","templated":true}]}}