{"id":3515,"date":"2018-12-18T11:41:30","date_gmt":"2018-12-18T10:41:30","guid":{"rendered":"http:\/\/agora.xtec.cat\/escolamunicipal-lasinia\/?p=3515"},"modified":"2018-12-18T11:44:59","modified_gmt":"2018-12-18T10:44:59","slug":"la-nostra-cooperativa","status":"publish","type":"post","link":"https:\/\/agora.xtec.cat\/escolamunicipal-lasinia\/portadageneral\/la-nostra-cooperativa\/","title":{"rendered":"La nostra cooperativa de 5\u00e8 B"},"content":{"rendered":"<p align=\"left\"><span style=\"font-family: Arial,sans-serif;\"><span style=\"font-size: medium;\">La cooperativa va comen\u00e7ar quan la Sonia, una mestra de 5<sup>\u00e8<\/sup>, ens va explicar qu\u00e8 \u00e9s i com funciona una cooperativa per qu\u00e8 nosaltres podr\u00edem tenir l\u2019oportunitat de formar-ne una, seguint el projecte <a href=\"https:\/\/www.diba.cat\/web\/cueme\" target=\"_blank\" rel=\"noopener\">CuEmE<\/a>.<br \/>\n<\/span><\/span><\/p>\n<p align=\"left\"><span style=\"font-family: Arial,sans-serif;\"><span style=\"font-size: medium;\">A principis d&#8217;octubre vam comen\u00e7ar proposant el nom de la nostra cooperativa. Ho vam decidir fent votacions individuals, i despr\u00e9s escollint entre tots els noms que m\u00e9s ens agradaven. <\/span><\/span><\/p>\n<p align=\"left\"><span style=\"font-family: Arial,sans-serif;\"><span style=\"font-size: medium;\">Finalment va guanyar 25 Somriures!!!<\/span><\/span><\/p>\n<p align=\"left\"><span style=\"font-family: Arial,sans-serif;\"><span style=\"font-size: medium;\">El dia 24 d\u2019octubre vam anar a presentar la nostre cooperativa, 25 Somriures, a l&#8217;Ateneu. Les nostres dues representants encarregades d\u2019explicar com ens d\u00e8iem i com la vam formar, van ser la Mar\u00eda i l\u2019Alba. All\u00e0 hi havien molts m\u00e9s alumnes de 5<sup>\u00e8<\/sup> de m\u00e9s escoles de Cerdanyola, que tamb\u00e9 van participar amb la seva cooperativa. <\/span><\/span><\/p>\n<p align=\"left\"><span style=\"font-family: Arial,sans-serif;\"><span style=\"font-size: medium;\">M\u00e9s endavant vam decidir els c\u00e0rrecs de la cooperativa per votacions.<\/span><\/span><\/p>\n<p align=\"left\"><span style=\"font-family: Arial,sans-serif;\"><span style=\"font-size: medium;\">Primer vam presentar la nostra candidatura als diferents c\u00e0rrecs i departaments de la cooperativa, explicant als nostres companys, les qualitats necess\u00e0ries pel c\u00e0rrec que ens agradaria fer, i perqu\u00e8 cr\u00e8iem que podr\u00edem fer-ho b\u00e9.<\/span><\/span><\/p>\n<p align=\"left\"><span style=\"font-family: Arial,sans-serif;\"><span style=\"font-size: medium;\">Vam votar segons aquestes qualitats, pensant el perqu\u00e8 la vot\u00e0vem.<\/span><\/span><\/p>\n<p align=\"left\"><span style=\"font-family: Arial,sans-serif;\"><span style=\"font-size: medium;\">Primer vam votar l\u2019equip directiu, format pels presidents\/es o representants, els secretaris\/es i els tresorers\/es, que \u00e9s essencial per formar una cooperativa.<\/span><\/span><\/p>\n<p align=\"left\"><span style=\"font-family: Arial,sans-serif;\"><span style=\"font-size: medium;\">Els seg\u00fcents c\u00e0rrecs van ser els departaments de: fotografia i inform\u00e0tica, comunicaci\u00f3, publicitat, disseny, i control de qualitat.<\/span><\/span><\/p>\n<p align=\"left\"><span style=\"font-family: Arial,sans-serif;\"><span style=\"font-size: medium;\"><span lang=\"ca-ES\">Al final tots <\/span><span lang=\"ca-ES\">ten\u00edem<\/span><span lang=\"ca-ES\"> un c\u00e0rrec <\/span><span lang=\"ca-ES\">que ens agradava<\/span><span lang=\"ca-ES\">. <\/span><\/span><\/span><\/p>\n<p align=\"left\"><span style=\"font-family: Arial,sans-serif;\"><span style=\"font-size: medium;\"><span lang=\"ca-ES\">A finals<\/span><span lang=\"ca-ES\"> de novembre <\/span><span lang=\"ca-ES\">entre tots nosaltres <\/span><span lang=\"ca-ES\">va<\/span><span lang=\"ca-ES\">m<\/span><span lang=\"ca-ES\"> decidir el capital <\/span><span lang=\"ca-ES\">inicial<\/span><span lang=\"ca-ES\">, vam fer-ho amb vots <\/span><span lang=\"ca-ES\">an\u00f2nims, per qu\u00e8 hav\u00edem de decidir entre un m\u00e0xim i un m\u00ednim. <\/span><span lang=\"ca-ES\">F<\/span><span lang=\"ca-ES\">inalment vam decidir que serien <\/span><span lang=\"ca-ES\">3\u20ac <\/span><span lang=\"ca-ES\">per soci<\/span><span lang=\"ca-ES\">.<\/span><\/span><\/span><\/p>\n<p align=\"left\"><span style=\"font-family: Arial,sans-serif;\"><span style=\"font-size: large;\"><span style=\"font-size: medium;\"><span lang=\"ca-ES\">En aquest moment<\/span><\/span><span style=\"font-size: medium;\"><span lang=\"ca-ES\">, <\/span><\/span><span style=\"font-size: medium;\"><span lang=\"ca-ES\">ens hem distribu\u00eft per<\/span><\/span><span style=\"font-size: medium;\"><span lang=\"ca-ES\"> departament<\/span><\/span><span style=\"font-size: medium;\"><span lang=\"ca-ES\">s i treballem en les diferents funcions dels nostres c\u00e0rrecs. <\/span><\/span><\/span><\/span><\/p>\n","protected":false},"excerpt":{"rendered":"<p>La cooperativa va comen\u00e7ar quan la Sonia, una mestra de 5\u00e8, ens va explicar qu\u00e8 \u00e9s i com funciona una cooperativa per qu\u00e8 nosaltres podr\u00edem tenir l\u2019oportunitat de formar-ne una, seguint el projecte CuEmE. A principis d&#8217;octubre vam comen\u00e7ar proposant el nom de la nostra cooperativa. Ho vam decidir fent votacions individuals, i despr\u00e9s escollint [&hellip;]<\/p>\n","protected":false},"author":1,"featured_media":0,"comment_status":"open","ping_status":"closed","sticky":false,"template":"","format":"standard","meta":{"_bbp_topic_count":0,"_bbp_reply_count":0,"_bbp_total_topic_count":0,"_bbp_total_reply_count":0,"_bbp_voice_count":0,"_bbp_anonymous_reply_count":0,"_bbp_topic_count_hidden":0,"_bbp_reply_count_hidden":0,"_bbp_forum_subforum_count":0,"site-sidebar-layout":"default","site-content-layout":"","ast-site-content-layout":"","site-content-style":"default","site-sidebar-style":"default","ast-global-header-display":"","ast-banner-title-visibility":"","ast-main-header-display":"","ast-hfb-above-header-display":"","ast-hfb-below-header-display":"","ast-hfb-mobile-header-display":"","site-post-title":"","ast-breadcrumbs-content":"","ast-featured-img":"","footer-sml-layout":"","theme-transparent-header-meta":"","adv-header-id-meta":"","stick-header-meta":"","header-above-stick-meta":"","header-main-stick-meta":"","header-below-stick-meta":"","astra-migrate-meta-layouts":"default","ast-page-background-enabled":"default","ast-page-background-meta":{"desktop":{"background-color":"var(--ast-global-color-5)","background-image":"","background-repeat":"repeat","background-position":"center center","background-size":"auto","background-attachment":"scroll","background-type":"","background-media":"","overlay-type":"","overlay-color":"","overlay-opacity":"","overlay-gradient":""},"tablet":{"background-color":"","background-image":"","background-repeat":"repeat","background-position":"center center","background-size":"auto","background-attachment":"scroll","background-type":"","background-media":"","overlay-type":"","overlay-color":"","overlay-opacity":"","overlay-gradient":""},"mobile":{"background-color":"","background-image":"","background-repeat":"repeat","background-position":"center center","background-size":"auto","background-attachment":"scroll","background-type":"","background-media":"","overlay-type":"","overlay-color":"","overlay-opacity":"","overlay-gradient":""}},"ast-content-background-meta":{"desktop":{"background-color":"var(--ast-global-color-4)","background-image":"","background-repeat":"repeat","background-position":"center center","background-size":"auto","background-attachment":"scroll","background-type":"","background-media":"","overlay-type":"","overlay-color":"","overlay-opacity":"","overlay-gradient":""},"tablet":{"background-color":"var(--ast-global-color-4)","background-image":"","background-repeat":"repeat","background-position":"center center","background-size":"auto","background-attachment":"scroll","background-type":"","background-media":"","overlay-type":"","overlay-color":"","overlay-opacity":"","overlay-gradient":""},"mobile":{"background-color":"var(--ast-global-color-4)","background-image":"","background-repeat":"repeat","background-position":"center center","background-size":"auto","background-attachment":"scroll","background-type":"","background-media":"","overlay-type":"","overlay-color":"","overlay-opacity":"","overlay-gradient":""}},"footnotes":""},"categories":[61,126,1],"tags":[],"class_list":["post-3515","post","type-post","status-publish","format-standard","hentry","category-5e","category-curs-18-19-5e","category-portadageneral"],"post_mailing_queue_ids":[],"_links":{"self":[{"href":"https:\/\/agora.xtec.cat\/escolamunicipal-lasinia\/wp-json\/wp\/v2\/posts\/3515","targetHints":{"allow":["GET"]}}],"collection":[{"href":"https:\/\/agora.xtec.cat\/escolamunicipal-lasinia\/wp-json\/wp\/v2\/posts"}],"about":[{"href":"https:\/\/agora.xtec.cat\/escolamunicipal-lasinia\/wp-json\/wp\/v2\/types\/post"}],"author":[{"embeddable":true,"href":"https:\/\/agora.xtec.cat\/escolamunicipal-lasinia\/wp-json\/wp\/v2\/users\/1"}],"replies":[{"embeddable":true,"href":"https:\/\/agora.xtec.cat\/escolamunicipal-lasinia\/wp-json\/wp\/v2\/comments?post=3515"}],"version-history":[{"count":2,"href":"https:\/\/agora.xtec.cat\/escolamunicipal-lasinia\/wp-json\/wp\/v2\/posts\/3515\/revisions"}],"predecessor-version":[{"id":3517,"href":"https:\/\/agora.xtec.cat\/escolamunicipal-lasinia\/wp-json\/wp\/v2\/posts\/3515\/revisions\/3517"}],"wp:attachment":[{"href":"https:\/\/agora.xtec.cat\/escolamunicipal-lasinia\/wp-json\/wp\/v2\/media?parent=3515"}],"wp:term":[{"taxonomy":"category","embeddable":true,"href":"https:\/\/agora.xtec.cat\/escolamunicipal-lasinia\/wp-json\/wp\/v2\/categories?post=3515"},{"taxonomy":"post_tag","embeddable":true,"href":"https:\/\/agora.xtec.cat\/escolamunicipal-lasinia\/wp-json\/wp\/v2\/tags?post=3515"}],"curies":[{"name":"wp","href":"https:\/\/api.w.org\/{rel}","templated":true}]}}