{"id":3452,"date":"2018-12-02T17:59:45","date_gmt":"2018-12-02T16:59:45","guid":{"rendered":"http:\/\/agora.xtec.cat\/escolamunicipal-lasinia\/?p=3452"},"modified":"2018-12-02T17:59:45","modified_gmt":"2018-12-02T16:59:45","slug":"estrena-de-curtmetratges-dstop-motion-a-5e","status":"publish","type":"post","link":"https:\/\/agora.xtec.cat\/escolamunicipal-lasinia\/portadageneral\/estrena-de-curtmetratges-dstop-motion-a-5e\/","title":{"rendered":"Estrena de curtmetratges d&#8217;stop-motion a 5\u00e8!"},"content":{"rendered":"<p>Aquesta setmana part de l\u2019alumnat de 5\u00e8 ha anat d\u2019estrena! D\u2019estrena a on? Us preguntareu&#8230;<\/p>\n<p>A l\u2019estrena dels curtmetratges d\u2019stop-motion que han estat realitzant durant aquest trimestre a l\u2019estona de pl\u00e0stica!<\/p>\n<p>Era una estrena molt esperada on no ha faltat ni la catifa vermella ni les crispetes!<\/p>\n<p><a href=\"https:\/\/agora.xtec.cat\/escolamunicipal-lasinia\/wp-content\/uploads\/usu978\/2018\/12\/20181128_100302.jpg\"><img loading=\"lazy\" decoding=\"async\" class=\"alignnone wp-image-3453\" src=\"https:\/\/agora.xtec.cat\/escolamunicipal-lasinia\/wp-content\/uploads\/usu978\/2018\/12\/20181128_100302-1024x614.jpg\" alt=\"\" width=\"372\" height=\"222\" srcset=\"https:\/\/agora.xtec.cat\/escolamunicipal-lasinia\/wp-content\/uploads\/usu978\/2018\/12\/20181128_100302-1024x614.jpg 1024w, https:\/\/agora.xtec.cat\/escolamunicipal-lasinia\/wp-content\/uploads\/usu978\/2018\/12\/20181128_100302-300x180.jpg 300w, https:\/\/agora.xtec.cat\/escolamunicipal-lasinia\/wp-content\/uploads\/usu978\/2018\/12\/20181128_100302-768x461.jpg 768w\" sizes=\"auto, (max-width: 372px) 100vw, 372px\" \/><\/a> <a href=\"https:\/\/agora.xtec.cat\/escolamunicipal-lasinia\/wp-content\/uploads\/usu978\/2018\/12\/20181128_100332.jpg\"><img loading=\"lazy\" decoding=\"async\" class=\"alignnone wp-image-3454\" src=\"https:\/\/agora.xtec.cat\/escolamunicipal-lasinia\/wp-content\/uploads\/usu978\/2018\/12\/20181128_100332-1024x614.jpg\" alt=\"\" width=\"374\" height=\"224\" srcset=\"https:\/\/agora.xtec.cat\/escolamunicipal-lasinia\/wp-content\/uploads\/usu978\/2018\/12\/20181128_100332-1024x614.jpg 1024w, https:\/\/agora.xtec.cat\/escolamunicipal-lasinia\/wp-content\/uploads\/usu978\/2018\/12\/20181128_100332-300x180.jpg 300w, https:\/\/agora.xtec.cat\/escolamunicipal-lasinia\/wp-content\/uploads\/usu978\/2018\/12\/20181128_100332-768x461.jpg 768w\" sizes=\"auto, (max-width: 374px) 100vw, 374px\" \/><\/a><\/p>\n<p>Ha estat un treball cooperatiu molt interessant en el que les seves directores i directors han hagut de pensar un gui\u00f3 sobre la tem\u00e0tica de la natura, elaborar els decorats per poder tenir el set de rodatge i fer tantes fotos com fossin necess\u00e0ries per donar vida als personatges dels seus curtmetratges. El moviment acabava d\u2019apar\u00e8ixer amb l\u2019aplicaci\u00f3 <em>stop-motion <\/em>de les tauletes.<\/p>\n<p>A continuaci\u00f3 teniu els enlla\u00e7os per poder gaudir del resultat final!<\/p>\n<p>Atenci\u00f3, alguns tenen audio incorporat!<\/p>\n<ul>\n<li><a href=\"https:\/\/drive.google.com\/file\/d\/1nx0fC7wHvYD9yL7uvo1ZlX_ueWyOFrfx\/view?usp=sharing\" target=\"_blank\" rel=\"noopener\">La contaminaci\u00f3 al mar<\/a> (D\u00eddac, Edu i Santi)<\/li>\n<li><a href=\"https:\/\/drive.google.com\/file\/d\/1btnOqBlhVia1xNXHLHQCWVsPTEPB6cw5\/view?usp=sharing\" target=\"_blank\" rel=\"noopener\">Reciclar \u00e9s important<\/a> (Agust\u00ed, Aitor, Alba i Jeyson)<\/li>\n<li><a href=\"https:\/\/drive.google.com\/file\/d\/1IVvK4IhK6EGI8wYr7mK7ss9xj4KxUGFK\/view?usp=sharing\" target=\"_blank\" rel=\"noopener\">Reciclar \u00e9s bo<\/a> (Carla, Den\u00eds, Mohamed i Sara)<\/li>\n<li><a href=\"https:\/\/drive.google.com\/file\/d\/1cMLgtgtvO7-a7IDCsVwbzE6s0J2D2Sf_\/view?usp=sharing\" target=\"_blank\" rel=\"noopener\">La Fuver Junior<\/a> (Ada, Dairon i Pau)<\/li>\n<li><a href=\"https:\/\/drive.google.com\/file\/d\/1VF5Bub8MvLz7mPGJasguwuapDKepjX1T\/view?usp=sharing\" target=\"_blank\" rel=\"noopener\">El m\u00f3n en perill<\/a> (Laia, Lola i Marina)<\/li>\n<\/ul>\n<p>Us han agradat? Us heu quedat amb ganes de m\u00e9s?<\/p>\n<p>Doncs aqu\u00ed teniu algunes imatges de \u201cdarrere les c\u00e0meres\u201d \u00a0\ud83d\ude09<\/p>\n<p><a href=\"https:\/\/photos.app.goo.gl\/Uaif8AD35r3o4cpY6\" target=\"_blank\" rel=\"noopener\">Preparem els decorats<\/a><\/p>\n<p><a href=\"https:\/\/photos.app.goo.gl\/AfXwxbkj9YehaHjr9\" target=\"_blank\" rel=\"noopener\">Practiquem amb les tauletes i comencem a fer fotos!<\/a><\/p>\n","protected":false},"excerpt":{"rendered":"<p>Aquesta setmana part de l\u2019alumnat de 5\u00e8 ha anat d\u2019estrena! D\u2019estrena a on? Us preguntareu&#8230; A l\u2019estrena dels curtmetratges d\u2019stop-motion que han estat realitzant durant aquest trimestre a l\u2019estona de pl\u00e0stica! Era una estrena molt esperada on no ha faltat ni la catifa vermella ni les crispetes! Ha estat un treball cooperatiu molt interessant en [&hellip;]<\/p>\n","protected":false},"author":1,"featured_media":3454,"comment_status":"open","ping_status":"closed","sticky":false,"template":"","format":"standard","meta":{"_bbp_topic_count":0,"_bbp_reply_count":0,"_bbp_total_topic_count":0,"_bbp_total_reply_count":0,"_bbp_voice_count":0,"_bbp_anonymous_reply_count":0,"_bbp_topic_count_hidden":0,"_bbp_reply_count_hidden":0,"_bbp_forum_subforum_count":0,"site-sidebar-layout":"default","site-content-layout":"","ast-site-content-layout":"","site-content-style":"default","site-sidebar-style":"default","ast-global-header-display":"","ast-banner-title-visibility":"","ast-main-header-display":"","ast-hfb-above-header-display":"","ast-hfb-below-header-display":"","ast-hfb-mobile-header-display":"","site-post-title":"","ast-breadcrumbs-content":"","ast-featured-img":"","footer-sml-layout":"","theme-transparent-header-meta":"","adv-header-id-meta":"","stick-header-meta":"","header-above-stick-meta":"","header-main-stick-meta":"","header-below-stick-meta":"","astra-migrate-meta-layouts":"default","ast-page-background-enabled":"default","ast-page-background-meta":{"desktop":{"background-color":"var(--ast-global-color-5)","background-image":"","background-repeat":"repeat","background-position":"center center","background-size":"auto","background-attachment":"scroll","background-type":"","background-media":"","overlay-type":"","overlay-color":"","overlay-opacity":"","overlay-gradient":""},"tablet":{"background-color":"","background-image":"","background-repeat":"repeat","background-position":"center center","background-size":"auto","background-attachment":"scroll","background-type":"","background-media":"","overlay-type":"","overlay-color":"","overlay-opacity":"","overlay-gradient":""},"mobile":{"background-color":"","background-image":"","background-repeat":"repeat","background-position":"center center","background-size":"auto","background-attachment":"scroll","background-type":"","background-media":"","overlay-type":"","overlay-color":"","overlay-opacity":"","overlay-gradient":""}},"ast-content-background-meta":{"desktop":{"background-color":"var(--ast-global-color-4)","background-image":"","background-repeat":"repeat","background-position":"center center","background-size":"auto","background-attachment":"scroll","background-type":"","background-media":"","overlay-type":"","overlay-color":"","overlay-opacity":"","overlay-gradient":""},"tablet":{"background-color":"var(--ast-global-color-4)","background-image":"","background-repeat":"repeat","background-position":"center center","background-size":"auto","background-attachment":"scroll","background-type":"","background-media":"","overlay-type":"","overlay-color":"","overlay-opacity":"","overlay-gradient":""},"mobile":{"background-color":"var(--ast-global-color-4)","background-image":"","background-repeat":"repeat","background-position":"center center","background-size":"auto","background-attachment":"scroll","background-type":"","background-media":"","overlay-type":"","overlay-color":"","overlay-opacity":"","overlay-gradient":""}},"footnotes":""},"categories":[61,126,1],"tags":[],"class_list":["post-3452","post","type-post","status-publish","format-standard","has-post-thumbnail","hentry","category-5e","category-curs-18-19-5e","category-portadageneral"],"post_mailing_queue_ids":[],"_links":{"self":[{"href":"https:\/\/agora.xtec.cat\/escolamunicipal-lasinia\/wp-json\/wp\/v2\/posts\/3452","targetHints":{"allow":["GET"]}}],"collection":[{"href":"https:\/\/agora.xtec.cat\/escolamunicipal-lasinia\/wp-json\/wp\/v2\/posts"}],"about":[{"href":"https:\/\/agora.xtec.cat\/escolamunicipal-lasinia\/wp-json\/wp\/v2\/types\/post"}],"author":[{"embeddable":true,"href":"https:\/\/agora.xtec.cat\/escolamunicipal-lasinia\/wp-json\/wp\/v2\/users\/1"}],"replies":[{"embeddable":true,"href":"https:\/\/agora.xtec.cat\/escolamunicipal-lasinia\/wp-json\/wp\/v2\/comments?post=3452"}],"version-history":[{"count":2,"href":"https:\/\/agora.xtec.cat\/escolamunicipal-lasinia\/wp-json\/wp\/v2\/posts\/3452\/revisions"}],"predecessor-version":[{"id":3456,"href":"https:\/\/agora.xtec.cat\/escolamunicipal-lasinia\/wp-json\/wp\/v2\/posts\/3452\/revisions\/3456"}],"wp:featuredmedia":[{"embeddable":true,"href":"https:\/\/agora.xtec.cat\/escolamunicipal-lasinia\/wp-json\/wp\/v2\/media\/3454"}],"wp:attachment":[{"href":"https:\/\/agora.xtec.cat\/escolamunicipal-lasinia\/wp-json\/wp\/v2\/media?parent=3452"}],"wp:term":[{"taxonomy":"category","embeddable":true,"href":"https:\/\/agora.xtec.cat\/escolamunicipal-lasinia\/wp-json\/wp\/v2\/categories?post=3452"},{"taxonomy":"post_tag","embeddable":true,"href":"https:\/\/agora.xtec.cat\/escolamunicipal-lasinia\/wp-json\/wp\/v2\/tags?post=3452"}],"curies":[{"name":"wp","href":"https:\/\/api.w.org\/{rel}","templated":true}]}}