{"id":3333,"date":"2018-11-06T11:02:02","date_gmt":"2018-11-06T10:02:02","guid":{"rendered":"http:\/\/agora.xtec.cat\/escolamunicipal-lasinia\/?p=3333"},"modified":"2018-11-06T13:09:46","modified_gmt":"2018-11-06T12:09:46","slug":"lestona-de-musica-a-p3","status":"publish","type":"post","link":"https:\/\/agora.xtec.cat\/escolamunicipal-lasinia\/portadageneral\/lestona-de-musica-a-p3\/","title":{"rendered":"L&#8217;estona de m\u00fasica a P3"},"content":{"rendered":"<p><i><span style=\"font-weight: 400;\">\u201cLa m\u00fasica d\u00f3na \u00e0nima a l\u2019Univers, ales a la imaginaci\u00f3, consol a la tristesa i vida i alegria a totes les coses <\/span><\/i><span style=\"font-weight: 400;\">\u201c aquesta afirmaci\u00f3 que va fer Plat\u00f3 en el seu moment, \u00e9s una bona premisa amb la qual a la S\u00ednia estem d\u2019acord i ens guia a l\u2019hora de fer m\u00fasica amb el nostre alumnat. \u00c9s per aix\u00f2 que a Infantil recollirem \u00a0al llarg del curs algunes estones de la classe de m\u00fasica per a poder compartir-les amb vosaltres.<\/span><\/p>\n<p><span style=\"font-weight: 400;\">La m\u00fasica \u00e9s molt important pel refor\u00e7 i desenvolupament de les habilitats comunicatives, el treball en grup, la creativitat, la coordinaci\u00f3, la mem\u00f2ria i el ritme, aix\u00ed que a la S\u00ednia li donem molta import\u00e0ncia, pel que us animem a qu\u00e8 les vostres llars s\u2019omplin de melodies diverses!<\/span><\/p>\n<p><span style=\"font-weight: 400;\">A l\u2019estona que fem m\u00fasica tot comen\u00e7a i acaba amb una can\u00e7\u00f3, voleu sentir la que cantem per saludar-nos entre totes? Les maduixes i les cireres se la saben molt i molt b\u00e9! A m\u00e9s, tenim la sort de gaudir de la companyia de l\u2019Ukelele que sovint ens ajuda a animar les can\u00e7ons que cantem i les danses que ballem.<\/span><\/p>\n<p>Si voleu veure i escoltar un petit tastet cliqueu <a href=\"https:\/\/photos.app.goo.gl\/fCFKE4Ldmier1D1S6\">aqu\u00ed<\/a><\/p>\n<p><span style=\"font-weight: 400;\">Que la m\u00fasica us acompanyi!<\/span><\/p>\n","protected":false},"excerpt":{"rendered":"<p>\u201cLa m\u00fasica d\u00f3na \u00e0nima a l\u2019Univers, ales a la imaginaci\u00f3, consol a la tristesa i vida i alegria a totes les coses \u201c aquesta afirmaci\u00f3 que va fer Plat\u00f3 en el seu moment, \u00e9s una bona premisa amb la qual a la S\u00ednia estem d\u2019acord i ens guia a l\u2019hora de fer m\u00fasica amb el [&hellip;]<\/p>\n","protected":false},"author":1,"featured_media":3337,"comment_status":"open","ping_status":"closed","sticky":false,"template":"","format":"standard","meta":{"_bbp_topic_count":0,"_bbp_reply_count":0,"_bbp_total_topic_count":0,"_bbp_total_reply_count":0,"_bbp_voice_count":0,"_bbp_anonymous_reply_count":0,"_bbp_topic_count_hidden":0,"_bbp_reply_count_hidden":0,"_bbp_forum_subforum_count":0,"site-sidebar-layout":"default","site-content-layout":"","ast-site-content-layout":"","site-content-style":"default","site-sidebar-style":"default","ast-global-header-display":"","ast-banner-title-visibility":"","ast-main-header-display":"","ast-hfb-above-header-display":"","ast-hfb-below-header-display":"","ast-hfb-mobile-header-display":"","site-post-title":"","ast-breadcrumbs-content":"","ast-featured-img":"","footer-sml-layout":"","theme-transparent-header-meta":"","adv-header-id-meta":"","stick-header-meta":"","header-above-stick-meta":"","header-main-stick-meta":"","header-below-stick-meta":"","astra-migrate-meta-layouts":"default","ast-page-background-enabled":"default","ast-page-background-meta":{"desktop":{"background-color":"var(--ast-global-color-5)","background-image":"","background-repeat":"repeat","background-position":"center center","background-size":"auto","background-attachment":"scroll","background-type":"","background-media":"","overlay-type":"","overlay-color":"","overlay-opacity":"","overlay-gradient":""},"tablet":{"background-color":"","background-image":"","background-repeat":"repeat","background-position":"center center","background-size":"auto","background-attachment":"scroll","background-type":"","background-media":"","overlay-type":"","overlay-color":"","overlay-opacity":"","overlay-gradient":""},"mobile":{"background-color":"","background-image":"","background-repeat":"repeat","background-position":"center center","background-size":"auto","background-attachment":"scroll","background-type":"","background-media":"","overlay-type":"","overlay-color":"","overlay-opacity":"","overlay-gradient":""}},"ast-content-background-meta":{"desktop":{"background-color":"var(--ast-global-color-4)","background-image":"","background-repeat":"repeat","background-position":"center center","background-size":"auto","background-attachment":"scroll","background-type":"","background-media":"","overlay-type":"","overlay-color":"","overlay-opacity":"","overlay-gradient":""},"tablet":{"background-color":"var(--ast-global-color-4)","background-image":"","background-repeat":"repeat","background-position":"center center","background-size":"auto","background-attachment":"scroll","background-type":"","background-media":"","overlay-type":"","overlay-color":"","overlay-opacity":"","overlay-gradient":""},"mobile":{"background-color":"var(--ast-global-color-4)","background-image":"","background-repeat":"repeat","background-position":"center center","background-size":"auto","background-attachment":"scroll","background-type":"","background-media":"","overlay-type":"","overlay-color":"","overlay-opacity":"","overlay-gradient":""}},"footnotes":""},"categories":[55,78,122,1],"tags":[],"class_list":["post-3333","post","type-post","status-publish","format-standard","has-post-thumbnail","hentry","category-ed-infantil","category-blogs-escola","category-curs-18-19-p3","category-portadageneral"],"post_mailing_queue_ids":[],"_links":{"self":[{"href":"https:\/\/agora.xtec.cat\/escolamunicipal-lasinia\/wp-json\/wp\/v2\/posts\/3333","targetHints":{"allow":["GET"]}}],"collection":[{"href":"https:\/\/agora.xtec.cat\/escolamunicipal-lasinia\/wp-json\/wp\/v2\/posts"}],"about":[{"href":"https:\/\/agora.xtec.cat\/escolamunicipal-lasinia\/wp-json\/wp\/v2\/types\/post"}],"author":[{"embeddable":true,"href":"https:\/\/agora.xtec.cat\/escolamunicipal-lasinia\/wp-json\/wp\/v2\/users\/1"}],"replies":[{"embeddable":true,"href":"https:\/\/agora.xtec.cat\/escolamunicipal-lasinia\/wp-json\/wp\/v2\/comments?post=3333"}],"version-history":[{"count":2,"href":"https:\/\/agora.xtec.cat\/escolamunicipal-lasinia\/wp-json\/wp\/v2\/posts\/3333\/revisions"}],"predecessor-version":[{"id":3335,"href":"https:\/\/agora.xtec.cat\/escolamunicipal-lasinia\/wp-json\/wp\/v2\/posts\/3333\/revisions\/3335"}],"wp:featuredmedia":[{"embeddable":true,"href":"https:\/\/agora.xtec.cat\/escolamunicipal-lasinia\/wp-json\/wp\/v2\/media\/3337"}],"wp:attachment":[{"href":"https:\/\/agora.xtec.cat\/escolamunicipal-lasinia\/wp-json\/wp\/v2\/media?parent=3333"}],"wp:term":[{"taxonomy":"category","embeddable":true,"href":"https:\/\/agora.xtec.cat\/escolamunicipal-lasinia\/wp-json\/wp\/v2\/categories?post=3333"},{"taxonomy":"post_tag","embeddable":true,"href":"https:\/\/agora.xtec.cat\/escolamunicipal-lasinia\/wp-json\/wp\/v2\/tags?post=3333"}],"curies":[{"name":"wp","href":"https:\/\/api.w.org\/{rel}","templated":true}]}}