{"id":3234,"date":"2018-10-14T14:03:42","date_gmt":"2018-10-14T12:03:42","guid":{"rendered":"http:\/\/agora.xtec.cat\/escolamunicipal-lasinia\/?p=3234"},"modified":"2018-10-14T14:03:42","modified_gmt":"2018-10-14T12:03:42","slug":"2a-bicicletada-dels-camins-escolars","status":"publish","type":"post","link":"https:\/\/agora.xtec.cat\/escolamunicipal-lasinia\/portadageneral\/2a-bicicletada-dels-camins-escolars\/","title":{"rendered":"2\u00aa BICICLETADA DELS CAMINS ESCOLARS"},"content":{"rendered":"<p><img loading=\"lazy\" decoding=\"async\" class=\"size-medium wp-image-3237 alignleft\" src=\"https:\/\/agora.xtec.cat\/escolamunicipal-lasinia\/wp-content\/uploads\/usu978\/2018\/10\/Captura-de-pantalla-2018-10-11-a-les-20.06.35-1-240x300.png\" alt=\"\" width=\"240\" height=\"300\" srcset=\"https:\/\/agora.xtec.cat\/escolamunicipal-lasinia\/wp-content\/uploads\/usu978\/2018\/10\/Captura-de-pantalla-2018-10-11-a-les-20.06.35-1-240x300.png 240w, https:\/\/agora.xtec.cat\/escolamunicipal-lasinia\/wp-content\/uploads\/usu978\/2018\/10\/Captura-de-pantalla-2018-10-11-a-les-20.06.35-1.png 435w\" sizes=\"auto, (max-width: 240px) 100vw, 240px\" \/><\/p>\n<p>Els i les alumnes de cinqu\u00e8 i sis\u00e8 de la nostra escola La S\u00ednia, juntament amb les escoles Xarau i Serraperera, van participar aquest passat dijous 11 d&#8217;octubre en la 2a Bicicletada dels Camins Escolars. L&#8217;objectiu d&#8217;aquesta activitat era donar a con\u00e8ixer els itineraris, incentivar el transport sostenible i potenciar l&#8217;autonomia dels nens i nenes.<\/p>\n<p>En aquest <a href=\"https:\/\/agora.xtec.cat\/escolamunicipal-lasinia\/wp-content\/uploads\/usu978\/2018\/10\/cartell-i-pl\u00e0nol.pdf\" target=\"_blank\" rel=\"noopener\">pdf<\/a>\u00a0<a href=\"https:\/\/agora.xtec.cat\/escolamunicipal-lasinia\/wp-content\/uploads\/usu978\/2018\/10\/cartell-i-pl\u00e0nol.pdf\">cartell i pl\u00e0nol\u00a0<\/a>podreu veure el recorregut que va fer els nostres infants de Cerdanyola!<\/p>\n<p>Aqu\u00ed us deixem amb algunes de les <a href=\"https:\/\/photos.app.goo.gl\/6tkfn8ng1u9k5BUk8\" target=\"_blank\" rel=\"noopener\">imatges<\/a> del gran mat\u00ed. Si algun familiar te alguna fotografia i la vol penjar a l&#8217;\u00e0lbum nom\u00e9s cal que s&#8217;uneixi a l&#8217;\u00e0lbum i que les &#8220;pugi&#8221;! \ud83d\ude09<\/p>\n<p>&nbsp;<\/p>\n","protected":false},"excerpt":{"rendered":"<p>L&#8217;alumnat de cinqu\u00e8 i sis\u00e8 de les escoles Xarau, Serraperera i La S\u00ednia han participat avui en la 2a Bicicletada dels Camins Escolars.<\/p>\n","protected":false},"author":1,"featured_media":3236,"comment_status":"open","ping_status":"closed","sticky":false,"template":"","format":"standard","meta":{"_bbp_topic_count":0,"_bbp_reply_count":0,"_bbp_total_topic_count":0,"_bbp_total_reply_count":0,"_bbp_voice_count":0,"_bbp_anonymous_reply_count":0,"_bbp_topic_count_hidden":0,"_bbp_reply_count_hidden":0,"_bbp_forum_subforum_count":0,"site-sidebar-layout":"default","site-content-layout":"","ast-site-content-layout":"","site-content-style":"default","site-sidebar-style":"default","ast-global-header-display":"","ast-banner-title-visibility":"","ast-main-header-display":"","ast-hfb-above-header-display":"","ast-hfb-below-header-display":"","ast-hfb-mobile-header-display":"","site-post-title":"","ast-breadcrumbs-content":"","ast-featured-img":"","footer-sml-layout":"","theme-transparent-header-meta":"","adv-header-id-meta":"","stick-header-meta":"","header-above-stick-meta":"","header-main-stick-meta":"","header-below-stick-meta":"","astra-migrate-meta-layouts":"default","ast-page-background-enabled":"default","ast-page-background-meta":{"desktop":{"background-color":"var(--ast-global-color-5)","background-image":"","background-repeat":"repeat","background-position":"center center","background-size":"auto","background-attachment":"scroll","background-type":"","background-media":"","overlay-type":"","overlay-color":"","overlay-opacity":"","overlay-gradient":""},"tablet":{"background-color":"","background-image":"","background-repeat":"repeat","background-position":"center center","background-size":"auto","background-attachment":"scroll","background-type":"","background-media":"","overlay-type":"","overlay-color":"","overlay-opacity":"","overlay-gradient":""},"mobile":{"background-color":"","background-image":"","background-repeat":"repeat","background-position":"center center","background-size":"auto","background-attachment":"scroll","background-type":"","background-media":"","overlay-type":"","overlay-color":"","overlay-opacity":"","overlay-gradient":""}},"ast-content-background-meta":{"desktop":{"background-color":"var(--ast-global-color-4)","background-image":"","background-repeat":"repeat","background-position":"center center","background-size":"auto","background-attachment":"scroll","background-type":"","background-media":"","overlay-type":"","overlay-color":"","overlay-opacity":"","overlay-gradient":""},"tablet":{"background-color":"var(--ast-global-color-4)","background-image":"","background-repeat":"repeat","background-position":"center center","background-size":"auto","background-attachment":"scroll","background-type":"","background-media":"","overlay-type":"","overlay-color":"","overlay-opacity":"","overlay-gradient":""},"mobile":{"background-color":"var(--ast-global-color-4)","background-image":"","background-repeat":"repeat","background-position":"center center","background-size":"auto","background-attachment":"scroll","background-type":"","background-media":"","overlay-type":"","overlay-color":"","overlay-opacity":"","overlay-gradient":""}},"footnotes":""},"categories":[61,62,70,83,126,125,1],"tags":[],"class_list":["post-3234","post","type-post","status-publish","format-standard","has-post-thumbnail","hentry","category-5e","category-6e","category-ed-fisica","category-escola-verda","category-curs-18-19-5e","category-curs-18-19-6e","category-portadageneral"],"post_mailing_queue_ids":[],"_links":{"self":[{"href":"https:\/\/agora.xtec.cat\/escolamunicipal-lasinia\/wp-json\/wp\/v2\/posts\/3234","targetHints":{"allow":["GET"]}}],"collection":[{"href":"https:\/\/agora.xtec.cat\/escolamunicipal-lasinia\/wp-json\/wp\/v2\/posts"}],"about":[{"href":"https:\/\/agora.xtec.cat\/escolamunicipal-lasinia\/wp-json\/wp\/v2\/types\/post"}],"author":[{"embeddable":true,"href":"https:\/\/agora.xtec.cat\/escolamunicipal-lasinia\/wp-json\/wp\/v2\/users\/1"}],"replies":[{"embeddable":true,"href":"https:\/\/agora.xtec.cat\/escolamunicipal-lasinia\/wp-json\/wp\/v2\/comments?post=3234"}],"version-history":[{"count":3,"href":"https:\/\/agora.xtec.cat\/escolamunicipal-lasinia\/wp-json\/wp\/v2\/posts\/3234\/revisions"}],"predecessor-version":[{"id":3242,"href":"https:\/\/agora.xtec.cat\/escolamunicipal-lasinia\/wp-json\/wp\/v2\/posts\/3234\/revisions\/3242"}],"wp:featuredmedia":[{"embeddable":true,"href":"https:\/\/agora.xtec.cat\/escolamunicipal-lasinia\/wp-json\/wp\/v2\/media\/3236"}],"wp:attachment":[{"href":"https:\/\/agora.xtec.cat\/escolamunicipal-lasinia\/wp-json\/wp\/v2\/media?parent=3234"}],"wp:term":[{"taxonomy":"category","embeddable":true,"href":"https:\/\/agora.xtec.cat\/escolamunicipal-lasinia\/wp-json\/wp\/v2\/categories?post=3234"},{"taxonomy":"post_tag","embeddable":true,"href":"https:\/\/agora.xtec.cat\/escolamunicipal-lasinia\/wp-json\/wp\/v2\/tags?post=3234"}],"curies":[{"name":"wp","href":"https:\/\/api.w.org\/{rel}","templated":true}]}}