{"id":3007,"date":"2018-06-29T14:53:36","date_gmt":"2018-06-29T12:53:36","guid":{"rendered":"http:\/\/agora.xtec.cat\/escolamunicipal-lasinia\/?p=3007"},"modified":"2018-06-29T14:54:52","modified_gmt":"2018-06-29T12:54:52","slug":"storytelling-un-taller-interdisciplinar-de-conte","status":"publish","type":"post","link":"https:\/\/agora.xtec.cat\/escolamunicipal-lasinia\/portadageneral\/storytelling-un-taller-interdisciplinar-de-conte\/","title":{"rendered":"STORYTELLING, un taller interdisciplinar de conte"},"content":{"rendered":"<p>Durant\u00a0aquest\u00a0\u00faltim\u00a0trimestre\u00a0<wbr \/>hem\u00a0volgut\u00a0engrescar\u00a0els\u00a0<wbr \/>nostres\u00a0alumnes\u00a0de\u00a0sis\u00e8\u00a0en\u00a0<wbr \/>una\u00a0experi\u00e8ncia\u00a0<wbr \/>multidisciplinar;\u00a0l\u2019<wbr \/>Storytelling.\u00a0Partint\u00a0d\u2019un\u00a0<wbr \/>conte\u00a0en\u00a0llengua\u00a0anglesa\u00a0que\u00a0<wbr \/>els\u00a0alumnes\u00a0han\u00a0reprodu\u00eft\u00a0<wbr \/>oralment,\u00a0li\u00a0hem\u00a0donat\u00a0vida\u00a0a\u00a0<wbr \/>trav\u00e9s\u00a0de\u00a0la\u00a0Pl\u00e0stica,\u00a0so\u00a0a\u00a0<wbr \/>trav\u00e9s\u00a0de\u00a0la\u00a0M\u00fasica,\u00a0i\u00a0<wbr \/>moviment\u00a0a\u00a0l\u2019\u00e0rea\u00a0de\u00a0l\u2019<wbr \/>Educaci\u00f3\u00a0F\u00edsica.\u00a0El\u00a0resultat\u00a0<wbr \/>ha\u00a0estat\u00a0una\u00a0espectacular\u00a0<wbr \/>experi\u00e8ncia\u00a0audiovisual\u00a0i\u00a0<wbr \/>pl\u00e0stica\u00a0que,\u00a0a\u00a0part\u00a0de\u00a0<wbr \/>compartir-la\u00a0en\u00a0directe\u00a0amb\u00a0<wbr \/>la\u00a0resta\u00a0de\u00a0l\u2019alumnat,\u00a0tamb\u00e9\u00a0<wbr \/>volem\u00a0compartir\u00a0amb\u00a0vosaltres.<wbr \/>\u00a0Esperem\u00a0que\u00a0la\u00a0gaudiu!<\/p>\n<p><a href=\"https:\/\/www.youtube.com\/playlist?list=PLyurj2C_gkj3S6AalkRfqhoMnAvWylb3T\" target=\"_blank\" rel=\"https:\/\/www.youtube.com\/playlist?list=PLyurj2C_gkj3S6AalkRfqhoMnAvWylb3T noopener noreferrer\"><img loading=\"lazy\" decoding=\"async\" class=\"aligncenter wp-image-3009 size-medium\" src=\"http:\/\/agora.xtec.cat\/escolamunicipal-lasinia\/wp-content\/uploads\/usu978\/2018\/06\/play-300x212.jpg\" alt=\"\" width=\"300\" height=\"212\" srcset=\"https:\/\/agora.xtec.cat\/escolamunicipal-lasinia\/wp-content\/uploads\/usu978\/2018\/06\/play-300x212.jpg 300w, https:\/\/agora.xtec.cat\/escolamunicipal-lasinia\/wp-content\/uploads\/usu978\/2018\/06\/play.jpg 500w\" sizes=\"auto, (max-width: 300px) 100vw, 300px\" \/><\/a><\/p>\n<p>&nbsp;<\/p>\n<p>Aqu\u00ed us deixem amb \u00a0algunes de les imatges del proc\u00e9s:<\/p>\n<ul>\n<li><a href=\"https:\/\/photos.app.goo.gl\/vxGpNecYj4oK3BQ62\" target=\"_blank\" rel=\"noopener noreferrer\">Tria de contes, jocs, repartici\u00f3 del gui\u00f3 i gravaci\u00f3 (English)<\/a><\/li>\n<li><a href=\"https:\/\/photos.app.goo.gl\/tIz8axoXMA9IugLh2\" target=\"_blank\" rel=\"noopener noreferrer\">Creaci\u00f3 del material (Arts and Crafts)<\/a><\/li>\n<li><a href=\"https:\/\/photos.app.goo.gl\/cmQHBe9mKb35xzOq1\" target=\"_blank\" rel=\"noopener noreferrer\">Instrumentaci\u00f3 i posada en escena (M\u00fasica i Educaci\u00f3 F\u00edsica)<\/a><\/li>\n<\/ul>\n<p>&nbsp;<\/p>\n","protected":false},"excerpt":{"rendered":"<p>Durant\u00a0aquest\u00a0\u00faltim\u00a0trimestre\u00a0hem\u00a0volgut\u00a0engrescar\u00a0els\u00a0nostres\u00a0alumnes\u00a0de\u00a0sis\u00e8\u00a0en\u00a0una\u00a0experi\u00e8ncia\u00a0multidisciplinar;\u00a0l\u2019Storytelling.\u00a0Partint\u00a0d\u2019un\u00a0conte\u00a0en\u00a0llengua\u00a0anglesa\u00a0que\u00a0els\u00a0alumnes\u00a0han\u00a0reprodu\u00eft\u00a0oralment,\u00a0li\u00a0hem\u00a0donat\u00a0vida\u00a0a\u00a0trav\u00e9s\u00a0de\u00a0la\u00a0Pl\u00e0stica,\u00a0so\u00a0a\u00a0trav\u00e9s\u00a0de\u00a0la\u00a0M\u00fasica,\u00a0i\u00a0moviment\u00a0a\u00a0l\u2019\u00e0rea\u00a0de\u00a0l\u2019Educaci\u00f3\u00a0F\u00edsica.\u00a0El\u00a0resultat\u00a0ha\u00a0estat\u00a0una\u00a0espectacular\u00a0experi\u00e8ncia\u00a0audiovisual\u00a0i\u00a0pl\u00e0stica\u00a0que,\u00a0a\u00a0part\u00a0de\u00a0compartir-la\u00a0en\u00a0directe\u00a0amb\u00a0la\u00a0resta\u00a0de\u00a0l\u2019alumnat,\u00a0tamb\u00e9\u00a0volem\u00a0compartir\u00a0amb\u00a0vosaltres.\u00a0Esperem\u00a0que\u00a0la\u00a0gaudiu! &nbsp; Aqu\u00ed us deixem amb \u00a0algunes de les imatges del proc\u00e9s: Tria de contes, jocs, repartici\u00f3 del gui\u00f3 i gravaci\u00f3 (English) Creaci\u00f3 del material (Arts and Crafts) Instrumentaci\u00f3 i posada en escena (M\u00fasica i Educaci\u00f3 F\u00edsica) &nbsp;<\/p>\n","protected":false},"author":1,"featured_media":3008,"comment_status":"open","ping_status":"closed","sticky":false,"template":"","format":"standard","meta":{"_bbp_topic_count":0,"_bbp_reply_count":0,"_bbp_total_topic_count":0,"_bbp_total_reply_count":0,"_bbp_voice_count":0,"_bbp_anonymous_reply_count":0,"_bbp_topic_count_hidden":0,"_bbp_reply_count_hidden":0,"_bbp_forum_subforum_count":0,"site-sidebar-layout":"default","site-content-layout":"","ast-site-content-layout":"","site-content-style":"default","site-sidebar-style":"default","ast-global-header-display":"","ast-banner-title-visibility":"","ast-main-header-display":"","ast-hfb-above-header-display":"","ast-hfb-below-header-display":"","ast-hfb-mobile-header-display":"","site-post-title":"","ast-breadcrumbs-content":"","ast-featured-img":"","footer-sml-layout":"","theme-transparent-header-meta":"","adv-header-id-meta":"","stick-header-meta":"","header-above-stick-meta":"","header-main-stick-meta":"","header-below-stick-meta":"","astra-migrate-meta-layouts":"default","ast-page-background-enabled":"default","ast-page-background-meta":{"desktop":{"background-color":"var(--ast-global-color-5)","background-image":"","background-repeat":"repeat","background-position":"center center","background-size":"auto","background-attachment":"scroll","background-type":"","background-media":"","overlay-type":"","overlay-color":"","overlay-opacity":"","overlay-gradient":""},"tablet":{"background-color":"","background-image":"","background-repeat":"repeat","background-position":"center center","background-size":"auto","background-attachment":"scroll","background-type":"","background-media":"","overlay-type":"","overlay-color":"","overlay-opacity":"","overlay-gradient":""},"mobile":{"background-color":"","background-image":"","background-repeat":"repeat","background-position":"center center","background-size":"auto","background-attachment":"scroll","background-type":"","background-media":"","overlay-type":"","overlay-color":"","overlay-opacity":"","overlay-gradient":""}},"ast-content-background-meta":{"desktop":{"background-color":"var(--ast-global-color-4)","background-image":"","background-repeat":"repeat","background-position":"center center","background-size":"auto","background-attachment":"scroll","background-type":"","background-media":"","overlay-type":"","overlay-color":"","overlay-opacity":"","overlay-gradient":""},"tablet":{"background-color":"var(--ast-global-color-4)","background-image":"","background-repeat":"repeat","background-position":"center center","background-size":"auto","background-attachment":"scroll","background-type":"","background-media":"","overlay-type":"","overlay-color":"","overlay-opacity":"","overlay-gradient":""},"mobile":{"background-color":"var(--ast-global-color-4)","background-image":"","background-repeat":"repeat","background-position":"center center","background-size":"auto","background-attachment":"scroll","background-type":"","background-media":"","overlay-type":"","overlay-color":"","overlay-opacity":"","overlay-gradient":""}},"footnotes":""},"categories":[62,70,65,63,66,112,1],"tags":[],"class_list":["post-3007","post","type-post","status-publish","format-standard","has-post-thumbnail","hentry","category-6e","category-ed-fisica","category-english-class","category-musica","category-artscrafts","category-curs17-18-6e","category-portadageneral"],"post_mailing_queue_ids":[],"_links":{"self":[{"href":"https:\/\/agora.xtec.cat\/escolamunicipal-lasinia\/wp-json\/wp\/v2\/posts\/3007","targetHints":{"allow":["GET"]}}],"collection":[{"href":"https:\/\/agora.xtec.cat\/escolamunicipal-lasinia\/wp-json\/wp\/v2\/posts"}],"about":[{"href":"https:\/\/agora.xtec.cat\/escolamunicipal-lasinia\/wp-json\/wp\/v2\/types\/post"}],"author":[{"embeddable":true,"href":"https:\/\/agora.xtec.cat\/escolamunicipal-lasinia\/wp-json\/wp\/v2\/users\/1"}],"replies":[{"embeddable":true,"href":"https:\/\/agora.xtec.cat\/escolamunicipal-lasinia\/wp-json\/wp\/v2\/comments?post=3007"}],"version-history":[{"count":3,"href":"https:\/\/agora.xtec.cat\/escolamunicipal-lasinia\/wp-json\/wp\/v2\/posts\/3007\/revisions"}],"predecessor-version":[{"id":3174,"href":"https:\/\/agora.xtec.cat\/escolamunicipal-lasinia\/wp-json\/wp\/v2\/posts\/3007\/revisions\/3174"}],"wp:featuredmedia":[{"embeddable":true,"href":"https:\/\/agora.xtec.cat\/escolamunicipal-lasinia\/wp-json\/wp\/v2\/media\/3008"}],"wp:attachment":[{"href":"https:\/\/agora.xtec.cat\/escolamunicipal-lasinia\/wp-json\/wp\/v2\/media?parent=3007"}],"wp:term":[{"taxonomy":"category","embeddable":true,"href":"https:\/\/agora.xtec.cat\/escolamunicipal-lasinia\/wp-json\/wp\/v2\/categories?post=3007"},{"taxonomy":"post_tag","embeddable":true,"href":"https:\/\/agora.xtec.cat\/escolamunicipal-lasinia\/wp-json\/wp\/v2\/tags?post=3007"}],"curies":[{"name":"wp","href":"https:\/\/api.w.org\/{rel}","templated":true}]}}