{"id":2764,"date":"2018-04-04T14:07:29","date_gmt":"2018-04-04T12:07:29","guid":{"rendered":"http:\/\/agora.xtec.cat\/escolamunicipal-lasinia\/?p=2764"},"modified":"2018-04-04T14:08:06","modified_gmt":"2018-04-04T12:08:06","slug":"que-passa-quan-encenem-el-llum","status":"publish","type":"post","link":"https:\/\/agora.xtec.cat\/escolamunicipal-lasinia\/portadageneral\/que-passa-quan-encenem-el-llum\/","title":{"rendered":"Qu\u00e8 passa quan encenem el llum?"},"content":{"rendered":"<p><b><\/b><span style=\"font-family: Arial, sans-serif\"><span style=\"font-size: large\">La Sonia, la nostra mestra, ens va fer la pregunta \u00abqu\u00e8 passa quan encenem el llum?\u00bb i nosaltres vam fer un dibuix per dir-li el que pens\u00e0vem que passava. Cap dibuix estava malament perqu\u00e8 tots els dibuixos tenien alguna cosa que estava b\u00e9. <\/span><\/span><\/p>\n<p><span style=\"font-family: Arial, sans-serif\"><span style=\"font-size: large\">Despr\u00e9s vam comen\u00e7ar a fer el nou tema arrel de la pregunta i vam fer un circuit amb aquests materials:<\/span><\/span><\/p>\n<p><span style=\"font-family: Arial, sans-serif\"><span style=\"font-size: large\">-Fils conductors<\/span><\/span><\/p>\n<p><span style=\"font-family: Arial, sans-serif\"><span style=\"font-size: large\">-Bateria o generador<\/span><\/span><\/p>\n<p><span style=\"font-family: Arial, sans-serif\"><span style=\"font-size: large\">-Clip (interruptor)<\/span><\/span><\/p>\n<p><span style=\"font-family: Arial, sans-serif\"><span style=\"font-size: large\">-Receptor (bombeta)<\/span><\/span><\/p>\n<p><span style=\"font-family: Arial, sans-serif\"><span style=\"font-size: large\">-Cargols<\/span><\/span><\/p>\n<p><span style=\"font-family: Arial, sans-serif\"><span style=\"font-size: large\">-Porta bombetes<\/span><\/span><\/p>\n<p><span style=\"font-family: Arial, sans-serif\"><span style=\"font-size: large\">-Suport de fusta o de cartr\u00f3<\/span><\/span><\/p>\n<p>&nbsp;<\/p>\n<p><span style=\"font-family: Arial, sans-serif\"><span style=\"font-size: large\">Ens van donar un dossier amb les instruccions (<a href=\"http:\/\/agora.xtec.cat\/escolamunicipal-lasinia\/wp-content\/uploads\/usu978\/2018\/04\/Lelectricitat-circuit-el\u00e8ctric-color.pdf\">L&#8217;electricitat (circuit el\u00e8ctric) color<\/a>)\u00a0i dos fulls per fer pr\u00e0ctiques.<\/span><\/span><\/p>\n<p><span style=\"font-family: Arial, sans-serif\"><span style=\"font-size: large\">En el primer full hi havia unes preguntes i en el segon full hi havia unes altres. Les preguntes eren les seg\u00fcents:<\/span><\/span><\/p>\n<p><span style=\"font-family: Arial, sans-serif\"><span style=\"font-size: large\">1<sup>r<\/sup> full:<\/span><\/span><\/p>\n<p><span style=\"font-family: Arial, sans-serif\"><span style=\"font-size: large\">-1.Qu\u00e8 \u00e9s un circuit el\u00e8ctric?<\/span><\/span><\/p>\n<p><span style=\"font-family: Arial, sans-serif\"><span style=\"font-size: large\">-2.Anomena el material necessari<\/span><\/span><\/p>\n<p><span style=\"font-family: Arial, sans-serif\"><span style=\"font-size: large\">-3.Defineix: generador, fil conductor, interruptor i receptor.<\/span><\/span><\/p>\n<p><span style=\"font-family: Arial, sans-serif\"><span style=\"font-size: large\">-4.Construeix un circuit el\u00e8ctric amb una bombeta.<\/span><\/span><\/p>\n<p><span style=\"font-family: Arial, sans-serif\"><span style=\"font-size: large\">-5.Fes l\u2019esquema de la construcci\u00f3.<\/span><\/span><\/p>\n<p><span style=\"font-family: Arial, sans-serif\"><span style=\"font-size: large\">2<sup>n<\/sup> full:<\/span><\/span><\/p>\n<p><span style=\"font-family: Arial, sans-serif\"><span style=\"font-size: large\">-1.Circuit en s\u00e8rie.<\/span><\/span><\/p>\n<p><span style=\"font-family: Arial, sans-serif\"><span style=\"font-size: large\">Escriu el material que necessites.<\/span><\/span><\/p>\n<p><span style=\"font-family: Arial, sans-serif\"><span style=\"font-size: large\">Fes l\u2019esquema del circuit.<\/span><\/span><\/p>\n<p><span style=\"font-family: Arial, sans-serif\"><span style=\"font-size: large\">Fes el circuit.\u00a0<\/span><\/span><span style=\"font-family: Arial, sans-serif\"><span style=\"font-size: large\">Qu\u00e8 hi observes?<\/span><\/span><\/p>\n<p><span style=\"font-family: Arial, sans-serif\"><span style=\"font-size: large\">Treu una de les dues bombetes: q<\/span><\/span><span style=\"font-family: Arial, sans-serif\"><span style=\"font-size: large\">u\u00e8 ha passat?\u00a0<\/span><\/span><span style=\"font-family: Arial, sans-serif\"><span style=\"font-size: large\">Per qu\u00e8 passa?<\/span><\/span><\/p>\n<p><span style=\"font-family: Arial, sans-serif\"><span style=\"font-size: large\">-2.Circuit en paral\u00b7lel<\/span><\/span><\/p>\n<p><span style=\"font-family: Arial, sans-serif\"><span style=\"font-size: large\">Far\u00e0s servir el mateix material? Si no es aix\u00ed especifica els canvis.<\/span><\/span><\/p>\n<p><span style=\"font-family: Arial, sans-serif\"><span style=\"font-size: large\">Fes l\u2019esquema del circuit.<\/span><\/span><\/p>\n<p><span style=\"font-family: Arial, sans-serif\"><span style=\"font-size: large\">Fes el circuit.\u00a0<\/span><\/span><span style=\"font-family: Arial, sans-serif\"><span style=\"font-size: large\">Qu\u00e8 hi observes?<\/span><\/span><\/p>\n<p><span style=\"font-family: Arial, sans-serif\"><span style=\"font-size: large\">Treu una de les dues bombetes: q<\/span><\/span><span style=\"font-family: Arial, sans-serif\"><span style=\"font-size: large\">u\u00e8 ha passat?\u00a0<\/span><\/span><span style=\"font-family: Arial, sans-serif\"><span style=\"font-size: large\">Per qu\u00e8 ha passat?<\/span><\/span><\/p>\n<p><span style=\"font-family: Arial, sans-serif\"><span style=\"font-size: large\">Aquestes eren\u00a0totes les preguntes.<\/span><\/span><\/p>\n<p><span style=\"font-family: Arial, sans-serif\"><span style=\"font-size: large\">En les <\/span><\/span><span style=\"font-family: Arial, sans-serif\"><span style=\"font-size: large\">seg\u00fcents<\/span><\/span> <span style=\"font-family: Arial, sans-serif\"><span style=\"font-size: large\"><a href=\"https:\/\/photos.app.goo.gl\/zUP0gnTkOG8Q4wlm2\" target=\"_blank\" rel=\"noopener noreferrer\">imatges<\/a> ens veieu fen<\/span><\/span><span style=\"font-family: Arial, sans-serif\"><span style=\"font-size: large\">t<\/span><\/span><span style=\"font-family: Arial, sans-serif\"><span style=\"font-size: large\"> el circuit el\u00e8ctric.<\/span><\/span><\/p>\n<p><a href=\"http:\/\/agora.xtec.cat\/escolamunicipal-lasinia\/wp-content\/uploads\/usu978\/2018\/04\/20180320_094906.jpg\"><img loading=\"lazy\" decoding=\"async\" class=\"wp-image-2773 aligncenter\" src=\"http:\/\/agora.xtec.cat\/escolamunicipal-lasinia\/wp-content\/uploads\/usu978\/2018\/04\/20180320_094906-1024x768.jpg\" alt=\"\" width=\"296\" height=\"222\" srcset=\"https:\/\/agora.xtec.cat\/escolamunicipal-lasinia\/wp-content\/uploads\/usu978\/2018\/04\/20180320_094906-1024x768.jpg 1024w, https:\/\/agora.xtec.cat\/escolamunicipal-lasinia\/wp-content\/uploads\/usu978\/2018\/04\/20180320_094906-300x225.jpg 300w, https:\/\/agora.xtec.cat\/escolamunicipal-lasinia\/wp-content\/uploads\/usu978\/2018\/04\/20180320_094906-768x576.jpg 768w, https:\/\/agora.xtec.cat\/escolamunicipal-lasinia\/wp-content\/uploads\/usu978\/2018\/04\/20180320_094906-200x150.jpg 200w\" sizes=\"auto, (max-width: 296px) 100vw, 296px\" \/><\/a><\/p>\n<p>A la foto podeu veure tres circuits: un simple, un en s\u00e8rie i un en paral\u00b7lel.<\/p>\n<p><span style=\"font-family: Arial, sans-serif\"><span style=\"font-size: large\">I per acabar el tema vam fer un dibuix representant el tema (<a href=\"https:\/\/photos.app.goo.gl\/JVVbW5D4241hRmX62\" target=\"_blank\" rel=\"noopener noreferrer\">fotos del dibuix col\u00b7lectiu<\/a><a href=\"https:\/\/photos.app.goo.gl\/JVVbW5D4241hRmX62\">)<\/a><\/span><\/span><\/p>\n<p><a href=\"http:\/\/agora.xtec.cat\/escolamunicipal-lasinia\/wp-content\/uploads\/usu978\/2018\/04\/20180320_121854.jpg\"><img loading=\"lazy\" decoding=\"async\" class=\"wp-image-2770 aligncenter\" src=\"http:\/\/agora.xtec.cat\/escolamunicipal-lasinia\/wp-content\/uploads\/usu978\/2018\/04\/20180320_121854-1024x768.jpg\" alt=\"\" width=\"386\" height=\"290\" srcset=\"https:\/\/agora.xtec.cat\/escolamunicipal-lasinia\/wp-content\/uploads\/usu978\/2018\/04\/20180320_121854-1024x768.jpg 1024w, https:\/\/agora.xtec.cat\/escolamunicipal-lasinia\/wp-content\/uploads\/usu978\/2018\/04\/20180320_121854-300x225.jpg 300w, https:\/\/agora.xtec.cat\/escolamunicipal-lasinia\/wp-content\/uploads\/usu978\/2018\/04\/20180320_121854-768x576.jpg 768w, https:\/\/agora.xtec.cat\/escolamunicipal-lasinia\/wp-content\/uploads\/usu978\/2018\/04\/20180320_121854-200x150.jpg 200w\" sizes=\"auto, (max-width: 386px) 100vw, 386px\" \/><\/a><\/p>\n<p><span style=\"font-family: Arial, sans-serif\"><span style=\"font-size: large\">Esperem que us hagi agradat el que hem treballat.<\/span><\/span><\/p>\n<p>&nbsp;<\/p>\n<p>(Text escrit per \u00c1lvaro Moya i Pedro Guti\u00e9rrez)<\/p>\n","protected":false},"excerpt":{"rendered":"<p>La Sonia, la nostra mestra, ens va fer la pregunta \u00abqu\u00e8 passa quan encenem el llum?\u00bb i nosaltres vam fer un dibuix per dir-li el que pens\u00e0vem que passava. Cap dibuix estava malament perqu\u00e8 tots els dibuixos tenien alguna cosa que estava b\u00e9. Despr\u00e9s vam comen\u00e7ar a fer el nou tema arrel de la pregunta [&hellip;]<\/p>\n","protected":false},"author":1,"featured_media":2770,"comment_status":"open","ping_status":"closed","sticky":false,"template":"","format":"standard","meta":{"_bbp_topic_count":0,"_bbp_reply_count":0,"_bbp_total_topic_count":0,"_bbp_total_reply_count":0,"_bbp_voice_count":0,"_bbp_anonymous_reply_count":0,"_bbp_topic_count_hidden":0,"_bbp_reply_count_hidden":0,"_bbp_forum_subforum_count":0,"site-sidebar-layout":"default","site-content-layout":"","ast-site-content-layout":"","site-content-style":"default","site-sidebar-style":"default","ast-global-header-display":"","ast-banner-title-visibility":"","ast-main-header-display":"","ast-hfb-above-header-display":"","ast-hfb-below-header-display":"","ast-hfb-mobile-header-display":"","site-post-title":"","ast-breadcrumbs-content":"","ast-featured-img":"","footer-sml-layout":"","theme-transparent-header-meta":"","adv-header-id-meta":"","stick-header-meta":"","header-above-stick-meta":"","header-main-stick-meta":"","header-below-stick-meta":"","astra-migrate-meta-layouts":"default","ast-page-background-enabled":"default","ast-page-background-meta":{"desktop":{"background-color":"var(--ast-global-color-5)","background-image":"","background-repeat":"repeat","background-position":"center center","background-size":"auto","background-attachment":"scroll","background-type":"","background-media":"","overlay-type":"","overlay-color":"","overlay-opacity":"","overlay-gradient":""},"tablet":{"background-color":"","background-image":"","background-repeat":"repeat","background-position":"center center","background-size":"auto","background-attachment":"scroll","background-type":"","background-media":"","overlay-type":"","overlay-color":"","overlay-opacity":"","overlay-gradient":""},"mobile":{"background-color":"","background-image":"","background-repeat":"repeat","background-position":"center center","background-size":"auto","background-attachment":"scroll","background-type":"","background-media":"","overlay-type":"","overlay-color":"","overlay-opacity":"","overlay-gradient":""}},"ast-content-background-meta":{"desktop":{"background-color":"var(--ast-global-color-4)","background-image":"","background-repeat":"repeat","background-position":"center center","background-size":"auto","background-attachment":"scroll","background-type":"","background-media":"","overlay-type":"","overlay-color":"","overlay-opacity":"","overlay-gradient":""},"tablet":{"background-color":"var(--ast-global-color-4)","background-image":"","background-repeat":"repeat","background-position":"center center","background-size":"auto","background-attachment":"scroll","background-type":"","background-media":"","overlay-type":"","overlay-color":"","overlay-opacity":"","overlay-gradient":""},"mobile":{"background-color":"var(--ast-global-color-4)","background-image":"","background-repeat":"repeat","background-position":"center center","background-size":"auto","background-attachment":"scroll","background-type":"","background-media":"","overlay-type":"","overlay-color":"","overlay-opacity":"","overlay-gradient":""}},"footnotes":""},"categories":[62,112,1],"tags":[],"class_list":["post-2764","post","type-post","status-publish","format-standard","has-post-thumbnail","hentry","category-6e","category-curs17-18-6e","category-portadageneral"],"post_mailing_queue_ids":[],"_links":{"self":[{"href":"https:\/\/agora.xtec.cat\/escolamunicipal-lasinia\/wp-json\/wp\/v2\/posts\/2764","targetHints":{"allow":["GET"]}}],"collection":[{"href":"https:\/\/agora.xtec.cat\/escolamunicipal-lasinia\/wp-json\/wp\/v2\/posts"}],"about":[{"href":"https:\/\/agora.xtec.cat\/escolamunicipal-lasinia\/wp-json\/wp\/v2\/types\/post"}],"author":[{"embeddable":true,"href":"https:\/\/agora.xtec.cat\/escolamunicipal-lasinia\/wp-json\/wp\/v2\/users\/1"}],"replies":[{"embeddable":true,"href":"https:\/\/agora.xtec.cat\/escolamunicipal-lasinia\/wp-json\/wp\/v2\/comments?post=2764"}],"version-history":[{"count":3,"href":"https:\/\/agora.xtec.cat\/escolamunicipal-lasinia\/wp-json\/wp\/v2\/posts\/2764\/revisions"}],"predecessor-version":[{"id":2774,"href":"https:\/\/agora.xtec.cat\/escolamunicipal-lasinia\/wp-json\/wp\/v2\/posts\/2764\/revisions\/2774"}],"wp:featuredmedia":[{"embeddable":true,"href":"https:\/\/agora.xtec.cat\/escolamunicipal-lasinia\/wp-json\/wp\/v2\/media\/2770"}],"wp:attachment":[{"href":"https:\/\/agora.xtec.cat\/escolamunicipal-lasinia\/wp-json\/wp\/v2\/media?parent=2764"}],"wp:term":[{"taxonomy":"category","embeddable":true,"href":"https:\/\/agora.xtec.cat\/escolamunicipal-lasinia\/wp-json\/wp\/v2\/categories?post=2764"},{"taxonomy":"post_tag","embeddable":true,"href":"https:\/\/agora.xtec.cat\/escolamunicipal-lasinia\/wp-json\/wp\/v2\/tags?post=2764"}],"curies":[{"name":"wp","href":"https:\/\/api.w.org\/{rel}","templated":true}]}}