{"id":2484,"date":"2018-01-31T14:09:11","date_gmt":"2018-01-31T13:09:11","guid":{"rendered":"http:\/\/agora.xtec.cat\/escolamunicipal-lasinia\/?p=2484"},"modified":"2018-01-31T14:09:11","modified_gmt":"2018-01-31T13:09:11","slug":"experimentacio-que-passa-quan-encenem-el-llum","status":"publish","type":"post","link":"https:\/\/agora.xtec.cat\/escolamunicipal-lasinia\/portadageneral\/experimentacio-que-passa-quan-encenem-el-llum\/","title":{"rendered":"Experimentaci\u00f3: qu\u00e8 passa quan encenem el llum?"},"content":{"rendered":"<p><span style=\"color: #222222\"><span style=\"font-family: Calibri, sans-serif\"><span style=\"font-size: large\">El primer dia d\u2019experimentaci\u00f3 d\u2019aquest trimestre la mestra ens va plantejar una pregunta molt interessant que mai abans ens hav\u00edem fet: <i>qu\u00e8 passa quan encenem el llum? <\/i><\/span><\/span><\/span><\/p>\n<p><span style=\"color: #222222\"><span style=\"font-family: Calibri, sans-serif\"><span style=\"font-size: large\">Vam pensar for\u00e7a estona i les nostres idees les vam representar en un <a href=\"https:\/\/photos.app.goo.gl\/nbpgVSEtOdnvqIN23\" target=\"_blank\" rel=\"noopener noreferrer\">dibuix<\/a>.<\/span><\/span><\/span><\/p>\n<p><span style=\"color: #222222\"><span style=\"font-family: Calibri, sans-serif\"><span style=\"font-size: large\">A continuaci\u00f3 els vam posar en com\u00fa, tots eren diferents! Ens va sorprendre com d\u2019aquest fet TAN habitual no en sab\u00edem massa. <\/span><\/span><\/span><br \/>\n<span style=\"color: #222222\"><span style=\"font-family: Calibri, sans-serif\"><span style=\"font-size: large\">La seg\u00fcent sessi\u00f3 la mestra ens va donar paraules claus relacionades amb les energies i l\u2019electricitat i les vam haver d\u2019<a href=\"https:\/\/photos.app.goo.gl\/IJrrU6SKNiztASb43\" target=\"_blank\" rel=\"noopener noreferrer\">organitzar<\/a> fent esquemes, taules&#8230;\u00a0<\/span><\/span><\/span><\/p>\n<p><span style=\"color: #222222\"><span style=\"font-family: Calibri, sans-serif\"><span style=\"font-size: large\">Cadasc\u00fa va organitzar el pensament d\u2019una manera diferent, per\u00f2 no per aix\u00f2 incorrecta. Al final, com no tot ho ten\u00edem clar, ens vam ajudar de les explicacions del llibre per comprovar com ho hav\u00edem fet.\u00a0<\/span><\/span><\/span><\/p>\n","protected":false},"excerpt":{"rendered":"<p>El primer dia d\u2019experimentaci\u00f3 d\u2019aquest trimestre la mestra ens va plantejar una pregunta molt interessant que mai abans ens hav\u00edem fet: qu\u00e8 passa quan encenem el llum? Vam pensar for\u00e7a estona i les nostres idees les vam representar en un dibuix. A continuaci\u00f3 els vam posar en com\u00fa, tots eren diferents! Ens va sorprendre com [&hellip;]<\/p>\n","protected":false},"author":1,"featured_media":0,"comment_status":"open","ping_status":"closed","sticky":false,"template":"","format":"standard","meta":{"_bbp_topic_count":0,"_bbp_reply_count":0,"_bbp_total_topic_count":0,"_bbp_total_reply_count":0,"_bbp_voice_count":0,"_bbp_anonymous_reply_count":0,"_bbp_topic_count_hidden":0,"_bbp_reply_count_hidden":0,"_bbp_forum_subforum_count":0,"site-sidebar-layout":"default","site-content-layout":"","ast-site-content-layout":"","site-content-style":"default","site-sidebar-style":"default","ast-global-header-display":"","ast-banner-title-visibility":"","ast-main-header-display":"","ast-hfb-above-header-display":"","ast-hfb-below-header-display":"","ast-hfb-mobile-header-display":"","site-post-title":"","ast-breadcrumbs-content":"","ast-featured-img":"","footer-sml-layout":"","theme-transparent-header-meta":"","adv-header-id-meta":"","stick-header-meta":"","header-above-stick-meta":"","header-main-stick-meta":"","header-below-stick-meta":"","astra-migrate-meta-layouts":"default","ast-page-background-enabled":"default","ast-page-background-meta":{"desktop":{"background-color":"var(--ast-global-color-5)","background-image":"","background-repeat":"repeat","background-position":"center center","background-size":"auto","background-attachment":"scroll","background-type":"","background-media":"","overlay-type":"","overlay-color":"","overlay-opacity":"","overlay-gradient":""},"tablet":{"background-color":"","background-image":"","background-repeat":"repeat","background-position":"center center","background-size":"auto","background-attachment":"scroll","background-type":"","background-media":"","overlay-type":"","overlay-color":"","overlay-opacity":"","overlay-gradient":""},"mobile":{"background-color":"","background-image":"","background-repeat":"repeat","background-position":"center center","background-size":"auto","background-attachment":"scroll","background-type":"","background-media":"","overlay-type":"","overlay-color":"","overlay-opacity":"","overlay-gradient":""}},"ast-content-background-meta":{"desktop":{"background-color":"var(--ast-global-color-4)","background-image":"","background-repeat":"repeat","background-position":"center center","background-size":"auto","background-attachment":"scroll","background-type":"","background-media":"","overlay-type":"","overlay-color":"","overlay-opacity":"","overlay-gradient":""},"tablet":{"background-color":"var(--ast-global-color-4)","background-image":"","background-repeat":"repeat","background-position":"center center","background-size":"auto","background-attachment":"scroll","background-type":"","background-media":"","overlay-type":"","overlay-color":"","overlay-opacity":"","overlay-gradient":""},"mobile":{"background-color":"var(--ast-global-color-4)","background-image":"","background-repeat":"repeat","background-position":"center center","background-size":"auto","background-attachment":"scroll","background-type":"","background-media":"","overlay-type":"","overlay-color":"","overlay-opacity":"","overlay-gradient":""}},"footnotes":""},"categories":[62,112,1],"tags":[],"class_list":["post-2484","post","type-post","status-publish","format-standard","hentry","category-6e","category-curs17-18-6e","category-portadageneral"],"post_mailing_queue_ids":[],"_links":{"self":[{"href":"https:\/\/agora.xtec.cat\/escolamunicipal-lasinia\/wp-json\/wp\/v2\/posts\/2484","targetHints":{"allow":["GET"]}}],"collection":[{"href":"https:\/\/agora.xtec.cat\/escolamunicipal-lasinia\/wp-json\/wp\/v2\/posts"}],"about":[{"href":"https:\/\/agora.xtec.cat\/escolamunicipal-lasinia\/wp-json\/wp\/v2\/types\/post"}],"author":[{"embeddable":true,"href":"https:\/\/agora.xtec.cat\/escolamunicipal-lasinia\/wp-json\/wp\/v2\/users\/1"}],"replies":[{"embeddable":true,"href":"https:\/\/agora.xtec.cat\/escolamunicipal-lasinia\/wp-json\/wp\/v2\/comments?post=2484"}],"version-history":[{"count":1,"href":"https:\/\/agora.xtec.cat\/escolamunicipal-lasinia\/wp-json\/wp\/v2\/posts\/2484\/revisions"}],"predecessor-version":[{"id":2485,"href":"https:\/\/agora.xtec.cat\/escolamunicipal-lasinia\/wp-json\/wp\/v2\/posts\/2484\/revisions\/2485"}],"wp:attachment":[{"href":"https:\/\/agora.xtec.cat\/escolamunicipal-lasinia\/wp-json\/wp\/v2\/media?parent=2484"}],"wp:term":[{"taxonomy":"category","embeddable":true,"href":"https:\/\/agora.xtec.cat\/escolamunicipal-lasinia\/wp-json\/wp\/v2\/categories?post=2484"},{"taxonomy":"post_tag","embeddable":true,"href":"https:\/\/agora.xtec.cat\/escolamunicipal-lasinia\/wp-json\/wp\/v2\/tags?post=2484"}],"curies":[{"name":"wp","href":"https:\/\/api.w.org\/{rel}","templated":true}]}}