{"id":2064,"date":"2017-10-10T17:34:11","date_gmt":"2017-10-10T15:34:11","guid":{"rendered":"http:\/\/agora.xtec.cat\/escolamunicipal-lasinia\/?p=2064"},"modified":"2017-10-10T17:49:42","modified_gmt":"2017-10-10T15:49:42","slug":"1a-bicicletada-camins-escolars","status":"publish","type":"post","link":"https:\/\/agora.xtec.cat\/escolamunicipal-lasinia\/portadageneral\/1a-bicicletada-camins-escolars\/","title":{"rendered":"1\u00aa BICICLETADA CAMINS ESCOLARS"},"content":{"rendered":"<p>El divendres, <strong>13 d\u2019octubre al mat\u00ed<\/strong> l\u2019EM La S\u00ednia participar\u00e0 conjuntament amb les escoles Xarau i Serrapaera a la 1a bicicletada de camins escolars <strong><em>L\u2019acc\u00e9s amb les bicicletes es<\/em><\/strong><br \/>\n<strong><em> far\u00e0 divendres a les 9h per la porta de la pista poliesportiva, carrer Sant Llu\u00eds.<\/em><\/strong><\/p>\n<p><strong>Quins cursos participaran?<\/strong><br \/>\nCicle Superior: 5\u00e8 i 6\u00e8 de prim\u00e0ria.<\/p>\n<p><strong>Qu\u00e8 cal portar?<\/strong><br \/>\nBicicleta, casc, samarreta de color lila i l\u2019esmorzar (dins d\u2019una motxilla o bossa que es pugui portar a l\u2019esquena).<\/p>\n<p>En cas de no tenir bicicleta es pot portar patinet. En tots dos casos el casc \u00e9s obligatori, aix\u00ed doncs, cal que en dugueu un.<\/p>\n<p>L\u2019alumnat que no tingui ni bicicleta ni patinet, us preguem que demaneu a un familiar o amic que us el deixin. L\u2019escola disposar\u00e0 de material per l\u2019alumnat que no pugui aconseguir-ne.<\/p>\n<p>Familiars que vulgueu participar esteu convidats a venir amb les vostres bicicletes! Recordeu que heu de complir la normativa: casc obligatori i samarreta lila. Us hi esperem!<\/p>\n<p style=\"text-align: center;\"><a href=\"http:\/\/agora.xtec.cat\/escolamunicipal-lasinia\/wp-content\/uploads\/usu978\/2017\/10\/bicicletadacaminsescolarsweb-1.jpg\"><img loading=\"lazy\" decoding=\"async\" class=\"aligncenter size-medium wp-image-2067\" src=\"http:\/\/agora.xtec.cat\/escolamunicipal-lasinia\/wp-content\/uploads\/usu978\/2017\/10\/bicicletadacaminsescolarsweb-1-300x150.jpg\" alt=\"\" width=\"300\" height=\"150\" srcset=\"https:\/\/agora.xtec.cat\/escolamunicipal-lasinia\/wp-content\/uploads\/usu978\/2017\/10\/bicicletadacaminsescolarsweb-1-300x150.jpg 300w, https:\/\/agora.xtec.cat\/escolamunicipal-lasinia\/wp-content\/uploads\/usu978\/2017\/10\/bicicletadacaminsescolarsweb-1.jpg 720w\" sizes=\"auto, (max-width: 300px) 100vw, 300px\" \/><\/a><br \/>\n<a href=\"http:\/\/agora.xtec.cat\/escolamunicipal-lasinia\/wp-content\/uploads\/usu978\/2017\/10\/fulleto\u0301-bicicletada.pdf\" target=\"_blank\" rel=\"noopener noreferrer\">1\u00aa BICICLETADA CAMINS ESCOLARS<\/a><\/p>\n","protected":false},"excerpt":{"rendered":"<p>El divendres, 13 d\u2019octubre al mat\u00ed l\u2019EM La S\u00ednia participar\u00e0 conjuntament amb les escoles Xarau i Serrapaera a la 1a bicicletada de camins escolars L\u2019acc\u00e9s amb les bicicletes es far\u00e0 divendres a les 9h per la porta de la pista poliesportiva, carrer Sant Llu\u00eds. Quins cursos participaran? Cicle Superior: 5\u00e8 i 6\u00e8 de prim\u00e0ria. Qu\u00e8 [&hellip;]<\/p>\n","protected":false},"author":1,"featured_media":2065,"comment_status":"open","ping_status":"closed","sticky":false,"template":"","format":"standard","meta":{"_bbp_topic_count":0,"_bbp_reply_count":0,"_bbp_total_topic_count":0,"_bbp_total_reply_count":0,"_bbp_voice_count":0,"_bbp_anonymous_reply_count":0,"_bbp_topic_count_hidden":0,"_bbp_reply_count_hidden":0,"_bbp_forum_subforum_count":0,"site-sidebar-layout":"default","site-content-layout":"","ast-site-content-layout":"","site-content-style":"default","site-sidebar-style":"default","ast-global-header-display":"","ast-banner-title-visibility":"","ast-main-header-display":"","ast-hfb-above-header-display":"","ast-hfb-below-header-display":"","ast-hfb-mobile-header-display":"","site-post-title":"","ast-breadcrumbs-content":"","ast-featured-img":"","footer-sml-layout":"","theme-transparent-header-meta":"","adv-header-id-meta":"","stick-header-meta":"","header-above-stick-meta":"","header-main-stick-meta":"","header-below-stick-meta":"","astra-migrate-meta-layouts":"default","ast-page-background-enabled":"default","ast-page-background-meta":{"desktop":{"background-color":"var(--ast-global-color-5)","background-image":"","background-repeat":"repeat","background-position":"center center","background-size":"auto","background-attachment":"scroll","background-type":"","background-media":"","overlay-type":"","overlay-color":"","overlay-opacity":"","overlay-gradient":""},"tablet":{"background-color":"","background-image":"","background-repeat":"repeat","background-position":"center center","background-size":"auto","background-attachment":"scroll","background-type":"","background-media":"","overlay-type":"","overlay-color":"","overlay-opacity":"","overlay-gradient":""},"mobile":{"background-color":"","background-image":"","background-repeat":"repeat","background-position":"center center","background-size":"auto","background-attachment":"scroll","background-type":"","background-media":"","overlay-type":"","overlay-color":"","overlay-opacity":"","overlay-gradient":""}},"ast-content-background-meta":{"desktop":{"background-color":"var(--ast-global-color-4)","background-image":"","background-repeat":"repeat","background-position":"center center","background-size":"auto","background-attachment":"scroll","background-type":"","background-media":"","overlay-type":"","overlay-color":"","overlay-opacity":"","overlay-gradient":""},"tablet":{"background-color":"var(--ast-global-color-4)","background-image":"","background-repeat":"repeat","background-position":"center center","background-size":"auto","background-attachment":"scroll","background-type":"","background-media":"","overlay-type":"","overlay-color":"","overlay-opacity":"","overlay-gradient":""},"mobile":{"background-color":"var(--ast-global-color-4)","background-image":"","background-repeat":"repeat","background-position":"center center","background-size":"auto","background-attachment":"scroll","background-type":"","background-media":"","overlay-type":"","overlay-color":"","overlay-opacity":"","overlay-gradient":""}},"footnotes":""},"categories":[61,62,70,83,111,112,1],"tags":[],"class_list":["post-2064","post","type-post","status-publish","format-standard","has-post-thumbnail","hentry","category-5e","category-6e","category-ed-fisica","category-escola-verda","category-curs17-18-5e","category-curs17-18-6e","category-portadageneral"],"post_mailing_queue_ids":[],"_links":{"self":[{"href":"https:\/\/agora.xtec.cat\/escolamunicipal-lasinia\/wp-json\/wp\/v2\/posts\/2064","targetHints":{"allow":["GET"]}}],"collection":[{"href":"https:\/\/agora.xtec.cat\/escolamunicipal-lasinia\/wp-json\/wp\/v2\/posts"}],"about":[{"href":"https:\/\/agora.xtec.cat\/escolamunicipal-lasinia\/wp-json\/wp\/v2\/types\/post"}],"author":[{"embeddable":true,"href":"https:\/\/agora.xtec.cat\/escolamunicipal-lasinia\/wp-json\/wp\/v2\/users\/1"}],"replies":[{"embeddable":true,"href":"https:\/\/agora.xtec.cat\/escolamunicipal-lasinia\/wp-json\/wp\/v2\/comments?post=2064"}],"version-history":[{"count":1,"href":"https:\/\/agora.xtec.cat\/escolamunicipal-lasinia\/wp-json\/wp\/v2\/posts\/2064\/revisions"}],"predecessor-version":[{"id":2068,"href":"https:\/\/agora.xtec.cat\/escolamunicipal-lasinia\/wp-json\/wp\/v2\/posts\/2064\/revisions\/2068"}],"wp:featuredmedia":[{"embeddable":true,"href":"https:\/\/agora.xtec.cat\/escolamunicipal-lasinia\/wp-json\/wp\/v2\/media\/2065"}],"wp:attachment":[{"href":"https:\/\/agora.xtec.cat\/escolamunicipal-lasinia\/wp-json\/wp\/v2\/media?parent=2064"}],"wp:term":[{"taxonomy":"category","embeddable":true,"href":"https:\/\/agora.xtec.cat\/escolamunicipal-lasinia\/wp-json\/wp\/v2\/categories?post=2064"},{"taxonomy":"post_tag","embeddable":true,"href":"https:\/\/agora.xtec.cat\/escolamunicipal-lasinia\/wp-json\/wp\/v2\/tags?post=2064"}],"curies":[{"name":"wp","href":"https:\/\/api.w.org\/{rel}","templated":true}]}}