{"id":1921,"date":"2017-06-16T20:15:11","date_gmt":"2017-06-16T18:15:11","guid":{"rendered":"http:\/\/agora.xtec.cat\/escolamunicipal-lasinia\/?p=1921"},"modified":"2017-06-16T20:15:11","modified_gmt":"2017-06-16T18:15:11","slug":"colonies-cicle-superior-als-refugis-de-serinya","status":"publish","type":"post","link":"https:\/\/agora.xtec.cat\/escolamunicipal-lasinia\/portadageneral\/colonies-cicle-superior-als-refugis-de-serinya\/","title":{"rendered":"Col\u00f2nies CICLE SUPERIOR als REFUGIS de SERINY\u00c0"},"content":{"rendered":"<p><img loading=\"lazy\" decoding=\"async\" class=\"size-medium wp-image-1926 aligncenter\" src=\"http:\/\/agora.xtec.cat\/escolamunicipal-lasinia\/wp-content\/uploads\/usu978\/2017\/06\/2017-06-16-PHOTO-00000021-300x180.jpg\" alt=\"2017-06-16-PHOTO-00000021\" width=\"300\" height=\"180\" srcset=\"https:\/\/agora.xtec.cat\/escolamunicipal-lasinia\/wp-content\/uploads\/usu978\/2017\/06\/2017-06-16-PHOTO-00000021-300x180.jpg 300w, https:\/\/agora.xtec.cat\/escolamunicipal-lasinia\/wp-content\/uploads\/usu978\/2017\/06\/2017-06-16-PHOTO-00000021-768x461.jpg 768w, https:\/\/agora.xtec.cat\/escolamunicipal-lasinia\/wp-content\/uploads\/usu978\/2017\/06\/2017-06-16-PHOTO-00000021-1024x614.jpg 1024w, https:\/\/agora.xtec.cat\/escolamunicipal-lasinia\/wp-content\/uploads\/usu978\/2017\/06\/2017-06-16-PHOTO-00000021.jpg 1600w\" sizes=\"auto, (max-width: 300px) 100vw, 300px\" \/><\/p>\n<p>Acabem la setmana recordant amb aquestes imatges grans moments viscuts amb els alumnes de Cicle Superior als Refugis de Seriny\u00e0. Una estada plena d&#8217;an\u00e8cdotes i de moments que de ben segur els ser\u00e0 dif\u00edcil oblidar.<\/p>\n<p><strong>Fotografies de 5\u00e8<\/strong><\/p>\n<ul>\n<li><a href=\"https:\/\/goo.gl\/photos\/yoEAatnWv7WzUzGh7\" target=\"_blank\">Grups i habitacions<\/a><\/li>\n<li><a href=\"https:\/\/goo.gl\/photos\/xfedqoNtPkh3JQBg9\" target=\"_blank\">Menjador<\/a><\/li>\n<\/ul>\n<p><strong>Fotografies de 6\u00e8<\/strong><\/p>\n<ul>\n<li><a href=\"https:\/\/goo.gl\/photos\/1Vh6wg1yAzheHDHH6\" target=\"_blank\">Grups<\/a><\/li>\n<li><a href=\"https:\/\/goo.gl\/photos\/fYasokXQQoWpTqnx5\" target=\"_blank\">Menjador<\/a><\/li>\n<\/ul>\n<p><strong>Tallers i activitats conjuntes<\/strong><\/p>\n<ul style=\"list-style-type: disc;\">\n<li><a href=\"https:\/\/goo.gl\/photos\/xg6hCbHjgv3r4EY66\" target=\"_blank\">Cistelleria<\/a><\/li>\n<li><a href=\"https:\/\/goo.gl\/photos\/Awk8g9HNn8UbonH26\" target=\"_blank\">Eines i foc del Neol\u00edtic<\/a><\/li>\n<li><a href=\"https:\/\/goo.gl\/photos\/Y7HLzqo9GJYxwHaa9\" target=\"_blank\">Coneguem\u00a0Seriny\u00e0<\/a><\/li>\n<li><a href=\"https:\/\/goo.gl\/photos\/nBdsCTn2m8fBFaqB6\" target=\"_blank\">Fem galetes<\/a><\/li>\n<li><a href=\"https:\/\/goo.gl\/photos\/XrLjfxW1mFQbzVf26\" target=\"_blank\">Disco i concurs\u00a0de ball<\/a><\/li>\n<li><a href=\"https:\/\/goo.gl\/photos\/BpgMp8gjibMYtwty9\" target=\"_blank\">Temps de lleure i berenar<\/a><\/li>\n<li><a href=\"https:\/\/goo.gl\/photos\/mhrGBZyMaEQUJsSH9\" target=\"_blank\">Visita a la Draga (Banyoles)<\/a><\/li>\n<li><a href=\"https:\/\/goo.gl\/photos\/FvAMSFC8D84K8tVg8\" target=\"_blank\">Piscina<\/a><\/li>\n<\/ul>\n","protected":false},"excerpt":{"rendered":"<p>Acabem la setmana recordant amb aquestes imatges grans moments viscuts amb els alumnes de Cicle Superior als Refugis de Seriny\u00e0. Una estada plena d&#8217;an\u00e8cdotes i de moments que de ben segur els ser\u00e0 dif\u00edcil oblidar. Fotografies de 5\u00e8 Grups i habitacions Menjador Fotografies de 6\u00e8 Grups Menjador Tallers i activitats conjuntes Cistelleria Eines i foc [&hellip;]<\/p>\n","protected":false},"author":1,"featured_media":1926,"comment_status":"open","ping_status":"closed","sticky":false,"template":"","format":"standard","meta":{"_bbp_topic_count":0,"_bbp_reply_count":0,"_bbp_total_topic_count":0,"_bbp_total_reply_count":0,"_bbp_voice_count":0,"_bbp_anonymous_reply_count":0,"_bbp_topic_count_hidden":0,"_bbp_reply_count_hidden":0,"_bbp_forum_subforum_count":0,"site-sidebar-layout":"default","site-content-layout":"","ast-site-content-layout":"","site-content-style":"default","site-sidebar-style":"default","ast-global-header-display":"","ast-banner-title-visibility":"","ast-main-header-display":"","ast-hfb-above-header-display":"","ast-hfb-below-header-display":"","ast-hfb-mobile-header-display":"","site-post-title":"","ast-breadcrumbs-content":"","ast-featured-img":"","footer-sml-layout":"","theme-transparent-header-meta":"","adv-header-id-meta":"","stick-header-meta":"","header-above-stick-meta":"","header-main-stick-meta":"","header-below-stick-meta":"","astra-migrate-meta-layouts":"default","ast-page-background-enabled":"default","ast-page-background-meta":{"desktop":{"background-color":"var(--ast-global-color-5)","background-image":"","background-repeat":"repeat","background-position":"center center","background-size":"auto","background-attachment":"scroll","background-type":"","background-media":"","overlay-type":"","overlay-color":"","overlay-opacity":"","overlay-gradient":""},"tablet":{"background-color":"","background-image":"","background-repeat":"repeat","background-position":"center center","background-size":"auto","background-attachment":"scroll","background-type":"","background-media":"","overlay-type":"","overlay-color":"","overlay-opacity":"","overlay-gradient":""},"mobile":{"background-color":"","background-image":"","background-repeat":"repeat","background-position":"center center","background-size":"auto","background-attachment":"scroll","background-type":"","background-media":"","overlay-type":"","overlay-color":"","overlay-opacity":"","overlay-gradient":""}},"ast-content-background-meta":{"desktop":{"background-color":"var(--ast-global-color-4)","background-image":"","background-repeat":"repeat","background-position":"center center","background-size":"auto","background-attachment":"scroll","background-type":"","background-media":"","overlay-type":"","overlay-color":"","overlay-opacity":"","overlay-gradient":""},"tablet":{"background-color":"var(--ast-global-color-4)","background-image":"","background-repeat":"repeat","background-position":"center center","background-size":"auto","background-attachment":"scroll","background-type":"","background-media":"","overlay-type":"","overlay-color":"","overlay-opacity":"","overlay-gradient":""},"mobile":{"background-color":"var(--ast-global-color-4)","background-image":"","background-repeat":"repeat","background-position":"center center","background-size":"auto","background-attachment":"scroll","background-type":"","background-media":"","overlay-type":"","overlay-color":"","overlay-opacity":"","overlay-gradient":""}},"footnotes":""},"categories":[61,62,92,93,1],"tags":[],"class_list":["post-1921","post","type-post","status-publish","format-standard","has-post-thumbnail","hentry","category-5e","category-6e","category-curs-16-17-5e","category-curs-16-17-6e","category-portadageneral"],"post_mailing_queue_ids":[],"_links":{"self":[{"href":"https:\/\/agora.xtec.cat\/escolamunicipal-lasinia\/wp-json\/wp\/v2\/posts\/1921","targetHints":{"allow":["GET"]}}],"collection":[{"href":"https:\/\/agora.xtec.cat\/escolamunicipal-lasinia\/wp-json\/wp\/v2\/posts"}],"about":[{"href":"https:\/\/agora.xtec.cat\/escolamunicipal-lasinia\/wp-json\/wp\/v2\/types\/post"}],"author":[{"embeddable":true,"href":"https:\/\/agora.xtec.cat\/escolamunicipal-lasinia\/wp-json\/wp\/v2\/users\/1"}],"replies":[{"embeddable":true,"href":"https:\/\/agora.xtec.cat\/escolamunicipal-lasinia\/wp-json\/wp\/v2\/comments?post=1921"}],"version-history":[{"count":2,"href":"https:\/\/agora.xtec.cat\/escolamunicipal-lasinia\/wp-json\/wp\/v2\/posts\/1921\/revisions"}],"predecessor-version":[{"id":1927,"href":"https:\/\/agora.xtec.cat\/escolamunicipal-lasinia\/wp-json\/wp\/v2\/posts\/1921\/revisions\/1927"}],"wp:featuredmedia":[{"embeddable":true,"href":"https:\/\/agora.xtec.cat\/escolamunicipal-lasinia\/wp-json\/wp\/v2\/media\/1926"}],"wp:attachment":[{"href":"https:\/\/agora.xtec.cat\/escolamunicipal-lasinia\/wp-json\/wp\/v2\/media?parent=1921"}],"wp:term":[{"taxonomy":"category","embeddable":true,"href":"https:\/\/agora.xtec.cat\/escolamunicipal-lasinia\/wp-json\/wp\/v2\/categories?post=1921"},{"taxonomy":"post_tag","embeddable":true,"href":"https:\/\/agora.xtec.cat\/escolamunicipal-lasinia\/wp-json\/wp\/v2\/tags?post=1921"}],"curies":[{"name":"wp","href":"https:\/\/api.w.org\/{rel}","templated":true}]}}