{"id":1211,"date":"2017-01-09T10:36:05","date_gmt":"2017-01-09T09:36:05","guid":{"rendered":"http:\/\/agora.xtec.cat\/escolamunicipal-lasinia\/?p=1211"},"modified":"2017-01-09T10:42:50","modified_gmt":"2017-01-09T09:42:50","slug":"jornades-sobre-temps-educatiu","status":"publish","type":"post","link":"https:\/\/agora.xtec.cat\/escolamunicipal-lasinia\/portadageneral\/jornades-sobre-temps-educatiu\/","title":{"rendered":"Jornades sobre temps educatiu"},"content":{"rendered":"<p><a href=\"http:\/\/agora.xtec.cat\/escolamunicipal-lasinia\/wp-content\/uploads\/usu978\/2017\/01\/jornades2.jpg\"><img loading=\"lazy\" decoding=\"async\" class=\"size-full wp-image-1212 alignright\" src=\"http:\/\/agora.xtec.cat\/escolamunicipal-lasinia\/wp-content\/uploads\/usu978\/2017\/01\/jornades2.jpg\" alt=\"jornades2\" width=\"248\" height=\"351\" srcset=\"https:\/\/agora.xtec.cat\/escolamunicipal-lasinia\/wp-content\/uploads\/usu978\/2017\/01\/jornades2.jpg 248w, https:\/\/agora.xtec.cat\/escolamunicipal-lasinia\/wp-content\/uploads\/usu978\/2017\/01\/jornades2-212x300.jpg 212w\" sizes=\"auto, (max-width: 248px) 100vw, 248px\" \/><\/a>Un dels grups de treball del Projecte Educatiu de Cerdanyola (PEC) pret\u00e9n donar resposta a\u00a0una demanda expl\u00edcita d&#8217;algunes direccions d\u2019escoles, consistent en\u00a0obrir el debat entorn a la jornada escolar als centres educatius de la ciutat i implantar la <strong>jornada continuada o a temps complet, <\/strong>compactant l&#8217;horari escolar de 9 a 14.<\/p>\n<p>Aquest dissabte dia 14 de gener de 2017 es celebra a l&#8217;escola Sant Mart\u00ed, una jornada per tractar les implicacions que tindria aquesta mesura. Es un tema prou important i val la pena est\u00e0 ben informat i tenir l&#8217;oportunitat de donar el nostre parer.<\/p>\n<p>Aqu\u00ed teniu m\u00e9s informaci\u00f3 sobre la jornada:<br \/>\n<a href=\"http:\/\/www.cerdanyola.cat\/actualitat\/i-jornada-temps-educatiu\" target=\"_blank\">http:\/\/www.cerdanyola.cat\/actualitat\/i-jornada-temps-educatiu<\/a><\/p>\n","protected":false},"excerpt":{"rendered":"<p>Un dels grups de treball del Projecte Educatiu de Cerdanyola (PEC) pret\u00e9n donar resposta a\u00a0una demanda expl\u00edcita d&#8217;algunes direccions d\u2019escoles, consistent en\u00a0obrir el debat entorn a la jornada escolar als centres educatius de la ciutat i implantar la jornada continuada o a temps complet, compactant l&#8217;horari escolar de 9 a 14. Aquest dissabte dia 14 [&hellip;]<\/p>\n","protected":false},"author":18,"featured_media":1216,"comment_status":"open","ping_status":"open","sticky":false,"template":"","format":"standard","meta":{"_bbp_topic_count":0,"_bbp_reply_count":0,"_bbp_total_topic_count":0,"_bbp_total_reply_count":0,"_bbp_voice_count":0,"_bbp_anonymous_reply_count":0,"_bbp_topic_count_hidden":0,"_bbp_reply_count_hidden":0,"_bbp_forum_subforum_count":0,"site-sidebar-layout":"default","site-content-layout":"","ast-site-content-layout":"","site-content-style":"default","site-sidebar-style":"default","ast-global-header-display":"","ast-banner-title-visibility":"","ast-main-header-display":"","ast-hfb-above-header-display":"","ast-hfb-below-header-display":"","ast-hfb-mobile-header-display":"","site-post-title":"","ast-breadcrumbs-content":"","ast-featured-img":"","footer-sml-layout":"","theme-transparent-header-meta":"","adv-header-id-meta":"","stick-header-meta":"","header-above-stick-meta":"","header-main-stick-meta":"","header-below-stick-meta":"","astra-migrate-meta-layouts":"default","ast-page-background-enabled":"default","ast-page-background-meta":{"desktop":{"background-color":"var(--ast-global-color-5)","background-image":"","background-repeat":"repeat","background-position":"center center","background-size":"auto","background-attachment":"scroll","background-type":"","background-media":"","overlay-type":"","overlay-color":"","overlay-opacity":"","overlay-gradient":""},"tablet":{"background-color":"","background-image":"","background-repeat":"repeat","background-position":"center center","background-size":"auto","background-attachment":"scroll","background-type":"","background-media":"","overlay-type":"","overlay-color":"","overlay-opacity":"","overlay-gradient":""},"mobile":{"background-color":"","background-image":"","background-repeat":"repeat","background-position":"center center","background-size":"auto","background-attachment":"scroll","background-type":"","background-media":"","overlay-type":"","overlay-color":"","overlay-opacity":"","overlay-gradient":""}},"ast-content-background-meta":{"desktop":{"background-color":"var(--ast-global-color-4)","background-image":"","background-repeat":"repeat","background-position":"center center","background-size":"auto","background-attachment":"scroll","background-type":"","background-media":"","overlay-type":"","overlay-color":"","overlay-opacity":"","overlay-gradient":""},"tablet":{"background-color":"var(--ast-global-color-4)","background-image":"","background-repeat":"repeat","background-position":"center center","background-size":"auto","background-attachment":"scroll","background-type":"","background-media":"","overlay-type":"","overlay-color":"","overlay-opacity":"","overlay-gradient":""},"mobile":{"background-color":"var(--ast-global-color-4)","background-image":"","background-repeat":"repeat","background-position":"center center","background-size":"auto","background-attachment":"scroll","background-type":"","background-media":"","overlay-type":"","overlay-color":"","overlay-opacity":"","overlay-gradient":""}},"footnotes":""},"categories":[77,1],"tags":[],"class_list":["post-1211","post","type-post","status-publish","format-standard","has-post-thumbnail","hentry","category-ampa","category-portadageneral"],"post_mailing_queue_ids":[],"_links":{"self":[{"href":"https:\/\/agora.xtec.cat\/escolamunicipal-lasinia\/wp-json\/wp\/v2\/posts\/1211","targetHints":{"allow":["GET"]}}],"collection":[{"href":"https:\/\/agora.xtec.cat\/escolamunicipal-lasinia\/wp-json\/wp\/v2\/posts"}],"about":[{"href":"https:\/\/agora.xtec.cat\/escolamunicipal-lasinia\/wp-json\/wp\/v2\/types\/post"}],"author":[{"embeddable":true,"href":"https:\/\/agora.xtec.cat\/escolamunicipal-lasinia\/wp-json\/wp\/v2\/users\/18"}],"replies":[{"embeddable":true,"href":"https:\/\/agora.xtec.cat\/escolamunicipal-lasinia\/wp-json\/wp\/v2\/comments?post=1211"}],"version-history":[{"count":3,"href":"https:\/\/agora.xtec.cat\/escolamunicipal-lasinia\/wp-json\/wp\/v2\/posts\/1211\/revisions"}],"predecessor-version":[{"id":1215,"href":"https:\/\/agora.xtec.cat\/escolamunicipal-lasinia\/wp-json\/wp\/v2\/posts\/1211\/revisions\/1215"}],"wp:featuredmedia":[{"embeddable":true,"href":"https:\/\/agora.xtec.cat\/escolamunicipal-lasinia\/wp-json\/wp\/v2\/media\/1216"}],"wp:attachment":[{"href":"https:\/\/agora.xtec.cat\/escolamunicipal-lasinia\/wp-json\/wp\/v2\/media?parent=1211"}],"wp:term":[{"taxonomy":"category","embeddable":true,"href":"https:\/\/agora.xtec.cat\/escolamunicipal-lasinia\/wp-json\/wp\/v2\/categories?post=1211"},{"taxonomy":"post_tag","embeddable":true,"href":"https:\/\/agora.xtec.cat\/escolamunicipal-lasinia\/wp-json\/wp\/v2\/tags?post=1211"}],"curies":[{"name":"wp","href":"https:\/\/api.w.org\/{rel}","templated":true}]}}