{"id":10325,"date":"2024-04-12T14:45:38","date_gmt":"2024-04-12T12:45:38","guid":{"rendered":"https:\/\/agora.xtec.cat\/escolamunicipal-lasinia\/?p=10325"},"modified":"2024-04-12T14:45:38","modified_gmt":"2024-04-12T12:45:38","slug":"cicle-mitja-va-a-la-fundacio-miro","status":"publish","type":"post","link":"https:\/\/agora.xtec.cat\/escolamunicipal-lasinia\/portadageneral\/cicle-mitja-va-a-la-fundacio-miro\/","title":{"rendered":"Cicle Mitj\u00e0 va a la Fundaci\u00f3 Mir\u00f3"},"content":{"rendered":"<p>Aquesta setmana els nens i nenes de cicle mitj\u00e0 hem visitat la Fundaci\u00f3 Mir\u00f3, que \u00e9s un museu<br \/>\nque es troba a Montjuic. L\u2019edifici va ser dissenyat per l\u2019arquitecte Josep Llu\u00eds Sert que es va<br \/>\ninspirar en l&#8217;arquitectura popular mediterr\u00e0nia\u00a0 i en ell es pot trobar la major part de l\u2019obra de<br \/>\nJoan Mir\u00f3, pintures, dibuixos, escultures i tapissos.<br \/>\nNosaltres hem fet l\u2019activitat titulada \u201cEl meu diari\u201d que consistia en una llibreta on hav\u00edem de<br \/>\nfer dibuixos, collages i s\u00edmbols a partir de l\u2019observaci\u00f3 de les obres de Joan Mir\u00f3. Les nostres<br \/>\nguies ens han explicat moltes coses de la vida de Mir\u00f3 i el significat de les seves obres m\u00e9s<br \/>\nemblem\u00e0tiques, d\u2019estil abstracte i surrealista.<br \/>\nTamb\u00e9 hem pogut observar una escultura d\u2019Alexander Calder, una font que en comptes<br \/>\nd\u2019aigua cont\u00e9 mercuri.<br \/>\nEn resum, una visita molt interessant que recomanem a tothom.<\/p>\n<p>Aqu\u00ed us deixem un petit recull d<a href=\"https:\/\/photos.app.goo.gl\/jbqRF8UGXERyKYKA9\">&#8216;imatges!<\/a> Esperem que us agradin!<\/p>\n","protected":false},"excerpt":{"rendered":"<p>Aquesta setmana els nens i nenes de cicle mitj\u00e0 hem visitat la Fundaci\u00f3 Mir\u00f3, que \u00e9s un museu que es troba a Montjuic. L\u2019edifici va ser dissenyat per l\u2019arquitecte Josep Llu\u00eds Sert que es va inspirar en l&#8217;arquitectura popular mediterr\u00e0nia\u00a0 i en ell es pot trobar la major part de l\u2019obra de Joan Mir\u00f3, pintures, [&hellip;]<\/p>\n","protected":false},"author":43,"featured_media":10326,"comment_status":"open","ping_status":"closed","sticky":false,"template":"","format":"standard","meta":{"_bbp_topic_count":0,"_bbp_reply_count":0,"_bbp_total_topic_count":0,"_bbp_total_reply_count":0,"_bbp_voice_count":0,"_bbp_anonymous_reply_count":0,"_bbp_topic_count_hidden":0,"_bbp_reply_count_hidden":0,"_bbp_forum_subforum_count":0,"site-sidebar-layout":"default","site-content-layout":"","ast-site-content-layout":"","site-content-style":"default","site-sidebar-style":"default","ast-global-header-display":"","ast-banner-title-visibility":"","ast-main-header-display":"","ast-hfb-above-header-display":"","ast-hfb-below-header-display":"","ast-hfb-mobile-header-display":"","site-post-title":"","ast-breadcrumbs-content":"","ast-featured-img":"","footer-sml-layout":"","theme-transparent-header-meta":"","adv-header-id-meta":"","stick-header-meta":"","header-above-stick-meta":"","header-main-stick-meta":"","header-below-stick-meta":"","astra-migrate-meta-layouts":"default","ast-page-background-enabled":"default","ast-page-background-meta":{"desktop":{"background-color":"var(--ast-global-color-5)","background-image":"","background-repeat":"repeat","background-position":"center center","background-size":"auto","background-attachment":"scroll","background-type":"","background-media":"","overlay-type":"","overlay-color":"","overlay-opacity":"","overlay-gradient":""},"tablet":{"background-color":"","background-image":"","background-repeat":"repeat","background-position":"center center","background-size":"auto","background-attachment":"scroll","background-type":"","background-media":"","overlay-type":"","overlay-color":"","overlay-opacity":"","overlay-gradient":""},"mobile":{"background-color":"","background-image":"","background-repeat":"repeat","background-position":"center center","background-size":"auto","background-attachment":"scroll","background-type":"","background-media":"","overlay-type":"","overlay-color":"","overlay-opacity":"","overlay-gradient":""}},"ast-content-background-meta":{"desktop":{"background-color":"var(--ast-global-color-4)","background-image":"","background-repeat":"repeat","background-position":"center center","background-size":"auto","background-attachment":"scroll","background-type":"","background-media":"","overlay-type":"","overlay-color":"","overlay-opacity":"","overlay-gradient":""},"tablet":{"background-color":"var(--ast-global-color-4)","background-image":"","background-repeat":"repeat","background-position":"center center","background-size":"auto","background-attachment":"scroll","background-type":"","background-media":"","overlay-type":"","overlay-color":"","overlay-opacity":"","overlay-gradient":""},"mobile":{"background-color":"var(--ast-global-color-4)","background-image":"","background-repeat":"repeat","background-position":"center center","background-size":"auto","background-attachment":"scroll","background-type":"","background-media":"","overlay-type":"","overlay-color":"","overlay-opacity":"","overlay-gradient":""}},"footnotes":""},"categories":[59,60,78,191,192,1],"tags":[],"class_list":["post-10325","post","type-post","status-publish","format-standard","has-post-thumbnail","hentry","category-3r","category-4t","category-blogs-escola","category-curs-23-24-3r","category-curs-23-24-4t","category-portadageneral"],"post_mailing_queue_ids":[],"_links":{"self":[{"href":"https:\/\/agora.xtec.cat\/escolamunicipal-lasinia\/wp-json\/wp\/v2\/posts\/10325","targetHints":{"allow":["GET"]}}],"collection":[{"href":"https:\/\/agora.xtec.cat\/escolamunicipal-lasinia\/wp-json\/wp\/v2\/posts"}],"about":[{"href":"https:\/\/agora.xtec.cat\/escolamunicipal-lasinia\/wp-json\/wp\/v2\/types\/post"}],"author":[{"embeddable":true,"href":"https:\/\/agora.xtec.cat\/escolamunicipal-lasinia\/wp-json\/wp\/v2\/users\/43"}],"replies":[{"embeddable":true,"href":"https:\/\/agora.xtec.cat\/escolamunicipal-lasinia\/wp-json\/wp\/v2\/comments?post=10325"}],"version-history":[{"count":1,"href":"https:\/\/agora.xtec.cat\/escolamunicipal-lasinia\/wp-json\/wp\/v2\/posts\/10325\/revisions"}],"predecessor-version":[{"id":10327,"href":"https:\/\/agora.xtec.cat\/escolamunicipal-lasinia\/wp-json\/wp\/v2\/posts\/10325\/revisions\/10327"}],"wp:featuredmedia":[{"embeddable":true,"href":"https:\/\/agora.xtec.cat\/escolamunicipal-lasinia\/wp-json\/wp\/v2\/media\/10326"}],"wp:attachment":[{"href":"https:\/\/agora.xtec.cat\/escolamunicipal-lasinia\/wp-json\/wp\/v2\/media?parent=10325"}],"wp:term":[{"taxonomy":"category","embeddable":true,"href":"https:\/\/agora.xtec.cat\/escolamunicipal-lasinia\/wp-json\/wp\/v2\/categories?post=10325"},{"taxonomy":"post_tag","embeddable":true,"href":"https:\/\/agora.xtec.cat\/escolamunicipal-lasinia\/wp-json\/wp\/v2\/tags?post=10325"}],"curies":[{"name":"wp","href":"https:\/\/api.w.org\/{rel}","templated":true}]}}