{"id":9964,"date":"2020-05-03T22:00:29","date_gmt":"2020-05-03T20:00:29","guid":{"rendered":"http:\/\/agora.xtec.cat\/escolamossencinto\/?p=9964"},"modified":"2020-05-04T18:27:09","modified_gmt":"2020-05-04T16:27:09","slug":"proposta-setmana-4-de-maig","status":"publish","type":"post","link":"https:\/\/agora.xtec.cat\/escolamossencinto\/primaria\/proposta-setmana-4-de-maig\/","title":{"rendered":"Proposta setmana 4 de maig"},"content":{"rendered":"<p><span style=\"font-weight: 400;\">Bon dia fam\u00edlies!<\/span><\/p>\n<p><span style=\"font-weight: 400;\">Una setmana m\u00e9s les mestres del cicle us proposem noves i divertides activitats que esperem que us facin un miqueta m\u00e9s entretingut el vostre dia a dia. \u00c0nims ja queda poquet!\u00a0<\/span><\/p>\n<h5><span style=\"color: #ff9900;\"><b>LLENGUA<\/b><\/span><\/h5>\n<p><strong>Gravem un v\u00eddeo!<\/strong><\/p>\n<p><span style=\"font-weight: 400;\">Volem saber com us ha anat aquesta primera setmana en la que heu pogut sortir al carrer. Qu\u00e8 heu fet? A qu\u00e8 heu jugat? Amb qui heu anat? Quines mesures de precauci\u00f3 heu pres? <\/span><span style=\"font-weight: 400;\">Graveu un v\u00eddeo explicant-nos com us ha anat aquesta experi\u00e8ncia.<\/span><\/p>\n<p><strong><span style=\"color: #000000;\">Aprenem a utilitzar el Word!<\/span><\/strong><\/p>\n<p>Aquesta tasca l&#8217;heu de fer descarregant i treballant l&#8217;arxiu a l&#8217;ordinador.\u00a0 Una altra possibilitat \u00e9s imprimint-ho o copiant en paper. Heu de copiar unes frases a l&#8217;espai que hi ha sota de cadascuna.\u00a0 <a href=\"https:\/\/drive.google.com\/file\/d\/1kLzgJyjcf7a09CmnSievHVkVUowWVQJF\/view?usp=sharing\" target=\"_blank\" rel=\"noopener noreferrer\"><strong>Copiar frases (1)<\/strong><\/a><\/p>\n<p><span style=\"font-weight: 400;\">Necessitareu obrir molt els ulls per resoldre aquesta activitat tan divertida!\u00a0 <span style=\"font-weight: 400; color: #0000ff;\"><a style=\"color: #0000ff;\" href=\"https:\/\/drive.google.com\/open?id=1jLEwqDofSSjKlRno6cJLSbjwqKIaXHGh\" target=\"_blank\" rel=\"noopener noreferrer\"><strong>Veig Veig!<\/strong>\u00a0<\/a><\/span><\/span><\/p>\n<p>&nbsp;<\/p>\n<h5><strong><span style=\"color: #ff0000;\">MATEM\u00c0TIQUES:<\/span><\/strong><\/h5>\n<p><span style=\"font-weight: 400;\">Us animem a fer click en aquest enlla\u00e7 i a gaudir d\u2019un munt de jocs matem\u00e0tics que us faran aprendre molt!\u00a0 \u00a0 \u00a0<a href=\"http:\/\/www.xtec.cat\/centres\/a8058465\/actvitats%20clic\/MatematiquesPRI.htm\" target=\"_blank\" rel=\"noopener noreferrer\">Joc Matem\u00e0tic<\/a><\/span><\/p>\n<p><span style=\"font-weight: 400;\">Fem exercicis!\u00a0 <\/span><span style=\"font-weight: 400;\">Us deixem aquestes feinetes per a que aneu practicant el que hem anat fent durant aquest curs: \u00a0\u00a0<a href=\"https:\/\/drive.google.com\/file\/d\/1KX7FUusdvwOGasQlX3RKQh391WshyMgP\/view?usp=sharing\" target=\"_blank\" rel=\"noopener noreferrer\">Quadernet<\/a><\/span><\/p>\n<h5><span style=\"color: #99cc00;\"><b>MEDI:<\/b><\/span><\/h5>\n<p><span style=\"color: #99cc00;\"><b>Fem de cuiners i cuineres!<\/b><\/span><b>\u00a0<\/b><\/p>\n<p><span style=\"font-weight: 400;\">Nens i nenes , com ja sabeu, \u00e9s molt important que aquests dies ajudeu als vostres pares i mares amb les feines de casa. Per aix\u00f2 , us volem proposar que elaboreu una recepta de cuina. Pot ser un primer plat, un segon plat o un postre! El que vosaltres vulgueu! Ens agradaria molt que ens enviessiu els vostres v\u00eddeos o fotos fent aquesta recepta. Esperem que surtin plats ben bons i que despr\u00e9s convideu a la fam\u00edlia a provar-los! Endavant!\u00a0<\/span><\/p>\n<h5><\/h5>\n<h5><span style=\"color: #cc99ff;\"><b>PL\u00c0STICA:\u00a0<\/b><a href=\"https:\/\/maresipares.cat\/animals-genials-que-podeu-crear-amb-rotllos-de-paper-de-vater\/\" target=\"_blank\" rel=\"noopener noreferrer\">cliqueu aqu\u00ed<\/a><\/span><\/h5>\n<h5><span style=\"color: #339966;\">M\u00daSICA : <a href=\"https:\/\/docs.google.com\/document\/d\/1kvdq6d9FQkj1lld2eYClFaSMEtiQzEahVVUpiwhMGcc\/edit?usp=sharing\" target=\"_blank\" rel=\"noopener noreferrer\">cliqueu aqu\u00ed<\/a><\/span><\/h5>\n<h5><span style=\"color: #ff9900;\">ANGL\u00c8S<\/span>:\u00a0<a href=\"https:\/\/drive.google.com\/file\/d\/1jxchFZ6bPyFj0vpnoxDL0-V8_JS6VeKu\/view?usp=sharing\" target=\"_blank\" rel=\"noopener noreferrer\">cliqueu aqu\u00ed<\/a><\/h5>\n<h5><span style=\"color: #0000ff;\">EDUACI\u00d3 F\u00cdSICA:\u00a0<\/span><span style=\"color: #33cccc;\"><a style=\"color: #33cccc;\" href=\"https:\/\/drive.google.com\/file\/d\/1IP00VUji7fduKUUhqs7-fYnrHZAMZRyH\/view\" target=\"_blank\" rel=\"noopener noreferrer\">cliqueu aqu\u00ed<\/a><\/span><\/h5>\n<p>&nbsp;<\/p>\n<p><span style=\"font-weight: 400;\">Una forta abra\u00e7ada a tots i totes! Us trobem molt a faltar!<\/span><\/p>\n<p>&nbsp;<\/p>\n","protected":false},"excerpt":{"rendered":"<p>Bon dia fam\u00edlies! Una setmana m\u00e9s les mestres del cicle us proposem noves i divertides activitats que esperem que us facin un miqueta m\u00e9s entretingut el vostre dia a dia. \u00c0nims ja queda poquet!\u00a0 LLENGUA Gravem un v\u00eddeo! Volem saber com us ha anat aquesta primera setmana en la que heu pogut sortir al carrer. [&hellip;]<\/p>\n","protected":false},"author":1,"featured_media":0,"comment_status":"closed","ping_status":"closed","sticky":false,"template":"","format":"standard","meta":{"_bbp_topic_count":0,"_bbp_reply_count":0,"_bbp_total_topic_count":0,"_bbp_total_reply_count":0,"_bbp_voice_count":0,"_bbp_anonymous_reply_count":0,"_bbp_topic_count_hidden":0,"_bbp_reply_count_hidden":0,"_bbp_forum_subforum_count":0,"site-sidebar-layout":"default","site-content-layout":"","ast-site-content-layout":"","site-content-style":"default","site-sidebar-style":"default","ast-global-header-display":"","ast-banner-title-visibility":"","ast-main-header-display":"","ast-hfb-above-header-display":"","ast-hfb-below-header-display":"","ast-hfb-mobile-header-display":"","site-post-title":"","ast-breadcrumbs-content":"","ast-featured-img":"","footer-sml-layout":"","theme-transparent-header-meta":"","adv-header-id-meta":"","stick-header-meta":"","header-above-stick-meta":"","header-main-stick-meta":"","header-below-stick-meta":"","astra-migrate-meta-layouts":"default","ast-page-background-enabled":"default","ast-page-background-meta":{"desktop":{"background-color":"var(--ast-global-color-4)","background-image":"","background-repeat":"repeat","background-position":"center center","background-size":"auto","background-attachment":"scroll","background-type":"","background-media":"","overlay-type":"","overlay-color":"","overlay-opacity":"","overlay-gradient":""},"tablet":{"background-color":"","background-image":"","background-repeat":"repeat","background-position":"center center","background-size":"auto","background-attachment":"scroll","background-type":"","background-media":"","overlay-type":"","overlay-color":"","overlay-opacity":"","overlay-gradient":""},"mobile":{"background-color":"","background-image":"","background-repeat":"repeat","background-position":"center center","background-size":"auto","background-attachment":"scroll","background-type":"","background-media":"","overlay-type":"","overlay-color":"","overlay-opacity":"","overlay-gradient":""}},"ast-content-background-meta":{"desktop":{"background-color":"var(--ast-global-color-5)","background-image":"","background-repeat":"repeat","background-position":"center center","background-size":"auto","background-attachment":"scroll","background-type":"","background-media":"","overlay-type":"","overlay-color":"","overlay-opacity":"","overlay-gradient":""},"tablet":{"background-color":"var(--ast-global-color-5)","background-image":"","background-repeat":"repeat","background-position":"center center","background-size":"auto","background-attachment":"scroll","background-type":"","background-media":"","overlay-type":"","overlay-color":"","overlay-opacity":"","overlay-gradient":""},"mobile":{"background-color":"var(--ast-global-color-5)","background-image":"","background-repeat":"repeat","background-position":"center center","background-size":"auto","background-attachment":"scroll","background-type":"","background-media":"","overlay-type":"","overlay-color":"","overlay-opacity":"","overlay-gradient":""}},"footnotes":""},"categories":[10,5],"tags":[342],"class_list":["post-9964","post","type-post","status-publish","format-standard","hentry","category-1r","category-primaria","tag-ens-quedem-a-casa"],"post_mailing_queue_ids":[],"_links":{"self":[{"href":"https:\/\/agora.xtec.cat\/escolamossencinto\/wp-json\/wp\/v2\/posts\/9964","targetHints":{"allow":["GET"]}}],"collection":[{"href":"https:\/\/agora.xtec.cat\/escolamossencinto\/wp-json\/wp\/v2\/posts"}],"about":[{"href":"https:\/\/agora.xtec.cat\/escolamossencinto\/wp-json\/wp\/v2\/types\/post"}],"author":[{"embeddable":true,"href":"https:\/\/agora.xtec.cat\/escolamossencinto\/wp-json\/wp\/v2\/users\/1"}],"replies":[{"embeddable":true,"href":"https:\/\/agora.xtec.cat\/escolamossencinto\/wp-json\/wp\/v2\/comments?post=9964"}],"version-history":[{"count":3,"href":"https:\/\/agora.xtec.cat\/escolamossencinto\/wp-json\/wp\/v2\/posts\/9964\/revisions"}],"predecessor-version":[{"id":10148,"href":"https:\/\/agora.xtec.cat\/escolamossencinto\/wp-json\/wp\/v2\/posts\/9964\/revisions\/10148"}],"wp:attachment":[{"href":"https:\/\/agora.xtec.cat\/escolamossencinto\/wp-json\/wp\/v2\/media?parent=9964"}],"wp:term":[{"taxonomy":"category","embeddable":true,"href":"https:\/\/agora.xtec.cat\/escolamossencinto\/wp-json\/wp\/v2\/categories?post=9964"},{"taxonomy":"post_tag","embeddable":true,"href":"https:\/\/agora.xtec.cat\/escolamossencinto\/wp-json\/wp\/v2\/tags?post=9964"}],"curies":[{"name":"wp","href":"https:\/\/api.w.org\/{rel}","templated":true}]}}