{"id":9607,"date":"2020-04-26T23:58:21","date_gmt":"2020-04-26T21:58:21","guid":{"rendered":"http:\/\/agora.xtec.cat\/escolamossencinto\/?p=9607"},"modified":"2020-04-27T11:08:21","modified_gmt":"2020-04-27T09:08:21","slug":"i-aquesta-setmana-que-he-de-fer-del-27-al-30-dabril","status":"publish","type":"post","link":"https:\/\/agora.xtec.cat\/escolamossencinto\/primaria\/3r\/i-aquesta-setmana-que-he-de-fer-del-27-al-30-dabril\/","title":{"rendered":"I aquesta setmana qu\u00e8 he de fer? \u2013 Del 27 al 30 d\u2019abril"},"content":{"rendered":"<p>Hola nens i nenes de tercer (i tamb\u00e9 papes i mames)!!!!<\/p>\n<p>Engegem una nova setmana on trobareu, com a les anteriors, una combinaci\u00f3 de reptes i treball sistem\u00e0tic.<\/p>\n<table style=\"height: 252px; width: 1023px; background-color: #fafafa;\" width=\"1435\">\n<tbody>\n<tr>\n<td style=\"width: 223.75px; background-color: #07f1f5;\">\n<h3><span style=\"color: #0000ff;\"><strong>MATEM\u00c0TIQUES<\/strong><\/span><\/h3>\n<\/td>\n<td style=\"width: 791.25px;\"><strong>LA DIVISI\u00d3<\/strong><br \/>\n&#8211;\u00a0\u00a0\u00a0\u00a0\u00a0\u00a0 Fes a la llibreta els exercicis 11, 12 i 14 (la prova no, nom\u00e9s fer la divisi\u00f3) de la p\u00e0gina 116 i 117<strong>MEITAT I TER\u00c7<br \/>\n<\/strong>&#8211;\u00a0\u00a0\u00a0\u00a0\u00a0\u00a0 \u00a0Mira el v\u00eddeo seg\u00fcent: <a href=\"https:\/\/www.youtube.com\/watch?v=XLF6nN-11cA\">https:\/\/www.youtube.com\/watch?v=XLF6nN-11cA<\/a><br \/>\n&#8211;\u00a0\u00a0\u00a0\u00a0\u00a0\u00a0 Fes a la llibreta els exercicis 15, 16 i 17 de la p\u00e0gina 118 i 119<\/td>\n<\/tr>\n<tr>\n<td style=\"width: 223.75px; background-color: #07f1f5;\">\n<h3><strong><span style=\"color: #0000ff;\">LLENGUA (catal\u00e0)<\/span><br \/>\n<\/strong><\/h3>\n<\/td>\n<td style=\"width: 791.25px;\"><strong>FEM DE RONDALLAIRES<br \/>\n<\/strong>&#8211;\u00a0\u00a0\u00a0\u00a0\u00a0\u00a0 Busca per casa un conte o text <strong>curt<\/strong> (pot ser del mateix llibre de catal\u00e0).<br \/>\n&#8211;\u00a0\u00a0\u00a0\u00a0\u00a0\u00a0 Practica la lectura (volum, to, ritme i velocitat adequada, for\u00e7a i emotivitat en la lectura&#8230;)<br \/>\n&#8211;\u00a0\u00a0\u00a0\u00a0\u00a0\u00a0 Demana al pare, a la mare o al germ\u00e0\/na que et gravin llegint-lo.<\/td>\n<\/tr>\n<tr>\n<td style=\"width: 223.75px; background-color: #07f1f5;\">\n<h3><span style=\"color: #0000ff;\"><strong>ANGL\u00c8S<\/strong><\/span><\/h3>\n<\/td>\n<td style=\"width: 791.25px;\"><strong>NATURE PARK: wild animals!!!<\/strong><br \/>\n&#8211; Tota la informaci\u00f3 a l&#8217;enlla\u00e7.<\/td>\n<\/tr>\n<tr>\n<td style=\"width: 223.75px; background-color: #07f1f5;\">\n<h3><span style=\"color: #0000ff;\"><strong>A&amp;C<\/strong><\/span><\/h3>\n<\/td>\n<td style=\"width: 791.25px;\"><strong>RECREATING WORKS OF ART<br \/>\n<\/strong>&#8211;\u00a0\u00a0\u00a0\u00a0\u00a0\u00a0 Tota la informaci\u00f3 a l\u2018enlla\u00e7.<\/td>\n<\/tr>\n<tr>\n<td style=\"width: 223.75px; background-color: #07f1f5;\">\n<h3><span style=\"color: #0000ff;\"><strong>MEDI NATURAL<\/strong><\/span><\/h3>\n<\/td>\n<td style=\"width: 791.25px;\"><strong>LA MAT\u00c8RIA I ELS MATERIALS: els canvis d\u2019estat<br \/>\n<\/strong>&#8211;\u00a0\u00a0\u00a0\u00a0\u00a0\u00a0 Mira el v\u00eddeo seg\u00fcent: <a href=\"https:\/\/www.youtube.com\/watch?v=ZdPhmPNgiEw\">https:\/\/www.youtube.com\/watch?v=ZdPhmPNgiEw<\/a><br \/>\n&#8211;\u00a0\u00a0\u00a0\u00a0\u00a0\u00a0 Fes els exercicis de la fitxa a la llibreta ( m\u00e9s informaci\u00f3 a l\u2019enlla\u00e7). Tota la informaci\u00f3 que necessites surt al v\u00eddeo, per\u00f2 tamb\u00e9 pots consultar el llibre de medi natural, unitat 5.<br \/>\n<strong><br \/>\nLABORATORI: la pressi\u00f3 atmosf\u00e8rica<br \/>\n<\/strong>&#8211;\u00a0\u00a0\u00a0\u00a0\u00a0\u00a0 Tota la informaci\u00f3 a l\u2019enlla\u00e7<\/td>\n<\/tr>\n<tr>\n<td style=\"width: 223.75px; background-color: #07f1f5;\">\n<h3><span style=\"color: #0000ff;\"><strong>RELIGI\u00d3<br \/>\n<\/strong><\/span><\/h3>\n<\/td>\n<td style=\"width: 791.25px;\">1)\u00a0\u00a0\u00a0 Mirar el seg\u00fcent v\u00eddeo: <a href=\"https:\/\/www.youtube.com\/watch?v=aoOgNr_m_RI&amp;list=PLUppYfbeQBT3jLzEFvODCyulsO2dUpqOM&amp;index=5&amp;t=0s\">https:\/\/www.youtube.com\/watch?v=aoOgNr_m_RI&amp;list=PLUppYfbeQBT3jLzEFvODCyulsO2dUpqOM&amp;index=5&amp;t=0s<\/a><br \/>\n2)\u00a0\u00a0\u00a0 Fer el deure que s&#8217;explica al final.<br \/>\n3)\u00a0\u00a0\u00a0 Escriure dos o tres frases comentant el que us ha semblat el v\u00eddeo.<br \/>\n4)\u00a0\u00a0\u00a0 Cantar i ballar alguna d\u2019aquestes can\u00e7ons, i si pot ser amb alg\u00fa de la fam\u00edlia, millor: <a href=\"https:\/\/www.youtube.com\/watch?v=QDmrPFK4Q84\">https:\/\/www.youtube.com\/watch?v=QDmrPFK4Q84<\/a> \u00a0 \u00a0 o\u00a0 \u00a0\u00a0 <a href=\"https:\/\/www.youtube.com\/watch?v=pDe-1pDOllI\">https:\/\/www.youtube.com\/watch?v=pDe-1pDOllI<\/a><\/td>\n<\/tr>\n<\/tbody>\n<\/table>\n<p>Al seg\u00fcent enlla\u00e7 trobareu m\u00e9s informaci\u00f3 sobre les activitats plantejades:<br \/>\n<a href=\"https:\/\/drive.google.com\/drive\/folders\/1hyzuFpdLTkktBRxBMsrBTJomyiyolD4s?usp=sharing\">https:\/\/drive.google.com\/drive\/folders\/1hyzuFpdLTkktBRxBMsrBTJomyiyolD4s?usp=s<\/a><a href=\"https:\/\/drive.google.com\/drive\/folders\/1hyzuFpdLTkktBRxBMsrBTJomyiyolD4s?usp=sharing\">haring<\/a><\/p>\n<p>Si teniu problemes a l&#8217;hora d&#8217;enviar-nos les feines a causa de la limitaci\u00f3 de imatges al correu, sapigueu que podeu fer servir Wetransfer (<a href=\"https:\/\/wetransfer.com\/\">https:\/\/wetransfer.com\/<\/a>) per fer-nos arribar els vostres v\u00eddeos i fotos.<br \/>\nI una altra cosa m\u00e9s, com a moltes fotos i v\u00eddeos que ens envieu tamb\u00e9 sortiu vosaltres, papes i mames, o els germans, necessitar\u00edem que ens digu\u00e9ssiu si ens autoritzeu o no a publicar-ho (ho podeu fer al mateix mail quan ens feu arribar les propostes).<\/p>\n<p>Gr\u00e0cies per la vostra ajuda i una abra\u00e7ada enorme,<br \/>\nMestres de tercer<\/p>\n","protected":false},"excerpt":{"rendered":"<p>Hola nens i nenes de tercer (i tamb\u00e9 papes i mames)!!!! Engegem una nova setmana on trobareu, com a les anteriors, una combinaci\u00f3 de reptes i treball sistem\u00e0tic. MATEM\u00c0TIQUES LA DIVISI\u00d3 &#8211;\u00a0\u00a0\u00a0\u00a0\u00a0\u00a0 Fes a la llibreta els exercicis 11, 12 i 14 (la prova no, nom\u00e9s fer la divisi\u00f3) de la p\u00e0gina 116 i 117MEITAT [&hellip;]<\/p>\n","protected":false},"author":5,"featured_media":0,"comment_status":"closed","ping_status":"closed","sticky":false,"template":"","format":"standard","meta":{"_bbp_topic_count":0,"_bbp_reply_count":0,"_bbp_total_topic_count":0,"_bbp_total_reply_count":0,"_bbp_voice_count":0,"_bbp_anonymous_reply_count":0,"_bbp_topic_count_hidden":0,"_bbp_reply_count_hidden":0,"_bbp_forum_subforum_count":0,"site-sidebar-layout":"default","site-content-layout":"","ast-site-content-layout":"","site-content-style":"default","site-sidebar-style":"default","ast-global-header-display":"","ast-banner-title-visibility":"","ast-main-header-display":"","ast-hfb-above-header-display":"","ast-hfb-below-header-display":"","ast-hfb-mobile-header-display":"","site-post-title":"","ast-breadcrumbs-content":"","ast-featured-img":"","footer-sml-layout":"","theme-transparent-header-meta":"","adv-header-id-meta":"","stick-header-meta":"","header-above-stick-meta":"","header-main-stick-meta":"","header-below-stick-meta":"","astra-migrate-meta-layouts":"default","ast-page-background-enabled":"default","ast-page-background-meta":{"desktop":{"background-color":"var(--ast-global-color-4)","background-image":"","background-repeat":"repeat","background-position":"center center","background-size":"auto","background-attachment":"scroll","background-type":"","background-media":"","overlay-type":"","overlay-color":"","overlay-opacity":"","overlay-gradient":""},"tablet":{"background-color":"","background-image":"","background-repeat":"repeat","background-position":"center center","background-size":"auto","background-attachment":"scroll","background-type":"","background-media":"","overlay-type":"","overlay-color":"","overlay-opacity":"","overlay-gradient":""},"mobile":{"background-color":"","background-image":"","background-repeat":"repeat","background-position":"center center","background-size":"auto","background-attachment":"scroll","background-type":"","background-media":"","overlay-type":"","overlay-color":"","overlay-opacity":"","overlay-gradient":""}},"ast-content-background-meta":{"desktop":{"background-color":"var(--ast-global-color-5)","background-image":"","background-repeat":"repeat","background-position":"center center","background-size":"auto","background-attachment":"scroll","background-type":"","background-media":"","overlay-type":"","overlay-color":"","overlay-opacity":"","overlay-gradient":""},"tablet":{"background-color":"var(--ast-global-color-5)","background-image":"","background-repeat":"repeat","background-position":"center center","background-size":"auto","background-attachment":"scroll","background-type":"","background-media":"","overlay-type":"","overlay-color":"","overlay-opacity":"","overlay-gradient":""},"mobile":{"background-color":"var(--ast-global-color-5)","background-image":"","background-repeat":"repeat","background-position":"center center","background-size":"auto","background-attachment":"scroll","background-type":"","background-media":"","overlay-type":"","overlay-color":"","overlay-opacity":"","overlay-gradient":""}},"footnotes":""},"categories":[12],"tags":[],"class_list":["post-9607","post","type-post","status-publish","format-standard","hentry","category-3r"],"post_mailing_queue_ids":[],"_links":{"self":[{"href":"https:\/\/agora.xtec.cat\/escolamossencinto\/wp-json\/wp\/v2\/posts\/9607","targetHints":{"allow":["GET"]}}],"collection":[{"href":"https:\/\/agora.xtec.cat\/escolamossencinto\/wp-json\/wp\/v2\/posts"}],"about":[{"href":"https:\/\/agora.xtec.cat\/escolamossencinto\/wp-json\/wp\/v2\/types\/post"}],"author":[{"embeddable":true,"href":"https:\/\/agora.xtec.cat\/escolamossencinto\/wp-json\/wp\/v2\/users\/5"}],"replies":[{"embeddable":true,"href":"https:\/\/agora.xtec.cat\/escolamossencinto\/wp-json\/wp\/v2\/comments?post=9607"}],"version-history":[{"count":3,"href":"https:\/\/agora.xtec.cat\/escolamossencinto\/wp-json\/wp\/v2\/posts\/9607\/revisions"}],"predecessor-version":[{"id":9826,"href":"https:\/\/agora.xtec.cat\/escolamossencinto\/wp-json\/wp\/v2\/posts\/9607\/revisions\/9826"}],"wp:attachment":[{"href":"https:\/\/agora.xtec.cat\/escolamossencinto\/wp-json\/wp\/v2\/media?parent=9607"}],"wp:term":[{"taxonomy":"category","embeddable":true,"href":"https:\/\/agora.xtec.cat\/escolamossencinto\/wp-json\/wp\/v2\/categories?post=9607"},{"taxonomy":"post_tag","embeddable":true,"href":"https:\/\/agora.xtec.cat\/escolamossencinto\/wp-json\/wp\/v2\/tags?post=9607"}],"curies":[{"name":"wp","href":"https:\/\/api.w.org\/{rel}","templated":true}]}}