{"id":9113,"date":"2020-04-20T01:00:07","date_gmt":"2020-04-19T23:00:07","guid":{"rendered":"http:\/\/agora.xtec.cat\/escolamossencinto\/?p=9113"},"modified":"2020-04-20T22:05:12","modified_gmt":"2020-04-20T20:05:12","slug":"sant-jordi-2","status":"publish","type":"post","link":"https:\/\/agora.xtec.cat\/escolamossencinto\/general\/sant-jordi-2\/","title":{"rendered":"SaNt  JoRdi"},"content":{"rendered":"<p>Benvolgudes families<\/p>\n<p>Aquest proper dimarts 23 d\u2019abril \u00e9s la diada de Sant Jordi. Per aix\u00f2, hem pensat proposar-vos un seguit d\u2019activitats relacionades amb aquesta festivitat que tant ens agrada!<\/p>\n<p>Per comen\u00e7ar, us deixem un enlla\u00e7 on podreu gaudir de la llegenda en imatges.<\/p>\n<p><a href=\"https:\/\/www.youtube.com\/watch?v=BFC31Yur52M\" target=\"_blank\" rel=\"noopener noreferrer\"><img loading=\"lazy\" decoding=\"async\" class=\"aligncenter wp-image-9036 size-full\" src=\"https:\/\/agora.xtec.cat\/escolamossencinto\/wp-content\/uploads\/usu829\/2020\/04\/llegenda-de-sant-jordi.jpg\" alt=\"\" width=\"233\" height=\"204\" \/><\/a><\/p>\n<p>Us ha agradat? Doncs ara, us proposem elaborar els personatges de la llegenda (el cavaller Sant Jordi, la princesa i el drac) amb tot el material que trobeu per casa, sigueu creatius! Us deixem alguns exemples i dibuixos per fer les vostres titelles.<\/p>\n<p style=\"text-align: center;\"><span style=\"color: #000080;\"><a style=\"color: #000080;\" href=\"https:\/\/drive.google.com\/drive\/folders\/1UbS6o-qOAjNBFZwJqvpYwWyY8hs9U1XK?usp=sharing\" target=\"_blank\" rel=\"noopener noreferrer\">Arxiu n\u00ba 1, 2, 3 i 4<\/a><\/span><\/p>\n<p>Un cop les tingueu fetes, animeu-vos a gravar un v\u00eddeo explicant la llegenda amb els personatges que heu creat! Si heu llegit la llegenda podreu fer molt b\u00e9 aquestes feines tan divertides!<\/p>\n<p style=\"text-align: center;\"><span style=\"color: #000080;\"><a style=\"color: #000080;\" href=\"https:\/\/drive.google.com\/drive\/folders\/1Mxf512R8ZGAELWDr9PpML3dqKoR0-U5L?usp=sharing\" target=\"_blank\" rel=\"noopener noreferrer\">Arxiu 5, 6, 7 i 8<\/a><\/span><\/p>\n<p>Com sabeu, Sant Jordi \u00e9s el dia del llibre i de la rosa. Per aix\u00f2, ens agradaria que f\u00e9ssiu les vostres pr\u00f2pies roses amb material de casa i ens envieu una foto. Tamb\u00e9 us la podeu fer amb un llibre que hagueu llegit i us hagi agradat molt, com hem fet nosaltres, mireu!<\/p>\n<p><a href=\"https:\/\/drive.google.com\/open?id=1ErrAV-4l49ohdcI74rcbR8CX_Q4k9dKb\" target=\"_blank\" rel=\"noopener noreferrer\"><img loading=\"lazy\" decoding=\"async\" class=\"wp-image-9026 size-full aligncenter\" src=\"https:\/\/agora.xtec.cat\/escolamossencinto\/wp-content\/uploads\/usu829\/2020\/04\/drac.jpg\" alt=\"\" width=\"308\" height=\"188\" srcset=\"https:\/\/agora.xtec.cat\/escolamossencinto\/wp-content\/uploads\/usu829\/2020\/04\/drac.jpg 308w, https:\/\/agora.xtec.cat\/escolamossencinto\/wp-content\/uploads\/usu829\/2020\/04\/drac-300x183.jpg 300w\" sizes=\"auto, (max-width: 308px) 100vw, 308px\" \/><\/a><\/p>\n<p style=\"text-align: center;\">Cliqueu aqu\u00ed per veure les imatges<\/p>\n<p>&nbsp;<\/p>\n<p>Si heu fet totes les activitats que us hem proposat, enhorabona! Ja podeu muntar a casa la vostra pr\u00f2pia paradeta de Sant Jordi! Escolliu un rac\u00f3 de casa vostra i poseu les vostres titelles de la llegenda, la rosa i tots els llibres que volgueu i que us agradin!<\/p>\n<p style=\"text-align: center;\"><a href=\"https:\/\/drive.google.com\/open?id=1FUF1_1Us5ILpN76IStnGSVajP6yjiAbn\" target=\"_blank\" rel=\"noopener noreferrer\"><img loading=\"lazy\" decoding=\"async\" class=\"aligncenter wp-image-9029 size-full\" src=\"https:\/\/agora.xtec.cat\/escolamossencinto\/wp-content\/uploads\/usu829\/2020\/04\/paradeta.gif\" alt=\"\" width=\"275\" height=\"245\" \/><\/a>Cliqueu aqu\u00ed per veure les imatges<\/p>\n<p>&nbsp;<\/p>\n<p>Aprofitant aquesta festivitat us animem a gaudir aquest <span style=\"color: #0000ff;\">rap de Sant Jordi<\/span><\/p>\n<p><a href=\"https:\/\/www.youtube.com\/watch?v=iQy_N8hXYxw\" target=\"_blank\" rel=\"noopener noreferrer\"><img loading=\"lazy\" decoding=\"async\" class=\"aligncenter wp-image-9020 size-medium\" src=\"https:\/\/agora.xtec.cat\/escolamossencinto\/wp-content\/uploads\/usu829\/2020\/04\/St-Jordi1-300x145.png\" alt=\"\" width=\"300\" height=\"145\" srcset=\"https:\/\/agora.xtec.cat\/escolamossencinto\/wp-content\/uploads\/usu829\/2020\/04\/St-Jordi1-300x145.png 300w, https:\/\/agora.xtec.cat\/escolamossencinto\/wp-content\/uploads\/usu829\/2020\/04\/St-Jordi1-768x372.png 768w, https:\/\/agora.xtec.cat\/escolamossencinto\/wp-content\/uploads\/usu829\/2020\/04\/St-Jordi1-1024x496.png 1024w, https:\/\/agora.xtec.cat\/escolamossencinto\/wp-content\/uploads\/usu829\/2020\/04\/St-Jordi1.png 1067w\" sizes=\"auto, (max-width: 300px) 100vw, 300px\" \/><\/a><\/p>\n<p>Si us atreviu podeu cantar-lo vosaltres mateixos sense ajuda dels cantants. Us deixo el <span style=\"color: #0000ff;\">Karaoke<\/span><\/p>\n<p><a href=\"https:\/\/www.youtube.com\/watch?v=uRLaPADeZjA&amp;t=37s\" target=\"_blank\" rel=\"noopener noreferrer\"><img loading=\"lazy\" decoding=\"async\" class=\"aligncenter wp-image-9020 size-medium\" src=\"https:\/\/agora.xtec.cat\/escolamossencinto\/wp-content\/uploads\/usu829\/2020\/04\/St-Jordi1-300x145.png\" alt=\"\" width=\"300\" height=\"145\" srcset=\"https:\/\/agora.xtec.cat\/escolamossencinto\/wp-content\/uploads\/usu829\/2020\/04\/St-Jordi1-300x145.png 300w, https:\/\/agora.xtec.cat\/escolamossencinto\/wp-content\/uploads\/usu829\/2020\/04\/St-Jordi1-768x372.png 768w, https:\/\/agora.xtec.cat\/escolamossencinto\/wp-content\/uploads\/usu829\/2020\/04\/St-Jordi1-1024x496.png 1024w, https:\/\/agora.xtec.cat\/escolamossencinto\/wp-content\/uploads\/usu829\/2020\/04\/St-Jordi1.png 1067w\" sizes=\"auto, (max-width: 300px) 100vw, 300px\" \/><\/a><\/p>\n<p>Que passeu una molt bona setmana de Sant Jordi! Esperem els vostres v\u00eddeos i fotos!<\/p>\n<p>Educaci\u00f3 F\u00edsica:\u00a0 <a href=\"https:\/\/view.genial.ly\/5e78c6d90fcfb90d9fa4dd48\" target=\"_blank\" rel=\"noopener noreferrer\">Movem-nos a casa formigues<\/a><br \/>\nReligi\u00f3:<a href=\"https:\/\/drive.google.com\/open?id=1p_upcM0QX0nPx8_lzcDQQ2SO4mUMveJA\" target=\"_blank\" rel=\"noopener noreferrer\"> cliqueu aqu\u00ed.<\/a><\/p>\n<p>Una abra\u00e7ada!<\/p>\n","protected":false},"excerpt":{"rendered":"<p>Benvolgudes families Aquest proper dimarts 23 d\u2019abril \u00e9s la diada de Sant Jordi. Per aix\u00f2, hem pensat proposar-vos un seguit d\u2019activitats relacionades amb aquesta festivitat que tant ens agrada! Per comen\u00e7ar, us deixem un enlla\u00e7 on podreu gaudir de la llegenda en imatges. Us ha agradat? Doncs ara, us proposem elaborar els personatges de la [&hellip;]<\/p>\n","protected":false},"author":1,"featured_media":0,"comment_status":"closed","ping_status":"closed","sticky":false,"template":"","format":"standard","meta":{"_bbp_topic_count":0,"_bbp_reply_count":0,"_bbp_total_topic_count":0,"_bbp_total_reply_count":0,"_bbp_voice_count":0,"_bbp_anonymous_reply_count":0,"_bbp_topic_count_hidden":0,"_bbp_reply_count_hidden":0,"_bbp_forum_subforum_count":0,"site-sidebar-layout":"default","site-content-layout":"","ast-site-content-layout":"","site-content-style":"default","site-sidebar-style":"default","ast-global-header-display":"","ast-banner-title-visibility":"","ast-main-header-display":"","ast-hfb-above-header-display":"","ast-hfb-below-header-display":"","ast-hfb-mobile-header-display":"","site-post-title":"","ast-breadcrumbs-content":"","ast-featured-img":"","footer-sml-layout":"","theme-transparent-header-meta":"","adv-header-id-meta":"","stick-header-meta":"","header-above-stick-meta":"","header-main-stick-meta":"","header-below-stick-meta":"","astra-migrate-meta-layouts":"default","ast-page-background-enabled":"default","ast-page-background-meta":{"desktop":{"background-color":"var(--ast-global-color-4)","background-image":"","background-repeat":"repeat","background-position":"center center","background-size":"auto","background-attachment":"scroll","background-type":"","background-media":"","overlay-type":"","overlay-color":"","overlay-opacity":"","overlay-gradient":""},"tablet":{"background-color":"","background-image":"","background-repeat":"repeat","background-position":"center center","background-size":"auto","background-attachment":"scroll","background-type":"","background-media":"","overlay-type":"","overlay-color":"","overlay-opacity":"","overlay-gradient":""},"mobile":{"background-color":"","background-image":"","background-repeat":"repeat","background-position":"center center","background-size":"auto","background-attachment":"scroll","background-type":"","background-media":"","overlay-type":"","overlay-color":"","overlay-opacity":"","overlay-gradient":""}},"ast-content-background-meta":{"desktop":{"background-color":"var(--ast-global-color-5)","background-image":"","background-repeat":"repeat","background-position":"center center","background-size":"auto","background-attachment":"scroll","background-type":"","background-media":"","overlay-type":"","overlay-color":"","overlay-opacity":"","overlay-gradient":""},"tablet":{"background-color":"var(--ast-global-color-5)","background-image":"","background-repeat":"repeat","background-position":"center center","background-size":"auto","background-attachment":"scroll","background-type":"","background-media":"","overlay-type":"","overlay-color":"","overlay-opacity":"","overlay-gradient":""},"mobile":{"background-color":"var(--ast-global-color-5)","background-image":"","background-repeat":"repeat","background-position":"center center","background-size":"auto","background-attachment":"scroll","background-type":"","background-media":"","overlay-type":"","overlay-color":"","overlay-opacity":"","overlay-gradient":""}},"footnotes":""},"categories":[11,1,5],"tags":[342],"class_list":["post-9113","post","type-post","status-publish","format-standard","hentry","category-2n","category-general","category-primaria","tag-ens-quedem-a-casa"],"post_mailing_queue_ids":[],"_links":{"self":[{"href":"https:\/\/agora.xtec.cat\/escolamossencinto\/wp-json\/wp\/v2\/posts\/9113","targetHints":{"allow":["GET"]}}],"collection":[{"href":"https:\/\/agora.xtec.cat\/escolamossencinto\/wp-json\/wp\/v2\/posts"}],"about":[{"href":"https:\/\/agora.xtec.cat\/escolamossencinto\/wp-json\/wp\/v2\/types\/post"}],"author":[{"embeddable":true,"href":"https:\/\/agora.xtec.cat\/escolamossencinto\/wp-json\/wp\/v2\/users\/1"}],"replies":[{"embeddable":true,"href":"https:\/\/agora.xtec.cat\/escolamossencinto\/wp-json\/wp\/v2\/comments?post=9113"}],"version-history":[{"count":3,"href":"https:\/\/agora.xtec.cat\/escolamossencinto\/wp-json\/wp\/v2\/posts\/9113\/revisions"}],"predecessor-version":[{"id":9333,"href":"https:\/\/agora.xtec.cat\/escolamossencinto\/wp-json\/wp\/v2\/posts\/9113\/revisions\/9333"}],"wp:attachment":[{"href":"https:\/\/agora.xtec.cat\/escolamossencinto\/wp-json\/wp\/v2\/media?parent=9113"}],"wp:term":[{"taxonomy":"category","embeddable":true,"href":"https:\/\/agora.xtec.cat\/escolamossencinto\/wp-json\/wp\/v2\/categories?post=9113"},{"taxonomy":"post_tag","embeddable":true,"href":"https:\/\/agora.xtec.cat\/escolamossencinto\/wp-json\/wp\/v2\/tags?post=9113"}],"curies":[{"name":"wp","href":"https:\/\/api.w.org\/{rel}","templated":true}]}}