{"id":8678,"date":"2020-04-14T10:09:29","date_gmt":"2020-04-14T08:09:29","guid":{"rendered":"http:\/\/agora.xtec.cat\/escolamossencinto\/?p=8678"},"modified":"2020-06-15T12:14:51","modified_gmt":"2020-06-15T10:14:51","slug":"tasques-setmana-del-14-al-17-dabril","status":"publish","type":"post","link":"https:\/\/agora.xtec.cat\/escolamossencinto\/primaria\/4t\/tasques-setmana-del-14-al-17-dabril\/","title":{"rendered":"Tasques (Setmana del 14 al 17 d&#8217;abril)"},"content":{"rendered":"<p><strong>Hola alumnes i fam\u00edlies!<\/strong><\/p>\n<p><span class=\"\">Primer de tot, desitgem que estigueu b\u00e9 de salut. La situaci\u00f3 \u00e9s nova i estranya per a tots, per\u00f2 farem el possible per a seguir caminant junts, per a seguir aprenent i consolidant habilitats i conceptes b\u00e0sics i competencials. A continuaci\u00f3 us explicarem com adaptarem la nostra feina durant aquest 3r trimestre.<\/span><\/p>\n<p><span class=\"\">La <strong>IDEA PRINCIPAL<\/strong> ser\u00e0: <\/span><\/p>\n<p><span class=\"\">Cada<strong> <span style=\"color: #ff0000;\">dilluns<\/span><\/strong> (en aquest cas \u00e9s dimarts) penjarem al bloc totes les activitats que caldr\u00e0 fer durant una setmana. El dia m\u00e0xim per a entregar-les ser\u00e0 el <strong><span style=\"color: #ff0000;\">divendres<\/span><\/strong>. Algunes activitats s&#8217;enviaran per correu electr\u00f2nic (documents word, pdf, fotos, videos&#8230;) i altres tasques, com els q\u00fcestionaris, es faran directament a internet. Us explicarem com s&#8217;han fer, una per una, no us preocupeu. Aquestes activitats S\u00cd seran <strong>avaluables<\/strong>.<\/span><\/p>\n<p><span class=\"\">Expliquem la <strong>FORMA DE FUNCIONAR<\/strong>:<\/span><\/p>\n<p><span class=\"\"> L&#8217;horari i l&#8217;organitzaci\u00f3 els decidiu vosaltres. Cadasc\u00fa t\u00e9 una situaci\u00f3 diferent a casa i no volem repetir l&#8217;horari tancat que far\u00edem a l&#8217;aula. Aneu fent la feina quan pugueu, per\u00f2 el divendres, com a m\u00e0xim, s&#8217;haur\u00e0 d&#8217;entregar. Ens la podeu enviar abans si la teniu feta, d&#8217;acord? Us recomanem que quan acabeu una tasca, l&#8217;envieu per correu. No hi ha problema a enviar molts correus durant una setmana. Si teniu qualsevol dubte, envieu un correu al vostre tutor i el solucionarem! De cada \u00e0rea posarem tasques i el correu on s&#8217;han d&#8217;enviar.<\/span><span class=\"\"> A mode de resum:<\/span><\/p>\n<table style=\"width: 559px; height: 255px;\">\n<tbody>\n<tr>\n<td style=\"width: 181px;\">\n<pre><span style=\"font-size: 16px;\">\u00c0REA<\/span><\/pre>\n<\/td>\n<td style=\"width: 214px;\">\n<pre><span style=\"font-size: 16px;\">4A<\/span><\/pre>\n<\/td>\n<td style=\"width: 214px;\">\n<pre><span style=\"font-size: 16px;\">4B<\/span><\/pre>\n<\/td>\n<\/tr>\n<tr>\n<td style=\"width: 181px;\">\n<pre style=\"font-family: 'Helvetica Neue', Helvetica, Helvetica, Arial, sans-serif; font-size: 16px;\"><span class=\"\">LLENGUA CATALANA<\/span><\/pre>\n<pre><span class=\"\"><span style=\"font-size: 16px; background-color: #ffffff;\">LLENGUA CASTELLANA<\/span>\r\n<\/span><\/pre>\n<pre><span style=\"font-size: 16px; background-color: #ffffff;\">MATEM\u00c0TIQUES<\/span><\/pre>\n<\/td>\n<td style=\"width: 214px;\">\n<pre><span style=\"font-size: 16px; background-color: #ffffff;\">esafont<\/span><span class=\"\" style=\"font-size: 16px; background-color: #ffffff;\">@mcvrubi.cat<\/span><\/pre>\n<\/td>\n<td style=\"width: 214px;\">\n<pre><span style=\"font-size: 16px; background-color: #ffffff;\">mcabestany<\/span>@mcvrubi.cat<\/pre>\n<\/td>\n<\/tr>\n<tr>\n<td style=\"width: 181px;\">\n<pre><span style=\"font-size: 16px;\">LLENGUA ANGLESA<\/span><\/pre>\n<\/td>\n<td style=\"width: 214px;\">\n<pre><span style=\"font-size: 16px;\">edabouza@mcvrubi.cat<\/span><\/pre>\n<\/td>\n<td style=\"width: 214px;\">\n<pre><span style=\"font-size: 16px;\">edabouza@mcvrubi.cat<\/span><\/pre>\n<\/td>\n<\/tr>\n<tr>\n<td style=\"width: 181px;\">\n<pre><span style=\"font-size: 16px; background-color: #ffffff;\">MEDI\/LABORATORI<\/span><\/pre>\n<\/td>\n<td style=\"width: 214px;\">\n<pre><span style=\"font-size: 16px; background-color: #ffffff;\">esafont<\/span><span class=\"\" style=\"font-size: 16px; background-color: #ffffff;\">@mcvrubi.ca<\/span><span style=\"font-size: 16px; background-color: #ffffff;\">t<\/span><\/pre>\n<\/td>\n<td style=\"width: 214px;\">\n<pre><span style=\"font-size: 16px; background-color: #ffffff;\">esafont@mcvrubi.cat<\/span><\/pre>\n<\/td>\n<\/tr>\n<tr>\n<td style=\"width: 181px;\">\n<pre><span style=\"font-size: 16px;\">A&amp;C<\/span><\/pre>\n<\/td>\n<td style=\"width: 214px;\">\n<pre><span style=\"font-size: 16px;\">yandreu@mcvrubi.cat<\/span><\/pre>\n<\/td>\n<td style=\"width: 214px;\">\n<pre><span style=\"font-size: 16px;\">yandreu@mcvrubi.cat<\/span><\/pre>\n<\/td>\n<\/tr>\n<tr>\n<td style=\"width: 181px;\">\n<pre><span style=\"font-size: 16px; background-color: #ffffff;\">M\u00daSICA<\/span><\/pre>\n<\/td>\n<td style=\"width: 214px;\">\n<pre><span style=\"font-size: 16px; background-color: #ffffff;\">jestupina@mcvrubi.cat<\/span><\/pre>\n<\/td>\n<td style=\"width: 214px;\">\n<pre><span style=\"font-size: 16px; background-color: #ffffff;\">jestupina@mcvrubi.cat<\/span><\/pre>\n<\/td>\n<\/tr>\n<tr>\n<td style=\"width: 181px;\">\n<pre><span style=\"font-size: 16px;\">EDUCACI\u00d3 F\u00cdSICA<\/span><\/pre>\n<\/td>\n<td style=\"width: 214px;\">\n<pre><span style=\"font-size: 16px;\">mcabestany<\/span><span class=\"\" style=\"font-size: 16px;\">@mcvrubi.ca<\/span><span style=\"font-size: 16px;\">t<\/span><\/pre>\n<\/td>\n<td style=\"width: 214px;\">\n<pre><span style=\"font-size: 16px;\">mcabestany<\/span><span class=\"\" style=\"font-size: 16px;\">@mcvrubi.ca<\/span><span style=\"font-size: 16px;\">t<\/span><\/pre>\n<\/td>\n<\/tr>\n<tr>\n<td style=\"width: 181px;\">\n<pre><span style=\"font-size: 16px; background-color: #ffffff;\">VALORS<\/span><\/pre>\n<\/td>\n<td style=\"width: 214px;\">\n<pre><span class=\"\" style=\"font-size: 16px; background-color: #ffffff;\">esafont<span class=\"\"><span class=\"\"><span class=\"\">@mcvrubi.ca<\/span><\/span><\/span><\/span><span class=\"\" style=\"font-size: 16px; background-color: #ffffff;\">t<\/span><\/pre>\n<\/td>\n<td style=\"width: 214px;\">\n<pre><span style=\"font-size: 16px; background-color: #ffffff;\">esafont<\/span>@mcvrubi.cat<\/pre>\n<\/td>\n<\/tr>\n<tr>\n<td style=\"width: 181px;\">\n<pre>RELIGI\u00d3<span style=\"font-size: 16px; background-color: #ffffff;\">\r\n<\/span><\/pre>\n<\/td>\n<td style=\"width: 214px;\">\n<pre><span class=\"\" style=\"font-size: 16px; background-color: #ffffff;\">erodr42@xtec.cat\r\n<\/span><\/pre>\n<\/td>\n<td style=\"width: 214px;\">\n<pre>erodr42@xtec.cat<span style=\"font-size: 16px; background-color: #ffffff;\">\r\n<\/span><\/pre>\n<\/td>\n<\/tr>\n<\/tbody>\n<\/table>\n<p>A continuaci\u00f3 us presentem les <strong>activitats proposades<\/strong> per aquesta setmana.<\/p>\n<table style=\"width: 494px; height: 737px;\">\n<tbody>\n<tr style=\"height: 32px;\">\n<td style=\"background-color: #157ceb; height: 32px; width: 125px;\"><strong>MATES<\/strong><\/td>\n<td style=\"width: 361px; height: 32px;\"><span style=\"font-size: 16px;\">Una mica de\u00a0<\/span><em style=\"font-size: 16px;\">treball sistem\u00e0tic<\/em><span style=\"font-size: 16px;\">&#8230; (a la llibreta)<\/span><\/p>\n<p>Seguim amb les <strong>fraccions:<\/strong><\/p>\n<p>Llegeix el text de la p\u00e0gina 96 i fes els exercici 1, 2 i 3 de la p\u00e0gina 97.<\/p>\n<p>Ex 4 p\u00e0g. 97 i copiar la informaci\u00f3 sobre <em>la meitat i el ter\u00e7<\/em> que est\u00e0 enquadrada.<\/p>\n<p>P\u00e0g. 98, copiar definici\u00f3 de <em>numerador, denominador<\/em> i la <em>taula<\/em> que hi ha a sota.<\/p>\n<p>P\u00e0g. 99, llegir quadre i fer ex 9. A continuaci\u00f3 fes l&#8217;exercici 10 (problemes).<\/p>\n<p>Podeu veure un video sobre fraccions <a href=\"https:\/\/youtu.be\/wtarlG2TM_w\">aqu\u00ed<\/a>.<\/p>\n<p>Finalment, repassem les divisions d&#8217;1 xifra i de 2:<\/p>\n<p>6528:7 \u00a0 \u00a0 \u00a0 \u00a0 8309:4 \u00a0 \u00a0 \u00a0 \u00a0 1762:5 \u00a0 \u00a0 \u00a0 \u00a0 2016:6 \u00a0 \u00a0 \u00a0 \u00a0 \u00a0 \u00a0 638:24 \u00a0 \u00a0 \u00a0 \u00a0 70125:36 \u00a0 \u00a0 \u00a0 \u00a0 5270:10 \u00a0 \u00a0 \u00a0 \u00a087512:95<\/p>\n<p><strong>Heu de fer una foto als exercicis que heu fet a la llibreta i ens l&#8217;envieu al correu dels tutors.<\/strong><\/td>\n<\/tr>\n<tr style=\"height: 46px;\">\n<td style=\"background-color: #eb153c; height: 46px; width: 125px;\"><strong>LLENGUA<\/strong><\/td>\n<td style=\"width: 361px; height: 46px;\"><span style=\"font-size: 16px; background-color: #ffffff;\">Preparats\/des per un\u00a0<\/span><em style=\"font-size: 16px; background-color: #ffffff;\">repte<\/em><span style=\"font-size: 16px; background-color: #ffffff;\">?<\/span><\/p>\n<p>Comen\u00e7areu escrivint i acabareu parlant&#8230; en catal\u00e0 i en castell\u00e0.<\/p>\n<p>Us passem dos documents <strong>WORD<\/strong> (sobre els que podreu treballar, NO CAL IMPRIMIR).<\/p>\n<p>Heu de<strong> llegir b\u00e9 les instruccions, completar les taules<\/strong> i preparar-vos per a parlar. L&#8217;objectiu final \u00e9s gravar i enviar <strong>dos videos <\/strong>on sortiu vosaltres parlant, 1 en catal\u00e0 i 1 en castell\u00e0. La durada ha de ser d&#8217;entre 30 segons i 1 minut.<\/p>\n<p>Heu d&#8217;entregar:<\/p>\n<p><strong>2 documents WORD omplerts<\/strong><\/p>\n<p><strong>2 videos (30&#8243;-1&#8242;) (<em>APLICACI\u00d3 WETRANSFER)<\/em><\/strong><\/p>\n<p><a href=\"https:\/\/agora.xtec.cat\/escolamossencinto\/wp-content\/uploads\/usu829\/2020\/04\/catala-expressio-oral.docx.docx\">catala-expressio-oral.docx<\/a><\/p>\n<p><a href=\"https:\/\/agora.xtec.cat\/escolamossencinto\/wp-content\/uploads\/usu829\/2020\/04\/castellano-expresi\u00f3n-oral.docx.docx\">castellano-expresi\u00f3n-oral.docx<\/a><\/td>\n<\/tr>\n<tr style=\"height: 101px;\">\n<td style=\"background-color: #15eb19; height: 101px; width: 125px;\"><strong>Medi\/Laboratori<\/strong><\/td>\n<td style=\"width: 361px; height: 101px;\">\n<p style=\"font-family: 'Helvetica Neue', Helvetica, Helvetica, Arial, sans-serif; font-size: 16px;\">Us proposem un repte de laboratori cient\u00edfics del cinto! Aqu\u00ed teniu la explicaci\u00f3:(Eloi)<\/p>\n<p><a href=\"https:\/\/agora.xtec.cat\/escolamossencinto\/wp-content\/uploads\/usu829\/2020\/04\/PROPOSTA-LABORATORI-13-17-abril-5.pdf\">Proposta Laboratori 13-17 abril<\/a><\/td>\n<\/tr>\n<tr style=\"height: 31px;\">\n<td style=\"background-color: #15ebb9; height: 31px; width: 125px;\"><strong>ANGL\u00c8S<\/strong><\/td>\n<td style=\"width: 361px; height: 31px;\">This week we are going to focus on unit 4. And what do you have to do?<\/p>\n<p>Do the tasks found in the <strong>word<\/strong> document (<strong>obligatori<\/strong>)<\/p>\n<p>Whoever wants to do more work can do the tasks found in the <strong>PDF<\/strong>s. You can print the documents or make it oral\u00a0(<strong>voluntari<\/strong>) (Ester)<\/p>\n<p><a href=\"https:\/\/agora.xtec.cat\/escolamossencinto\/wp-content\/uploads\/usu829\/2020\/04\/4th-grade-English-week-14-to-17-April.docx\"><strong>WORD<\/strong> \u00a0 \u00a0 4th grade English week 14 to 17 April<\/a><\/p>\n<p><a href=\"https:\/\/agora.xtec.cat\/escolamossencinto\/wp-content\/uploads\/usu829\/2020\/04\/city_places_word_search1.pdf\"><strong>PDFs \u00a0<\/strong> \u00a0 \u00a0 \u00a0 \u00a0city_places_word_search1<\/a>\u00a0 \u00a0 \u00a0<a href=\"https:\/\/agora.xtec.cat\/escolamossencinto\/wp-content\/uploads\/usu829\/2020\/04\/buildings-in-my-town.pdf\">buildings in my town<\/a>\u00a0 \u00a0 \u00a0<a href=\"https:\/\/agora.xtec.cat\/escolamossencinto\/wp-content\/uploads\/usu829\/2020\/04\/city_places_matching1.pdf\">city_places_matching1<\/a>\u00a0 \u00a0\u00a0<a href=\"https:\/\/agora.xtec.cat\/escolamossencinto\/wp-content\/uploads\/usu829\/2020\/04\/weathermtch.pdf\">weathermtch<\/a><\/td>\n<\/tr>\n<tr style=\"height: 106px;\">\n<td style=\"background-color: #ebe315; height: 106px; width: 125px;\"><strong>Arts and Crafts<\/strong><\/p>\n<p style=\"text-align: center;\"><strong>(A&amp;C)<\/strong><\/p>\n<\/td>\n<td style=\"width: 361px; height: 106px;\">\n<p style=\"font-family: 'Helvetica Neue', Helvetica, Helvetica, Arial, sans-serif; font-size: 16px;\">En aquesta tasca posarem a prova la vostra creativitat:<\/p>\n<p style=\"font-family: 'Helvetica Neue', Helvetica, Helvetica, Arial, sans-serif; font-size: 16px;\"><a href=\"https:\/\/agora.xtec.cat\/escolamossencinto\/wp-content\/uploads\/usu829\/2020\/04\/AC-tasks-13-17-April-1.pdf\">A&amp;C tasks 13-17 April<\/a><\/p>\n<p>Envieu les fotos al correu de la Yusell.<\/td>\n<\/tr>\n<tr style=\"height: 221px;\">\n<td style=\"background-color: #95a19e; height: 221px; width: 125px;\"><strong>ED F\u00cdSICA<\/strong><\/td>\n<td style=\"width: 361px; height: 221px;\">\n<p style=\"font-family: 'Helvetica Neue', Helvetica, Helvetica, Arial, sans-serif; font-size: 16px;\">Hola esportistes!<\/p>\n<p style=\"font-family: 'Helvetica Neue', Helvetica, Helvetica, Arial, sans-serif; font-size: 16px;\">Us presentem un joc que podeu fer en fam\u00edlia. A 5\u00e8 i a 6\u00e8, aquesta setmana, tamb\u00e9 el faran.<\/p>\n<p style=\"font-family: 'Helvetica Neue', Helvetica, Helvetica, Arial, sans-serif; font-size: 16px;\">S\u00f3n reptes d&#8217;activitat f\u00edsica a casa, hi jugues? L&#8217;\u00fanic que volem \u00e9s que ens envieu una foto (Marc) mentre feu algun dels exercicis.<\/p>\n<p style=\"font-family: 'Helvetica Neue', Helvetica, Helvetica, Arial, sans-serif; font-size: 16px;\"><a href=\"http:\/\/www.mouelcos.cat\/?p=89574\">http:\/\/www.mouelcos.cat\/?p=89574<\/a><\/p>\n<\/td>\n<\/tr>\n<tr style=\"height: 106px;\">\n<td style=\"background-color: #15ebb9; height: 106px; width: 125px;\"><strong>RELIGI\u00d3<\/strong><\/td>\n<td style=\"width: 361px; height: 106px;\">\n<div style=\"font-size: 16px;\">Es tracta de mirar per youtube aquest video:<\/div>\n<div style=\"font-size: 16px;\"><\/div>\n<div style=\"font-size: 16px;\"><a href=\"https:\/\/www.youtube.com\/watch?v=QY7269eag7I\" target=\"_blank\" rel=\"noopener noreferrer\" data-saferedirecturl=\"https:\/\/www.google.com\/url?q=https:\/\/www.youtube.com\/watch?v%3DQY7269eag7I&amp;source=gmail&amp;ust=1586879625420000&amp;usg=AFQjCNH1aQCaXH-XOgzQpwksQGQWjFToxQ\">https:\/\/www.youtube.com\/watch?v=QY7269eag7I<\/a><\/div>\n<div style=\"font-size: 16px;\"><\/div>\n<div style=\"font-size: 16px;\">-Fer la tasca que s&#8217;explica al final.<\/div>\n<div style=\"font-size: 16px;\">-Escriure dos o tres frases per correu explicant com us ha anat la tasca.(Elena)<\/div>\n<\/td>\n<\/tr>\n<tr style=\"height: 131px;\">\n<td style=\"background-color: #eb7215; height: 94px; width: 125px;\"><strong>VALORS<\/strong><\/td>\n<td style=\"width: 361px; height: 94px;\">\n<div style=\"font-size: 16px;\">\n<p style=\"text-align: left;\">Entreu a la carpeta seg\u00fcent, mireu el video, contesteu les preguntes i envieu. Els resultats arriben directament al mestre:(Eloi)<\/p>\n<p><a href=\"https:\/\/docs.google.com\/forms\/d\/e\/1FAIpQLSc8JgeT83JKQiT43KAzHYjh7PlB8IbVMcBCSlXI_S1gUMyHhg\/viewform?usp=sf_link\"><img loading=\"lazy\" decoding=\"async\" class=\"alignnone wp-image-8839\" src=\"https:\/\/agora.xtec.cat\/escolamossencinto\/wp-content\/uploads\/usu829\/2020\/04\/Captura-de-pantalla-370.png\" alt=\"\" width=\"95\" height=\"62\" \/><\/a><\/p>\n<\/div>\n<\/td>\n<\/tr>\n<\/tbody>\n<\/table>\n<p>&nbsp;<\/p>\n<div class=\"gs\" style=\"text-align: left;\">\n<div class=\"\">\n<div id=\":a4\" class=\"ii gt\">\n<div id=\":a5\" class=\"a3s aXjCH \">\n<div class=\"gmail_quote\">\n<div dir=\"ltr\">\n<div><\/div>\n<\/div>\n<\/div>\n<\/div>\n<\/div>\n<div id=\":95\" class=\"hq gt a10\">\n<div id=\":6l\" class=\"aQH\">\n<div aria-hidden=\"true\">\n<div class=\"aSI\">\n<div id=\":al\" class=\"aSJ\"><\/div>\n<\/div>\n<\/div>\n<div class=\"aZK\"><\/div>\n<\/div>\n<\/div>\n<div><\/div>\n<\/div>\n<\/div>\n","protected":false},"excerpt":{"rendered":"<p>Hola alumnes i fam\u00edlies! Primer de tot, desitgem que estigueu b\u00e9 de salut. La situaci\u00f3 \u00e9s nova i estranya per a tots, per\u00f2 farem el possible per a seguir caminant junts, per a seguir aprenent i consolidant habilitats i conceptes b\u00e0sics i competencials. A continuaci\u00f3 us explicarem com adaptarem la nostra feina durant aquest 3r [&hellip;]<\/p>\n","protected":false},"author":5,"featured_media":0,"comment_status":"closed","ping_status":"closed","sticky":false,"template":"","format":"standard","meta":{"_bbp_topic_count":0,"_bbp_reply_count":0,"_bbp_total_topic_count":0,"_bbp_total_reply_count":0,"_bbp_voice_count":0,"_bbp_anonymous_reply_count":0,"_bbp_topic_count_hidden":0,"_bbp_reply_count_hidden":0,"_bbp_forum_subforum_count":0,"site-sidebar-layout":"default","site-content-layout":"","ast-site-content-layout":"","site-content-style":"default","site-sidebar-style":"default","ast-global-header-display":"","ast-banner-title-visibility":"","ast-main-header-display":"","ast-hfb-above-header-display":"","ast-hfb-below-header-display":"","ast-hfb-mobile-header-display":"","site-post-title":"","ast-breadcrumbs-content":"","ast-featured-img":"","footer-sml-layout":"","theme-transparent-header-meta":"","adv-header-id-meta":"","stick-header-meta":"","header-above-stick-meta":"","header-main-stick-meta":"","header-below-stick-meta":"","astra-migrate-meta-layouts":"default","ast-page-background-enabled":"default","ast-page-background-meta":{"desktop":{"background-color":"var(--ast-global-color-4)","background-image":"","background-repeat":"repeat","background-position":"center center","background-size":"auto","background-attachment":"scroll","background-type":"","background-media":"","overlay-type":"","overlay-color":"","overlay-opacity":"","overlay-gradient":""},"tablet":{"background-color":"","background-image":"","background-repeat":"repeat","background-position":"center center","background-size":"auto","background-attachment":"scroll","background-type":"","background-media":"","overlay-type":"","overlay-color":"","overlay-opacity":"","overlay-gradient":""},"mobile":{"background-color":"","background-image":"","background-repeat":"repeat","background-position":"center center","background-size":"auto","background-attachment":"scroll","background-type":"","background-media":"","overlay-type":"","overlay-color":"","overlay-opacity":"","overlay-gradient":""}},"ast-content-background-meta":{"desktop":{"background-color":"var(--ast-global-color-5)","background-image":"","background-repeat":"repeat","background-position":"center center","background-size":"auto","background-attachment":"scroll","background-type":"","background-media":"","overlay-type":"","overlay-color":"","overlay-opacity":"","overlay-gradient":""},"tablet":{"background-color":"var(--ast-global-color-5)","background-image":"","background-repeat":"repeat","background-position":"center center","background-size":"auto","background-attachment":"scroll","background-type":"","background-media":"","overlay-type":"","overlay-color":"","overlay-opacity":"","overlay-gradient":""},"mobile":{"background-color":"var(--ast-global-color-5)","background-image":"","background-repeat":"repeat","background-position":"center center","background-size":"auto","background-attachment":"scroll","background-type":"","background-media":"","overlay-type":"","overlay-color":"","overlay-opacity":"","overlay-gradient":""}},"footnotes":""},"categories":[13],"tags":[],"class_list":["post-8678","post","type-post","status-publish","format-standard","hentry","category-4t"],"post_mailing_queue_ids":[],"_links":{"self":[{"href":"https:\/\/agora.xtec.cat\/escolamossencinto\/wp-json\/wp\/v2\/posts\/8678","targetHints":{"allow":["GET"]}}],"collection":[{"href":"https:\/\/agora.xtec.cat\/escolamossencinto\/wp-json\/wp\/v2\/posts"}],"about":[{"href":"https:\/\/agora.xtec.cat\/escolamossencinto\/wp-json\/wp\/v2\/types\/post"}],"author":[{"embeddable":true,"href":"https:\/\/agora.xtec.cat\/escolamossencinto\/wp-json\/wp\/v2\/users\/5"}],"replies":[{"embeddable":true,"href":"https:\/\/agora.xtec.cat\/escolamossencinto\/wp-json\/wp\/v2\/comments?post=8678"}],"version-history":[{"count":5,"href":"https:\/\/agora.xtec.cat\/escolamossencinto\/wp-json\/wp\/v2\/posts\/8678\/revisions"}],"predecessor-version":[{"id":11629,"href":"https:\/\/agora.xtec.cat\/escolamossencinto\/wp-json\/wp\/v2\/posts\/8678\/revisions\/11629"}],"wp:attachment":[{"href":"https:\/\/agora.xtec.cat\/escolamossencinto\/wp-json\/wp\/v2\/media?parent=8678"}],"wp:term":[{"taxonomy":"category","embeddable":true,"href":"https:\/\/agora.xtec.cat\/escolamossencinto\/wp-json\/wp\/v2\/categories?post=8678"},{"taxonomy":"post_tag","embeddable":true,"href":"https:\/\/agora.xtec.cat\/escolamossencinto\/wp-json\/wp\/v2\/tags?post=8678"}],"curies":[{"name":"wp","href":"https:\/\/api.w.org\/{rel}","templated":true}]}}