{"id":8366,"date":"2020-04-04T13:50:17","date_gmt":"2020-04-04T11:50:17","guid":{"rendered":"http:\/\/agora.xtec.cat\/escolamossencinto\/?p=8366"},"modified":"2020-04-27T19:30:55","modified_gmt":"2020-04-27T17:30:55","slug":"com-esteu-us-trobem-molt-a-faltar","status":"publish","type":"post","link":"https:\/\/agora.xtec.cat\/escolamossencinto\/portada\/com-esteu-us-trobem-molt-a-faltar\/","title":{"rendered":"Com esteu? Us trobem molt a faltar!"},"content":{"rendered":"<p>Benvolgudes i benvolguts alumnes, fam\u00edlies i resta de comunitat educativa,<\/p>\n<p>Primer de tot us volem transmetre tota l&#8217;estimaci\u00f3 i suport en aquests moments tan dif\u00edcils!<\/p>\n<p>Som conscients que alguns de vosaltres esteu patint molt per salut, per l&#8217;economia, l&#8217;a\u00efllament&#8230;<\/p>\n<p>Des de l&#8217;escola us volem enviar molts petons i abra\u00e7ades, esteu fent que ben aviat tot aix\u00f2 s&#8217;acabi i ens hagi servit per millorar.<\/p>\n<p>Des de la direcci\u00f3 de l&#8217;escola i des de l&#8217;AFA hem engegat una campanya per tal de saber quina situaci\u00f3 real teniu a casa quant a la connectivitat d&#8217;internet, si teniu ordinadors o tablets i si disposeu de tel\u00e8fons m\u00f2bils amb connexi\u00f3 a internet.<\/p>\n<p>Tamb\u00e9 us recordem que \u00e9s molt important que aviseu a totes les fam\u00edlies que encara no s&#8217;han subscrit a aquest bloc que ho facin!<\/p>\n<p>Moltes de vosaltres ja esteu contestant als grups de what&#8217;sapp i ara, a m\u00e9s, ho podreu fer mitjan\u00e7ant l&#8217;enquesta google que us proporcionem abaix.<\/p>\n<p>Com sabeu pels mitjans de comunicaci\u00f3 l&#8217;escola funcionar\u00e0 &#8220;en l\u00ednia (treballant amb l&#8217;ordinador o tablet o m\u00f2bil des de casa)&#8221; a partir del dia 14 d&#8217;abril, despr\u00e9s de Setmana Santa. Us fem cinc c\u00e8ntims de com ser\u00e0 segons la proposta del Departament d&#8217;Educaci\u00f3 de la Generalitat perqu\u00e8 no us amo\u00efneu!:<\/p>\n<ul>\n<li>El professorat us far\u00e0 reptes educatius com fins ara a trav\u00e9s d&#8217;aquest mateix bloc.<\/li>\n<li>Aquestes feines es posaran a inicis de setmana (dilluns) i s&#8217;aniran lliurant als correus del professorat al llarg de la setmana, fins el seg\u00fcent dilluns.<\/li>\n<li>Aix\u00f2 implica que NO es tracta de fer classes de dilluns a divendres de 9h a 16:30h. Al contrari, les fam\u00edlies i alumnes teniu l&#8217;horari obert segons les vostres necessitats.<\/li>\n<li>A P3, P4, P5, 1r, 2n, 3r i 4t treballareu des del bloc i amb correu electr\u00f2nic.<\/li>\n<li>A 5\u00e8 i 6\u00e8 treballareu tamb\u00e9 des del bloc i el correu electr\u00f2nic i des del classroom.<\/li>\n<li>Els continguts dels reptes poden suposar avan\u00e7ar continguts i el professorat prendr\u00e0 nota i avaluar\u00e0 la participaci\u00f3 i el que retorneu per e-mail.<\/li>\n<li>Recordeu que seguim instruccions del Departament d&#8217;educaci\u00f3 i que aquestes poden canviar en qualsevol moment!.<\/li>\n<li>Sempre que hi hagi un canvi d&#8217;instruccions del Departament d&#8217;Educaci\u00f3 us avisarem per mitj\u00e0 d&#8217;aquest bloc.<\/li>\n<\/ul>\n<p>Properament us farem a mans un llistat de correus del vostre professorat (molts ja estan publicats als diferents subblocs d&#8217;aquest mateix bloc) perqu\u00e8 tingueu acc\u00e9s directe a dubtes i inquietuds.<\/p>\n<p>Nom\u00e9s volem recordar-vos que en tot moment serem flexibles i us demanem que vosaltres tamb\u00e9 ho sigueu!<\/p>\n<p>La situaci\u00f3 \u00e9s \u00fanica i afecta molt\u00edssim als nostres alumnes, per\u00f2 tamb\u00e9 entenem i enteneu que hi ha o pot haver pares, mares, avis, \u00e0vies, oncles, tietes, mestres, etc malalts o en situacions molt delicades!<\/p>\n<p>Moltes gr\u00e0cies per la vostra col\u00b7laboraci\u00f3. Entre tots ho superarem!<\/p>\n<p>La direcci\u00f3<\/p>\n<p style=\"text-align: center;\"><strong><a href=\"https:\/\/forms.gle\/yphJ5DZcDhpXN3o4A\" target=\"_blank\" rel=\"noopener noreferrer\">Enquesta a omplir per les fam\u00edlies.<\/a><\/strong><\/p>\n<p><em>#joemquedoacasa \u00a0 \u00a0 \u00a0 #totanirabe \u00a0 \u00a0 \u00a0 \u00a0 \u00a0#joactuo<\/em><\/p>\n","protected":false},"excerpt":{"rendered":"<p>Benvolgudes i benvolguts alumnes, fam\u00edlies i resta de comunitat educativa, Primer de tot us volem transmetre tota l&#8217;estimaci\u00f3 i suport en aquests moments tan dif\u00edcils! Som conscients que alguns de vosaltres esteu patint molt per salut, per l&#8217;economia, l&#8217;a\u00efllament&#8230; Des de l&#8217;escola us volem enviar molts petons i abra\u00e7ades, esteu fent que ben aviat tot [&hellip;]<\/p>\n","protected":false},"author":1,"featured_media":0,"comment_status":"closed","ping_status":"closed","sticky":false,"template":"","format":"standard","meta":{"_bbp_topic_count":0,"_bbp_reply_count":0,"_bbp_total_topic_count":0,"_bbp_total_reply_count":0,"_bbp_voice_count":0,"_bbp_anonymous_reply_count":0,"_bbp_topic_count_hidden":0,"_bbp_reply_count_hidden":0,"_bbp_forum_subforum_count":0,"site-sidebar-layout":"default","site-content-layout":"","ast-site-content-layout":"","site-content-style":"default","site-sidebar-style":"default","ast-global-header-display":"","ast-banner-title-visibility":"","ast-main-header-display":"","ast-hfb-above-header-display":"","ast-hfb-below-header-display":"","ast-hfb-mobile-header-display":"","site-post-title":"","ast-breadcrumbs-content":"","ast-featured-img":"","footer-sml-layout":"","theme-transparent-header-meta":"","adv-header-id-meta":"","stick-header-meta":"","header-above-stick-meta":"","header-main-stick-meta":"","header-below-stick-meta":"","astra-migrate-meta-layouts":"default","ast-page-background-enabled":"default","ast-page-background-meta":{"desktop":{"background-color":"var(--ast-global-color-4)","background-image":"","background-repeat":"repeat","background-position":"center center","background-size":"auto","background-attachment":"scroll","background-type":"","background-media":"","overlay-type":"","overlay-color":"","overlay-opacity":"","overlay-gradient":""},"tablet":{"background-color":"","background-image":"","background-repeat":"repeat","background-position":"center center","background-size":"auto","background-attachment":"scroll","background-type":"","background-media":"","overlay-type":"","overlay-color":"","overlay-opacity":"","overlay-gradient":""},"mobile":{"background-color":"","background-image":"","background-repeat":"repeat","background-position":"center center","background-size":"auto","background-attachment":"scroll","background-type":"","background-media":"","overlay-type":"","overlay-color":"","overlay-opacity":"","overlay-gradient":""}},"ast-content-background-meta":{"desktop":{"background-color":"var(--ast-global-color-5)","background-image":"","background-repeat":"repeat","background-position":"center center","background-size":"auto","background-attachment":"scroll","background-type":"","background-media":"","overlay-type":"","overlay-color":"","overlay-opacity":"","overlay-gradient":""},"tablet":{"background-color":"var(--ast-global-color-5)","background-image":"","background-repeat":"repeat","background-position":"center center","background-size":"auto","background-attachment":"scroll","background-type":"","background-media":"","overlay-type":"","overlay-color":"","overlay-opacity":"","overlay-gradient":""},"mobile":{"background-color":"var(--ast-global-color-5)","background-image":"","background-repeat":"repeat","background-position":"center center","background-size":"auto","background-attachment":"scroll","background-type":"","background-media":"","overlay-type":"","overlay-color":"","overlay-opacity":"","overlay-gradient":""}},"footnotes":""},"categories":[4],"tags":[],"class_list":["post-8366","post","type-post","status-publish","format-standard","hentry","category-portada"],"post_mailing_queue_ids":[],"_links":{"self":[{"href":"https:\/\/agora.xtec.cat\/escolamossencinto\/wp-json\/wp\/v2\/posts\/8366","targetHints":{"allow":["GET"]}}],"collection":[{"href":"https:\/\/agora.xtec.cat\/escolamossencinto\/wp-json\/wp\/v2\/posts"}],"about":[{"href":"https:\/\/agora.xtec.cat\/escolamossencinto\/wp-json\/wp\/v2\/types\/post"}],"author":[{"embeddable":true,"href":"https:\/\/agora.xtec.cat\/escolamossencinto\/wp-json\/wp\/v2\/users\/1"}],"replies":[{"embeddable":true,"href":"https:\/\/agora.xtec.cat\/escolamossencinto\/wp-json\/wp\/v2\/comments?post=8366"}],"version-history":[{"count":3,"href":"https:\/\/agora.xtec.cat\/escolamossencinto\/wp-json\/wp\/v2\/posts\/8366\/revisions"}],"predecessor-version":[{"id":8374,"href":"https:\/\/agora.xtec.cat\/escolamossencinto\/wp-json\/wp\/v2\/posts\/8366\/revisions\/8374"}],"wp:attachment":[{"href":"https:\/\/agora.xtec.cat\/escolamossencinto\/wp-json\/wp\/v2\/media?parent=8366"}],"wp:term":[{"taxonomy":"category","embeddable":true,"href":"https:\/\/agora.xtec.cat\/escolamossencinto\/wp-json\/wp\/v2\/categories?post=8366"},{"taxonomy":"post_tag","embeddable":true,"href":"https:\/\/agora.xtec.cat\/escolamossencinto\/wp-json\/wp\/v2\/tags?post=8366"}],"curies":[{"name":"wp","href":"https:\/\/api.w.org\/{rel}","templated":true}]}}