{"id":7846,"date":"2020-04-03T09:09:15","date_gmt":"2020-04-03T07:09:15","guid":{"rendered":"http:\/\/agora.xtec.cat\/escolamossencinto\/?p=7846"},"modified":"2020-04-14T18:51:46","modified_gmt":"2020-04-14T16:51:46","slug":"aprendre-des-de-casa-2","status":"publish","type":"post","link":"https:\/\/agora.xtec.cat\/escolamossencinto\/primaria\/1r\/aprendre-des-de-casa-2\/","title":{"rendered":"Aprendre des de casa"},"content":{"rendered":"<p><span style=\"font-family: inherit; font-size: 1em; color: #ff0000;\">Setmana Santa<\/span><\/p>\n<p><span style=\"font-family: inherit; font-size: 1em;\">Estimades fam\u00edlies:<\/span><\/p>\n<p>Us compartim les activitats que proposem les mestres de primer i segon per aquests dies de Setmana Santa:<\/p>\n<p><span style=\"color: #0000ff;\">-JA HA ARRIBAT LA PRIMAVERA!<\/span><\/p>\n<p>Busqueu per casa tot tipus de material que tingueu per poder fer manualitats de primavera tant maques com aquestes:<\/p>\n<p><a href=\"https:\/\/agora.xtec.cat\/escolamossencinto\/wp-content\/uploads\/usu829\/2020\/03\/bae1490c-8d80-48bb-aee9-2152be19c594.jpg\"><img loading=\"lazy\" decoding=\"async\" class=\"alignnone wp-image-8350 size-thumbnail\" src=\"https:\/\/agora.xtec.cat\/escolamossencinto\/wp-content\/uploads\/usu829\/2020\/03\/bae1490c-8d80-48bb-aee9-2152be19c594-150x150.jpg\" alt=\"\" width=\"150\" height=\"150\" \/><\/a><a href=\"https:\/\/agora.xtec.cat\/escolamossencinto\/wp-content\/uploads\/usu829\/2020\/03\/07ecb0d7-5c6b-4673-ae85-ac6f558235b9.jpg\"><img loading=\"lazy\" decoding=\"async\" class=\"alignnone wp-image-8348 size-thumbnail\" src=\"https:\/\/agora.xtec.cat\/escolamossencinto\/wp-content\/uploads\/usu829\/2020\/03\/07ecb0d7-5c6b-4673-ae85-ac6f558235b9-150x150.jpg\" alt=\"\" width=\"150\" height=\"150\" \/><\/a><a href=\"https:\/\/agora.xtec.cat\/escolamossencinto\/wp-content\/uploads\/usu829\/2020\/03\/32ba5e32-f7b1-4253-ac8a-3fff4e6801a2.jpg\"><img loading=\"lazy\" decoding=\"async\" class=\"alignnone wp-image-8349 size-thumbnail\" src=\"https:\/\/agora.xtec.cat\/escolamossencinto\/wp-content\/uploads\/usu829\/2020\/03\/32ba5e32-f7b1-4253-ac8a-3fff4e6801a2-150x150.jpg\" alt=\"\" width=\"150\" height=\"150\" \/><\/a><a href=\"https:\/\/agora.xtec.cat\/escolamossencinto\/wp-content\/uploads\/usu829\/2020\/03\/0dae5704-3928-4bde-b9ef-e2dd84de3b7e.jpg\"><img loading=\"lazy\" decoding=\"async\" class=\"alignnone wp-image-8347 size-thumbnail\" src=\"https:\/\/agora.xtec.cat\/escolamossencinto\/wp-content\/uploads\/usu829\/2020\/03\/0dae5704-3928-4bde-b9ef-e2dd84de3b7e-150x150.jpg\" alt=\"\" width=\"150\" height=\"150\" \/><\/a><\/p>\n<p>Aquests exemples us poden servir d&#8217; inspiraci\u00f3. Envieu-nos fotos de les vostres produccions!<\/p>\n<p><span style=\"color: #0000ff;\">-BIBLIOTECA VIRTUAL:<\/span><\/p>\n<p>Si feu clic en aquest enlla\u00e7:\u00a0<a href=\"https:\/\/genius.diba.cat\/\" target=\"_blank\" rel=\"noopener noreferrer\">https:\/\/genius.diba.cat\/<\/a><\/p>\n<p>Us endinsareu en un m\u00f3n ple de contes, llibres i c\u00f2mics per gaudir i practica la lectura! Animeu-vos a entrar i escolliu el que m\u00e9s us agradi!<\/p>\n<p><span style=\"color: #0000ff;\">-DIARI<\/span><\/p>\n<p>Les vostres mestres sabem que ja sou uns experts en escriure a l\u2019agenda els deures que hem de fer cada setmana. Per aix\u00f2, volem que cada dia escriviu en una frase alguna coseta de que heu fet o si preferiu, ens podeu explicar tamb\u00e9 com us sentiu. Per ajudar-vos en aquesta tasca us escrivim el comen\u00e7ament de les frases que podeu fer:<\/p>\n<p>Avui he fet&#8230;<\/p>\n<p>Avui em sento&#8230;<\/p>\n<p>Recordeu: *Totes les frases comencen amb maj\u00fascula i acaben amb un punt.<\/p>\n<p><span style=\"color: #0000ff;\">-MATEM\u00c0TIQUES.<\/span><\/p>\n<p>Continueu treballant el quadernet i l\u2019activitat de \u201cFer seires\u201d que hem penjat anteriorment.<\/p>\n<p><span style=\"color: #0000ff;\">-ANGL\u00c8S:<\/span><\/p>\n<p>Reviseu els links que s\u2019han penjat anteriorment:<\/p>\n<p>A m\u00e9s us proposem un nou link ple de jocs per gaudir i aprendre molt!<\/p>\n<p><a href=\"http:\/\/learnenglishkids.britishcouncil.org\/games\">http:\/\/learnenglishkids.britishcouncil.org\/games<\/a><\/p>\n<p>&nbsp;<\/p>\n<p>Tamb\u00e9 us recomanem que veieu els vostres dibuixos preferits a la TV en angl\u00e8s, recordeu que aquesta \u00e9s una estrat\u00e8gia molt potent per integrar l\u2019angl\u00e9s en la nostra vida!<\/p>\n<p><span style=\"color: #0000ff;\">-M\u00daSICA<\/span><\/p>\n<p>Us enviem 3 links amb les can\u00e7ons que heu treballat amb el Javi aquest trimestre.<\/p>\n<p>Primer: can\u00e7\u00f3 reggae: \u201dhas de ser tu mateix\u201d<\/p>\n<p><a href=\"https:\/\/youtu.be\/NqhivBJ6sjk\" target=\"_blank\" rel=\"noopener noreferrer\">https:\/\/youtu.be\/NqhivBJ6sjk<\/a><\/p>\n<p>Segon: Can\u00e7\u00f3 Reggae: \u201cEls amics\u201d<\/p>\n<p><a href=\"https:\/\/youtu.be\/fM978uQK5OE\" target=\"_blank\" rel=\"noopener noreferrer\">https:\/\/youtu.be\/fM978uQK5OE<\/a><\/p>\n<p>Primer i segon: \u201cUn m\u00f3n m\u00e9s real\u201d. Fent rap lluitem per la igualtat.<\/p>\n<p><a href=\"https:\/\/www.youtube.com\/watch?v=IPrIYimgspU\" target=\"_blank\" rel=\"noopener noreferrer\">https:\/\/www.youtube\/\/IPrIYimgspU<\/a><\/p>\n<p>Ensenyeu a la fam\u00edlia com gaudim a classe amb la lletra i el ball d\u2019aquestes can\u00e7ons!<\/p>\n<p>Tamb\u00e9 us deixem dos links on podreu gaudir d\u2019un joc de percussi\u00f3 corporal amb la banda sonora de Harry Potter i un altre amb la can\u00e7\u00f3 \u201ckokoleoko\u201d<\/p>\n<p><a href=\"http:\/\/youtu.be\/uOuLi0avCwU\" target=\"_blank\" rel=\"noopener noreferrer\">http:\/\/youtu.be\/uOuLi0avCwU<\/a><\/p>\n<p><a href=\"http:\/\/youtu.be\/gy8jyGRUR-8\" target=\"_blank\" rel=\"noopener noreferrer\">http:\/\/youtu.be\/gy8jyGRUR-8<\/a><\/p>\n<p><span style=\"color: #0000ff;\">-EDUCACI\u00d3 F\u00cdSICA<\/span><\/p>\n<p>Movem-nos a casa Formigues<\/p>\n<p><a href=\"https:\/\/view.genial.ly\/5e78c6d90fcfb90d9fa4dd48\" target=\"_blank\" rel=\"noopener noreferrer\">https:\/\/view.genial.ly\/5e78c6d90fcfb90d9fa4dd48<\/a><\/p>\n<p>i una activitat divertida de relaxaci\u00f3 per fer en fam\u00edlia<\/p>\n<p><a href=\"https:\/\/www.youtube.com\/watch?v=MI1S5rM0ou0\" target=\"_blank\" rel=\"noopener noreferrer\">https:\/\/www.youtube.com\/watch?v=MI1S5rM0ou0<\/a><\/p>\n<p>Esperem que disfruteu i treballeu molt amb totes les activitats que us hem proposat i tamb\u00e9 que us cuideu molt\u00edssim! Esperem rebre noticies vostres amb tot el que heu treballat!<\/p>\n<p>Tornarem a enviar noves tasques a la tornada de les vacances, el dimarts 14 d&#8217;abril. Estigueu atents al blog i al correu electr\u00f2nic.<\/p>\n<p>&nbsp;<\/p>\n<p>Petons i abra\u00e7ades!<\/p>\n<p>&nbsp;<\/p>\n<p>&nbsp;<\/p>\n<p>&nbsp;<\/p>\n<p><span style=\"color: #ff0000;\">Dimecres dia 1<\/span><\/p>\n<p>TREBALLEM LA NUMERACI\u00d3:<\/p>\n<p>Fer s\u00e8ries del 0 al 99, contant de 10 en 10, de 5 en 5 i de 2 en 2.<\/p>\n<p>Tamb\u00e9 us posem algun enlla\u00e7 per que aneu practicant!<\/p>\n<p><a href=\"http:\/\/www.diticlic.com\/\" target=\"_blank\" rel=\"noopener noreferrer\"><img loading=\"lazy\" decoding=\"async\" class=\"alignleft wp-image-8132 size-thumbnail\" src=\"https:\/\/agora.xtec.cat\/escolamossencinto\/wp-content\/uploads\/usu829\/2020\/03\/Captura-de-pantalla-184-150x150.png\" alt=\"\" width=\"150\" height=\"150\" \/><\/a><\/p>\n<p>&nbsp;<\/p>\n<p>&nbsp;<\/p>\n<p>&nbsp;<\/p>\n<p>&nbsp;<\/p>\n<p>Us posem un quadernet per si el voleu descarregar<\/p>\n<p><a href=\"https:\/\/agora.xtec.cat\/escolamossencinto\/wp-content\/uploads\/usu829\/2020\/03\/Mates-1-part-1.pdf\" target=\"_blank\" rel=\"noopener noreferrer\">Matem\u00e0tiques 1r<\/a><\/p>\n<p><span style=\"color: red;\">Dilluns dia 30<\/span><\/p>\n<p>ESCRIURE PARAULES, heu de fer llistes de paraules de primavera!!<\/p>\n<p>Agafeu un full i feu diferents llistes: Animals, flors, arbres, fruits, fruites, colors&#8230;<\/p>\n<p>Un cop feta la llista, feu cinc frases amb algunes de les paraules!<\/p>\n<p>Recordeu: fer bona lletra, separar b\u00e9 les paraules i que totes les frases comencen per maj\u00fascula i acaben en punt.<\/p>\n<p>Tamb\u00e9 us posem algun enlla\u00e7 per que aneu practicant!<\/p>\n<p><a href=\"http:\/\/www.edu365.cat\/infantil\/llegir\/llegir\/portada.html\" target=\"_blank\" rel=\"noopener noreferrer\"><img loading=\"lazy\" decoding=\"async\" class=\"wp-image-7865 size-medium aligncenter\" src=\"https:\/\/agora.xtec.cat\/escolamossencinto\/wp-content\/uploads\/usu829\/2020\/03\/lletra-x-lletra-300x216.jpg\" alt=\"\" width=\"300\" height=\"216\" srcset=\"https:\/\/agora.xtec.cat\/escolamossencinto\/wp-content\/uploads\/usu829\/2020\/03\/lletra-x-lletra-300x216.jpg 300w, https:\/\/agora.xtec.cat\/escolamossencinto\/wp-content\/uploads\/usu829\/2020\/03\/lletra-x-lletra.jpg 685w\" sizes=\"auto, (max-width: 300px) 100vw, 300px\" \/><\/a><\/p>\n<p><a href=\"http:\/\/www.jverdaguer.org\/jsmedia\/005eficas\/\" target=\"_blank\" rel=\"noopener noreferrer\"><img loading=\"lazy\" decoding=\"async\" class=\"aligncenter wp-image-7990 size-medium\" src=\"https:\/\/agora.xtec.cat\/escolamossencinto\/wp-content\/uploads\/usu829\/2020\/03\/lectura-efica\u00e7-300x184.jpg\" alt=\"\" width=\"300\" height=\"184\" srcset=\"https:\/\/agora.xtec.cat\/escolamossencinto\/wp-content\/uploads\/usu829\/2020\/03\/lectura-efica\u00e7-300x184.jpg 300w, https:\/\/agora.xtec.cat\/escolamossencinto\/wp-content\/uploads\/usu829\/2020\/03\/lectura-efica\u00e7.jpg 625w\" sizes=\"auto, (max-width: 300px) 100vw, 300px\" \/><\/a><\/p>\n<p><a href=\"http:\/\/www.superjocs.com\/joc\/la-memoria-dels-animals-857\/\" target=\"_blank\" rel=\"noopener noreferrer\"><img loading=\"lazy\" decoding=\"async\" class=\"aligncenter wp-image-7998 size-medium\" src=\"https:\/\/agora.xtec.cat\/escolamossencinto\/wp-content\/uploads\/usu829\/2020\/03\/Memory-animals-300x225.png\" alt=\"\" width=\"300\" height=\"225\" srcset=\"https:\/\/agora.xtec.cat\/escolamossencinto\/wp-content\/uploads\/usu829\/2020\/03\/Memory-animals-300x225.png 300w, https:\/\/agora.xtec.cat\/escolamossencinto\/wp-content\/uploads\/usu829\/2020\/03\/Memory-animals-200x150.png 200w, https:\/\/agora.xtec.cat\/escolamossencinto\/wp-content\/uploads\/usu829\/2020\/03\/Memory-animals.png 637w\" sizes=\"auto, (max-width: 300px) 100vw, 300px\" \/><\/a><\/p>\n<p>Recordeu\u00a0 no estar\u00a0 massa hores seguides <strong>connectats a les pantalles<\/strong>\u00a0(televisi\u00f3, ipad, consola, m\u00f2bil\u2026).<\/p>\n<p>Tamb\u00e9 us deixem un quadernet per si el voleu descarregar.<\/p>\n<p><a href=\"https:\/\/agora.xtec.cat\/escolamossencinto\/wp-content\/uploads\/usu829\/2020\/03\/Catala-part-1.pdf\" target=\"_blank\" rel=\"noopener noreferrer\">Catal\u00e0<\/a><\/p>\n<p>&nbsp;<\/p>\n","protected":false},"excerpt":{"rendered":"<p>Setmana Santa Estimades fam\u00edlies: Us compartim les activitats que proposem les mestres de primer i segon per aquests dies de Setmana Santa: -JA HA ARRIBAT LA PRIMAVERA! Busqueu per casa tot tipus de material que tingueu per poder fer manualitats de primavera tant maques com aquestes: Aquests exemples us poden servir d&#8217; inspiraci\u00f3. Envieu-nos fotos [&hellip;]<\/p>\n","protected":false},"author":1,"featured_media":0,"comment_status":"closed","ping_status":"closed","sticky":false,"template":"","format":"standard","meta":{"_bbp_topic_count":0,"_bbp_reply_count":0,"_bbp_total_topic_count":0,"_bbp_total_reply_count":0,"_bbp_voice_count":0,"_bbp_anonymous_reply_count":0,"_bbp_topic_count_hidden":0,"_bbp_reply_count_hidden":0,"_bbp_forum_subforum_count":0,"site-sidebar-layout":"default","site-content-layout":"","ast-site-content-layout":"","site-content-style":"default","site-sidebar-style":"default","ast-global-header-display":"","ast-banner-title-visibility":"","ast-main-header-display":"","ast-hfb-above-header-display":"","ast-hfb-below-header-display":"","ast-hfb-mobile-header-display":"","site-post-title":"","ast-breadcrumbs-content":"","ast-featured-img":"","footer-sml-layout":"","theme-transparent-header-meta":"","adv-header-id-meta":"","stick-header-meta":"","header-above-stick-meta":"","header-main-stick-meta":"","header-below-stick-meta":"","astra-migrate-meta-layouts":"default","ast-page-background-enabled":"default","ast-page-background-meta":{"desktop":{"background-color":"var(--ast-global-color-4)","background-image":"","background-repeat":"repeat","background-position":"center center","background-size":"auto","background-attachment":"scroll","background-type":"","background-media":"","overlay-type":"","overlay-color":"","overlay-opacity":"","overlay-gradient":""},"tablet":{"background-color":"","background-image":"","background-repeat":"repeat","background-position":"center center","background-size":"auto","background-attachment":"scroll","background-type":"","background-media":"","overlay-type":"","overlay-color":"","overlay-opacity":"","overlay-gradient":""},"mobile":{"background-color":"","background-image":"","background-repeat":"repeat","background-position":"center center","background-size":"auto","background-attachment":"scroll","background-type":"","background-media":"","overlay-type":"","overlay-color":"","overlay-opacity":"","overlay-gradient":""}},"ast-content-background-meta":{"desktop":{"background-color":"var(--ast-global-color-5)","background-image":"","background-repeat":"repeat","background-position":"center center","background-size":"auto","background-attachment":"scroll","background-type":"","background-media":"","overlay-type":"","overlay-color":"","overlay-opacity":"","overlay-gradient":""},"tablet":{"background-color":"var(--ast-global-color-5)","background-image":"","background-repeat":"repeat","background-position":"center center","background-size":"auto","background-attachment":"scroll","background-type":"","background-media":"","overlay-type":"","overlay-color":"","overlay-opacity":"","overlay-gradient":""},"mobile":{"background-color":"var(--ast-global-color-5)","background-image":"","background-repeat":"repeat","background-position":"center center","background-size":"auto","background-attachment":"scroll","background-type":"","background-media":"","overlay-type":"","overlay-color":"","overlay-opacity":"","overlay-gradient":""}},"footnotes":""},"categories":[10],"tags":[342],"class_list":["post-7846","post","type-post","status-publish","format-standard","hentry","category-1r","tag-ens-quedem-a-casa"],"post_mailing_queue_ids":[],"_links":{"self":[{"href":"https:\/\/agora.xtec.cat\/escolamossencinto\/wp-json\/wp\/v2\/posts\/7846","targetHints":{"allow":["GET"]}}],"collection":[{"href":"https:\/\/agora.xtec.cat\/escolamossencinto\/wp-json\/wp\/v2\/posts"}],"about":[{"href":"https:\/\/agora.xtec.cat\/escolamossencinto\/wp-json\/wp\/v2\/types\/post"}],"author":[{"embeddable":true,"href":"https:\/\/agora.xtec.cat\/escolamossencinto\/wp-json\/wp\/v2\/users\/1"}],"replies":[{"embeddable":true,"href":"https:\/\/agora.xtec.cat\/escolamossencinto\/wp-json\/wp\/v2\/comments?post=7846"}],"version-history":[{"count":3,"href":"https:\/\/agora.xtec.cat\/escolamossencinto\/wp-json\/wp\/v2\/posts\/7846\/revisions"}],"predecessor-version":[{"id":8362,"href":"https:\/\/agora.xtec.cat\/escolamossencinto\/wp-json\/wp\/v2\/posts\/7846\/revisions\/8362"}],"wp:attachment":[{"href":"https:\/\/agora.xtec.cat\/escolamossencinto\/wp-json\/wp\/v2\/media?parent=7846"}],"wp:term":[{"taxonomy":"category","embeddable":true,"href":"https:\/\/agora.xtec.cat\/escolamossencinto\/wp-json\/wp\/v2\/categories?post=7846"},{"taxonomy":"post_tag","embeddable":true,"href":"https:\/\/agora.xtec.cat\/escolamossencinto\/wp-json\/wp\/v2\/tags?post=7846"}],"curies":[{"name":"wp","href":"https:\/\/api.w.org\/{rel}","templated":true}]}}