{"id":17841,"date":"2026-02-10T15:44:41","date_gmt":"2026-02-10T14:44:41","guid":{"rendered":"https:\/\/agora.xtec.cat\/escolamossencinto\/?p=17841"},"modified":"2026-04-15T10:53:46","modified_gmt":"2026-04-15T08:53:46","slug":"portes-obertes-2026","status":"publish","type":"post","link":"https:\/\/agora.xtec.cat\/escolamossencinto\/general\/portes-obertes-2026\/","title":{"rendered":"Portes Obertes 2026"},"content":{"rendered":"<p style=\"text-align: center;\">Tornem a tenir aqu\u00ed un any m\u00e9s les \u201cPortes Obertes\u201d!<\/p>\n<p style=\"text-align: center;\">Un dia en el que obrim les portes de la nostra escola perqu\u00e8 les fam\u00edlies amb alumnat de 2-3 anys (futurs I3) vingueu a con\u00e8ixer l\u2019escola; el seu funcionament, les instal.lacions\u2026 i perqu\u00e8 veieu en directe una petita mostra de com \u00e9s un dia qualsevol al centre.<\/p>\n<p style=\"text-align: center;\">No us ho perdeu!!<\/p>\n<p style=\"text-align: center;\"><strong>25 Febrer 2026 &#8211; 15.00h<\/strong><\/p>\n<p><a href=\"https:\/\/agora.xtec.cat\/escolamossencinto\/wp-content\/uploads\/usu829\/2026\/02\/Portes-obertes-preinscripcio-2.png\"><img loading=\"lazy\" decoding=\"async\" class=\"aligncenter wp-image-17850\" src=\"https:\/\/agora.xtec.cat\/escolamossencinto\/wp-content\/uploads\/usu829\/2026\/02\/Portes-obertes-preinscripcio-2-212x300.png\" alt=\"\" width=\"273\" height=\"386\" srcset=\"https:\/\/agora.xtec.cat\/escolamossencinto\/wp-content\/uploads\/usu829\/2026\/02\/Portes-obertes-preinscripcio-2-212x300.png 212w, https:\/\/agora.xtec.cat\/escolamossencinto\/wp-content\/uploads\/usu829\/2026\/02\/Portes-obertes-preinscripcio-2-724x1024.png 724w, https:\/\/agora.xtec.cat\/escolamossencinto\/wp-content\/uploads\/usu829\/2026\/02\/Portes-obertes-preinscripcio-2-768x1086.png 768w, https:\/\/agora.xtec.cat\/escolamossencinto\/wp-content\/uploads\/usu829\/2026\/02\/Portes-obertes-preinscripcio-2-1086x1536.png 1086w, https:\/\/agora.xtec.cat\/escolamossencinto\/wp-content\/uploads\/usu829\/2026\/02\/Portes-obertes-preinscripcio-2.png 1414w\" sizes=\"auto, (max-width: 273px) 100vw, 273px\" \/><\/a><\/p>\n","protected":false},"excerpt":{"rendered":"<p>Tornem a tenir aqu\u00ed un any m\u00e9s les \u201cPortes Obertes\u201d! Un dia en el que obrim les portes de la nostra escola perqu\u00e8 les fam\u00edlies amb alumnat de 2-3 anys (futurs I3) vingueu a con\u00e8ixer l\u2019escola; el seu funcionament, les instal.lacions\u2026 i perqu\u00e8 veieu en directe una petita mostra de com \u00e9s un dia qualsevol [&hellip;]<\/p>\n","protected":false},"author":1,"featured_media":17847,"comment_status":"closed","ping_status":"open","sticky":false,"template":"","format":"standard","meta":{"_bbp_topic_count":0,"_bbp_reply_count":0,"_bbp_total_topic_count":0,"_bbp_total_reply_count":0,"_bbp_voice_count":0,"_bbp_anonymous_reply_count":0,"_bbp_topic_count_hidden":0,"_bbp_reply_count_hidden":0,"_bbp_forum_subforum_count":0,"site-sidebar-layout":"default","site-content-layout":"","ast-site-content-layout":"default","site-content-style":"default","site-sidebar-style":"default","ast-global-header-display":"","ast-banner-title-visibility":"","ast-main-header-display":"","ast-hfb-above-header-display":"","ast-hfb-below-header-display":"","ast-hfb-mobile-header-display":"","site-post-title":"","ast-breadcrumbs-content":"","ast-featured-img":"","footer-sml-layout":"","theme-transparent-header-meta":"default","adv-header-id-meta":"","stick-header-meta":"","header-above-stick-meta":"","header-main-stick-meta":"","header-below-stick-meta":"","astra-migrate-meta-layouts":"set","ast-page-background-enabled":"default","ast-page-background-meta":{"desktop":{"background-color":"var(--ast-global-color-4)","background-image":"","background-repeat":"repeat","background-position":"center center","background-size":"auto","background-attachment":"scroll","background-type":"","background-media":"","overlay-type":"","overlay-color":"","overlay-opacity":"","overlay-gradient":""},"tablet":{"background-color":"","background-image":"","background-repeat":"repeat","background-position":"center center","background-size":"auto","background-attachment":"scroll","background-type":"","background-media":"","overlay-type":"","overlay-color":"","overlay-opacity":"","overlay-gradient":""},"mobile":{"background-color":"","background-image":"","background-repeat":"repeat","background-position":"center center","background-size":"auto","background-attachment":"scroll","background-type":"","background-media":"","overlay-type":"","overlay-color":"","overlay-opacity":"","overlay-gradient":""}},"ast-content-background-meta":{"desktop":{"background-color":"var(--ast-global-color-5)","background-image":"","background-repeat":"repeat","background-position":"center center","background-size":"auto","background-attachment":"scroll","background-type":"","background-media":"","overlay-type":"","overlay-color":"","overlay-opacity":"","overlay-gradient":""},"tablet":{"background-color":"var(--ast-global-color-5)","background-image":"","background-repeat":"repeat","background-position":"center center","background-size":"auto","background-attachment":"scroll","background-type":"","background-media":"","overlay-type":"","overlay-color":"","overlay-opacity":"","overlay-gradient":""},"mobile":{"background-color":"var(--ast-global-color-5)","background-image":"","background-repeat":"repeat","background-position":"center center","background-size":"auto","background-attachment":"scroll","background-type":"","background-media":"","overlay-type":"","overlay-color":"","overlay-opacity":"","overlay-gradient":""}},"footnotes":""},"categories":[1],"tags":[870,871,869,296],"class_list":["post-17841","post","type-post","status-publish","format-standard","has-post-thumbnail","hentry","category-general","tag-escolapublica","tag-i3","tag-portesobertes","tag-febrer"],"post_mailing_queue_ids":[],"_links":{"self":[{"href":"https:\/\/agora.xtec.cat\/escolamossencinto\/wp-json\/wp\/v2\/posts\/17841","targetHints":{"allow":["GET"]}}],"collection":[{"href":"https:\/\/agora.xtec.cat\/escolamossencinto\/wp-json\/wp\/v2\/posts"}],"about":[{"href":"https:\/\/agora.xtec.cat\/escolamossencinto\/wp-json\/wp\/v2\/types\/post"}],"author":[{"embeddable":true,"href":"https:\/\/agora.xtec.cat\/escolamossencinto\/wp-json\/wp\/v2\/users\/1"}],"replies":[{"embeddable":true,"href":"https:\/\/agora.xtec.cat\/escolamossencinto\/wp-json\/wp\/v2\/comments?post=17841"}],"version-history":[{"count":4,"href":"https:\/\/agora.xtec.cat\/escolamossencinto\/wp-json\/wp\/v2\/posts\/17841\/revisions"}],"predecessor-version":[{"id":17851,"href":"https:\/\/agora.xtec.cat\/escolamossencinto\/wp-json\/wp\/v2\/posts\/17841\/revisions\/17851"}],"wp:featuredmedia":[{"embeddable":true,"href":"https:\/\/agora.xtec.cat\/escolamossencinto\/wp-json\/wp\/v2\/media\/17847"}],"wp:attachment":[{"href":"https:\/\/agora.xtec.cat\/escolamossencinto\/wp-json\/wp\/v2\/media?parent=17841"}],"wp:term":[{"taxonomy":"category","embeddable":true,"href":"https:\/\/agora.xtec.cat\/escolamossencinto\/wp-json\/wp\/v2\/categories?post=17841"},{"taxonomy":"post_tag","embeddable":true,"href":"https:\/\/agora.xtec.cat\/escolamossencinto\/wp-json\/wp\/v2\/tags?post=17841"}],"curies":[{"name":"wp","href":"https:\/\/api.w.org\/{rel}","templated":true}]}}