{"id":17700,"date":"2025-12-05T13:55:32","date_gmt":"2025-12-05T12:55:32","guid":{"rendered":"https:\/\/agora.xtec.cat\/escolamossencinto\/?p=17700"},"modified":"2025-12-05T13:55:32","modified_gmt":"2025-12-05T12:55:32","slug":"novetat-extraescolars-afa","status":"publish","type":"post","link":"https:\/\/agora.xtec.cat\/escolamossencinto\/general\/novetat-extraescolars-afa\/","title":{"rendered":"Novetat: extraescolars (AFA)"},"content":{"rendered":"<h2>Noves extraescolars!! (AFA)<\/h2>\n<h6><\/h6>\n<p>A partir del gener l&#8217;AFA tornar\u00e0 a oferir servei d&#8217;extraescolars, els infants han portat a casa dos fulls; un on s&#8217;explica tota la oferta d&#8217;extraescolars amb horaris i preus i un altre per formalitzar la inscripci\u00f3 en cas que estigueu interessats.<\/p>\n<p>\u00c9s molt important que, si esteu interessats, <strong>entregueu a la secretaria de l&#8217;escola<\/strong> el full d&#8217;inscripci\u00f3 <strong>abans del 15 de desembre<\/strong>.<\/p>\n<p>A aquells infants que facin una preinscripci\u00f3 se&#8217;ls oferir\u00e0 una sessi\u00f3 de prova abans de les vacances de Nadal (molt probablement la mateixa setmana del 15 de desembre), us contactarem per indicar-vos exactament les dates.<\/p>\n<p>Trobareu en aquests posts els fulls que hem repartit als infants.<\/p>\n<p>______________________________________________________________________<\/p>\n<p>A partir de enero el AFA volver\u00e1 a ofrecer servicio de extraescolares, los ni\u00f1os y ni\u00f1as han llevado a casa dos hojas; una donde se explica la oferta de extraescolares con horarios y precios y otra para formalizar la inscripci\u00f3n en caso que est\u00e9is interesados.<\/p>\n<p>Es muy importante que, si est\u00e1is interesados,\u00a0<strong>entregu\u00e9is en la secretar\u00eda de la escuela\u00a0<\/strong>la hoja de inscripci\u00f3n\u00a0<strong>antes del 15 de diciembre.<\/strong><\/p>\n<p>A aquellos ni\u00f1os y ni\u00f1as que hagan una preinscripci\u00f3n se les ofrecer\u00e1 una sesi\u00f3n de prueba gratuita antes de las vacaciones de Navidad (muy probablemente la misma semana del 15 de diciembre), os contactaremos para indicaros exactamente las fechas.<\/p>\n<p>Pod\u00e9is encontrar en este post los mismos documentos que os hemos hecho llegar impresos.<\/p>\n<p style=\"text-align: center;\"><a href=\"https:\/\/agora.xtec.cat\/escolamossencinto\/wp-content\/uploads\/usu829\/2025\/12\/Extraescolars.pdf\">Extraescolars<\/a><a href=\"https:\/\/agora.xtec.cat\/escolamossencinto\/wp-content\/uploads\/usu829\/2025\/12\/Extraescolars.pdf\"><img loading=\"lazy\" decoding=\"async\" class=\"aligncenter  wp-image-17703\" src=\"https:\/\/agora.xtec.cat\/escolamossencinto\/wp-content\/uploads\/usu829\/2025\/12\/1-300x212.png\" alt=\"\" width=\"365\" height=\"258\" srcset=\"https:\/\/agora.xtec.cat\/escolamossencinto\/wp-content\/uploads\/usu829\/2025\/12\/1-300x212.png 300w, https:\/\/agora.xtec.cat\/escolamossencinto\/wp-content\/uploads\/usu829\/2025\/12\/1-1024x724.png 1024w, https:\/\/agora.xtec.cat\/escolamossencinto\/wp-content\/uploads\/usu829\/2025\/12\/1-768x543.png 768w, https:\/\/agora.xtec.cat\/escolamossencinto\/wp-content\/uploads\/usu829\/2025\/12\/1-1536x1086.png 1536w, https:\/\/agora.xtec.cat\/escolamossencinto\/wp-content\/uploads\/usu829\/2025\/12\/1.png 2000w\" sizes=\"auto, (max-width: 365px) 100vw, 365px\" \/><\/a><\/p>\n","protected":false},"excerpt":{"rendered":"<p>Noves extraescolars!! (AFA) A partir del gener l&#8217;AFA tornar\u00e0 a oferir servei d&#8217;extraescolars, els infants han portat a casa dos fulls; un on s&#8217;explica tota la oferta d&#8217;extraescolars amb horaris i preus i un altre per formalitzar la inscripci\u00f3 en cas que estigueu interessats. \u00c9s molt important que, si esteu interessats, entregueu a la secretaria [&hellip;]<\/p>\n","protected":false},"author":1,"featured_media":0,"comment_status":"closed","ping_status":"open","sticky":false,"template":"","format":"standard","meta":{"_bbp_topic_count":0,"_bbp_reply_count":0,"_bbp_total_topic_count":0,"_bbp_total_reply_count":0,"_bbp_voice_count":0,"_bbp_anonymous_reply_count":0,"_bbp_topic_count_hidden":0,"_bbp_reply_count_hidden":0,"_bbp_forum_subforum_count":0,"site-sidebar-layout":"default","site-content-layout":"","ast-site-content-layout":"default","site-content-style":"default","site-sidebar-style":"default","ast-global-header-display":"","ast-banner-title-visibility":"","ast-main-header-display":"","ast-hfb-above-header-display":"","ast-hfb-below-header-display":"","ast-hfb-mobile-header-display":"","site-post-title":"","ast-breadcrumbs-content":"","ast-featured-img":"","footer-sml-layout":"","theme-transparent-header-meta":"default","adv-header-id-meta":"","stick-header-meta":"","header-above-stick-meta":"","header-main-stick-meta":"","header-below-stick-meta":"","astra-migrate-meta-layouts":"set","ast-page-background-enabled":"default","ast-page-background-meta":{"desktop":{"background-color":"var(--ast-global-color-4)","background-image":"","background-repeat":"repeat","background-position":"center center","background-size":"auto","background-attachment":"scroll","background-type":"","background-media":"","overlay-type":"","overlay-color":"","overlay-opacity":"","overlay-gradient":""},"tablet":{"background-color":"","background-image":"","background-repeat":"repeat","background-position":"center center","background-size":"auto","background-attachment":"scroll","background-type":"","background-media":"","overlay-type":"","overlay-color":"","overlay-opacity":"","overlay-gradient":""},"mobile":{"background-color":"","background-image":"","background-repeat":"repeat","background-position":"center center","background-size":"auto","background-attachment":"scroll","background-type":"","background-media":"","overlay-type":"","overlay-color":"","overlay-opacity":"","overlay-gradient":""}},"ast-content-background-meta":{"desktop":{"background-color":"var(--ast-global-color-5)","background-image":"","background-repeat":"repeat","background-position":"center center","background-size":"auto","background-attachment":"scroll","background-type":"","background-media":"","overlay-type":"","overlay-color":"","overlay-opacity":"","overlay-gradient":""},"tablet":{"background-color":"var(--ast-global-color-5)","background-image":"","background-repeat":"repeat","background-position":"center center","background-size":"auto","background-attachment":"scroll","background-type":"","background-media":"","overlay-type":"","overlay-color":"","overlay-opacity":"","overlay-gradient":""},"mobile":{"background-color":"var(--ast-global-color-5)","background-image":"","background-repeat":"repeat","background-position":"center center","background-size":"auto","background-attachment":"scroll","background-type":"","background-media":"","overlay-type":"","overlay-color":"","overlay-opacity":"","overlay-gradient":""}},"footnotes":""},"categories":[1,4],"tags":[128,160],"class_list":["post-17700","post","type-post","status-publish","format-standard","hentry","category-general","category-portada","tag-afa","tag-extraescolars"],"post_mailing_queue_ids":[],"_links":{"self":[{"href":"https:\/\/agora.xtec.cat\/escolamossencinto\/wp-json\/wp\/v2\/posts\/17700","targetHints":{"allow":["GET"]}}],"collection":[{"href":"https:\/\/agora.xtec.cat\/escolamossencinto\/wp-json\/wp\/v2\/posts"}],"about":[{"href":"https:\/\/agora.xtec.cat\/escolamossencinto\/wp-json\/wp\/v2\/types\/post"}],"author":[{"embeddable":true,"href":"https:\/\/agora.xtec.cat\/escolamossencinto\/wp-json\/wp\/v2\/users\/1"}],"replies":[{"embeddable":true,"href":"https:\/\/agora.xtec.cat\/escolamossencinto\/wp-json\/wp\/v2\/comments?post=17700"}],"version-history":[{"count":1,"href":"https:\/\/agora.xtec.cat\/escolamossencinto\/wp-json\/wp\/v2\/posts\/17700\/revisions"}],"predecessor-version":[{"id":17704,"href":"https:\/\/agora.xtec.cat\/escolamossencinto\/wp-json\/wp\/v2\/posts\/17700\/revisions\/17704"}],"wp:attachment":[{"href":"https:\/\/agora.xtec.cat\/escolamossencinto\/wp-json\/wp\/v2\/media?parent=17700"}],"wp:term":[{"taxonomy":"category","embeddable":true,"href":"https:\/\/agora.xtec.cat\/escolamossencinto\/wp-json\/wp\/v2\/categories?post=17700"},{"taxonomy":"post_tag","embeddable":true,"href":"https:\/\/agora.xtec.cat\/escolamossencinto\/wp-json\/wp\/v2\/tags?post=17700"}],"curies":[{"name":"wp","href":"https:\/\/api.w.org\/{rel}","templated":true}]}}