{"id":17583,"date":"2025-10-24T12:45:53","date_gmt":"2025-10-24T10:45:53","guid":{"rendered":"https:\/\/agora.xtec.cat\/escolamossencinto\/?p=17583"},"modified":"2025-10-24T12:45:53","modified_gmt":"2025-10-24T10:45:53","slug":"dia-de-les-biblioteques","status":"publish","type":"post","link":"https:\/\/agora.xtec.cat\/escolamossencinto\/general\/dia-de-les-biblioteques\/","title":{"rendered":"Dia de les biblioteques"},"content":{"rendered":"<h3><b>Dia de les Biblioteques<\/b><\/h3>\n<p>&nbsp;<\/p>\n<p style=\"text-align: justify;\"><span style=\"font-weight: 400;\"><a href=\"https:\/\/agora.xtec.cat\/escolamossencinto\/wp-content\/uploads\/usu829\/2025\/10\/unnamed.jpg\" data-wp-editing=\"1\"><img loading=\"lazy\" decoding=\"async\" class=\"wp-image-17584 aligncenter\" src=\"https:\/\/agora.xtec.cat\/escolamossencinto\/wp-content\/uploads\/usu829\/2025\/10\/unnamed.jpg\" alt=\"\" width=\"193\" height=\"270\" srcset=\"https:\/\/agora.xtec.cat\/escolamossencinto\/wp-content\/uploads\/usu829\/2025\/10\/unnamed.jpg 731w, https:\/\/agora.xtec.cat\/escolamossencinto\/wp-content\/uploads\/usu829\/2025\/10\/unnamed-214x300.jpg 214w\" sizes=\"auto, (max-width: 193px) 100vw, 193px\" \/><\/a><\/span><\/p>\n<p style=\"text-align: justify;\"><span style=\"font-weight: 400;\">El <\/span><b>24 d\u2019octubre<\/b><span style=\"font-weight: 400;\"> celebrem el <\/span><b>Dia de les Biblioteques<\/b><span style=\"font-weight: 400;\">, una jornada especial per recordar la import\u00e0ncia que tenen aquests espais plens de llibres, hist\u00f2ries i coneixement. Les biblioteques no s\u00f3n nom\u00e9s llocs per llegir o estudiar, sin\u00f3 tamb\u00e9 espais de trobada, creativitat i descobriment.<\/span><\/p>\n<p><span style=\"font-weight: 400;\">A la nostra escola, la biblioteca \u00e9s un rac\u00f3 molt estimat. Hi podem trobar contes, novel\u00b7les, llibres de ci\u00e8ncia, revistes i molt m\u00e9s. Tamb\u00e9 \u00e9s un lloc on aprenem a compartir, a respectar el silenci i a gaudir del plaer de la lectura.<\/span><\/p>\n<p><span style=\"font-weight: 400;\">Per\u00f2 no oblideu que tamb\u00e9 podeu visitar la <\/span><b>biblioteca municipal<\/b><span style=\"font-weight: 400;\"> del nostre poble o ciutat! All\u00e0 hi trobareu molts m\u00e9s llibres, activitats, tallers i contacontes per gaudir en fam\u00edlia.<\/span><\/p>\n<p><span style=\"font-weight: 400;\">Llegir \u00e9s una gran aventura&#8230; i la biblioteca \u00e9s la porta que ens hi porta!<\/span><\/p>\n","protected":false},"excerpt":{"rendered":"<p>Dia de les Biblioteques &nbsp; El 24 d\u2019octubre celebrem el Dia de les Biblioteques, una jornada especial per recordar la import\u00e0ncia que tenen aquests espais plens de llibres, hist\u00f2ries i coneixement. Les biblioteques no s\u00f3n nom\u00e9s llocs per llegir o estudiar, sin\u00f3 tamb\u00e9 espais de trobada, creativitat i descobriment. A la nostra escola, la biblioteca [&hellip;]<\/p>\n","protected":false},"author":1,"featured_media":0,"comment_status":"closed","ping_status":"open","sticky":false,"template":"","format":"standard","meta":{"_bbp_topic_count":0,"_bbp_reply_count":0,"_bbp_total_topic_count":0,"_bbp_total_reply_count":0,"_bbp_voice_count":0,"_bbp_anonymous_reply_count":0,"_bbp_topic_count_hidden":0,"_bbp_reply_count_hidden":0,"_bbp_forum_subforum_count":0,"site-sidebar-layout":"default","site-content-layout":"","ast-site-content-layout":"default","site-content-style":"default","site-sidebar-style":"default","ast-global-header-display":"","ast-banner-title-visibility":"","ast-main-header-display":"","ast-hfb-above-header-display":"","ast-hfb-below-header-display":"","ast-hfb-mobile-header-display":"","site-post-title":"","ast-breadcrumbs-content":"","ast-featured-img":"","footer-sml-layout":"","theme-transparent-header-meta":"default","adv-header-id-meta":"","stick-header-meta":"","header-above-stick-meta":"","header-main-stick-meta":"","header-below-stick-meta":"","astra-migrate-meta-layouts":"set","ast-page-background-enabled":"default","ast-page-background-meta":{"desktop":{"background-color":"var(--ast-global-color-4)","background-image":"","background-repeat":"repeat","background-position":"center center","background-size":"auto","background-attachment":"scroll","background-type":"","background-media":"","overlay-type":"","overlay-color":"","overlay-opacity":"","overlay-gradient":""},"tablet":{"background-color":"","background-image":"","background-repeat":"repeat","background-position":"center center","background-size":"auto","background-attachment":"scroll","background-type":"","background-media":"","overlay-type":"","overlay-color":"","overlay-opacity":"","overlay-gradient":""},"mobile":{"background-color":"","background-image":"","background-repeat":"repeat","background-position":"center center","background-size":"auto","background-attachment":"scroll","background-type":"","background-media":"","overlay-type":"","overlay-color":"","overlay-opacity":"","overlay-gradient":""}},"ast-content-background-meta":{"desktop":{"background-color":"var(--ast-global-color-5)","background-image":"","background-repeat":"repeat","background-position":"center center","background-size":"auto","background-attachment":"scroll","background-type":"","background-media":"","overlay-type":"","overlay-color":"","overlay-opacity":"","overlay-gradient":""},"tablet":{"background-color":"var(--ast-global-color-5)","background-image":"","background-repeat":"repeat","background-position":"center center","background-size":"auto","background-attachment":"scroll","background-type":"","background-media":"","overlay-type":"","overlay-color":"","overlay-opacity":"","overlay-gradient":""},"mobile":{"background-color":"var(--ast-global-color-5)","background-image":"","background-repeat":"repeat","background-position":"center center","background-size":"auto","background-attachment":"scroll","background-type":"","background-media":"","overlay-type":"","overlay-color":"","overlay-opacity":"","overlay-gradient":""}},"footnotes":""},"categories":[60,1,4],"tags":[],"class_list":["post-17583","post","type-post","status-publish","format-standard","hentry","category-biblioteca","category-general","category-portada"],"post_mailing_queue_ids":[],"_links":{"self":[{"href":"https:\/\/agora.xtec.cat\/escolamossencinto\/wp-json\/wp\/v2\/posts\/17583","targetHints":{"allow":["GET"]}}],"collection":[{"href":"https:\/\/agora.xtec.cat\/escolamossencinto\/wp-json\/wp\/v2\/posts"}],"about":[{"href":"https:\/\/agora.xtec.cat\/escolamossencinto\/wp-json\/wp\/v2\/types\/post"}],"author":[{"embeddable":true,"href":"https:\/\/agora.xtec.cat\/escolamossencinto\/wp-json\/wp\/v2\/users\/1"}],"replies":[{"embeddable":true,"href":"https:\/\/agora.xtec.cat\/escolamossencinto\/wp-json\/wp\/v2\/comments?post=17583"}],"version-history":[{"count":2,"href":"https:\/\/agora.xtec.cat\/escolamossencinto\/wp-json\/wp\/v2\/posts\/17583\/revisions"}],"predecessor-version":[{"id":17586,"href":"https:\/\/agora.xtec.cat\/escolamossencinto\/wp-json\/wp\/v2\/posts\/17583\/revisions\/17586"}],"wp:attachment":[{"href":"https:\/\/agora.xtec.cat\/escolamossencinto\/wp-json\/wp\/v2\/media?parent=17583"}],"wp:term":[{"taxonomy":"category","embeddable":true,"href":"https:\/\/agora.xtec.cat\/escolamossencinto\/wp-json\/wp\/v2\/categories?post=17583"},{"taxonomy":"post_tag","embeddable":true,"href":"https:\/\/agora.xtec.cat\/escolamossencinto\/wp-json\/wp\/v2\/tags?post=17583"}],"curies":[{"name":"wp","href":"https:\/\/api.w.org\/{rel}","templated":true}]}}