{"id":17335,"date":"2025-03-31T09:00:41","date_gmt":"2025-03-31T07:00:41","guid":{"rendered":"https:\/\/agora.xtec.cat\/escolamossencinto\/?p=17335"},"modified":"2025-03-30T21:56:10","modified_gmt":"2025-03-30T19:56:10","slug":"recull-celebracio-del-dia-de-la-poesia-a-lescola","status":"publish","type":"post","link":"https:\/\/agora.xtec.cat\/escolamossencinto\/general\/recull-celebracio-del-dia-de-la-poesia-a-lescola\/","title":{"rendered":"Recull Celebraci\u00f3 del Dia de la Poesia a l&#8217;Escola"},"content":{"rendered":"<p><span style=\"font-weight: 400;\">El passat 21 de mar\u00e7, amb motiu del Dia Mundial de la Poesia, la nostra escola, amb iniciativa de la biblioteca escolar,\u00a0 ha portat a terme un conjunt d&#8217;activitats amb l&#8217;objectiu de fomentar el gust per la poesia entre els infants. Aquestes iniciatives han implicat tota la comunitat educativa, oferint recursos variats i propostes engrescadores per treballar la poesia de manera l\u00fadica i creativa.<\/span><\/p>\n<p><a href=\"https:\/\/docs.google.com\/document\/d\/1F_3KO4gLEq6O6LziRcYNo8KncM6mdNi4AuDZM0bmseg\/edit?tab=t.0\"><b>Un document compartit per tota la comunitat docent<\/b><\/a><span style=\"font-weight: 400;\">. Per tal de facilitar l\u2019acc\u00e9s als recursos po\u00e8tics, hem creat un document compartit on el professorat ha pogut trobar materials adaptats a totes les edats, des d\u2019educaci\u00f3 infantil fins a prim\u00e0ria. Aquest espai col\u00b7laboratiu ha perm\u00e8s recollir experi\u00e8ncies, propostes did\u00e0ctiques i recomanacions per dinamitzar les activitats po\u00e8tiques a l\u2019aula.<\/span><\/p>\n<p><b>Selecci\u00f3 de llibres de poesia.<\/b><span style=\"font-weight: 400;\"> S&#8217;ha elaborat una tria de poemaris adre\u00e7ats a diferents edats i nivells educatius. Aquesta selecci\u00f3 inclou autors cl\u00e0ssics i contemporanis, amb obres que destaquen pel seu valor literari i la seva capacitat per connectar amb els infants. Aquesta tria s\u2019ha guarnit amb t\u00edtols de la biblioteca municipal i de la biblioteca escolar.\u00a0\u00a0<\/span><\/p>\n<p><b>Recursos digitals i activitats interactives<\/b><span style=\"font-weight: 400;\"> Amb la intenci\u00f3 de fer la poesia m\u00e9s accessible i atractiva, s&#8217;han proposat eines en l\u00ednia, v\u00eddeos i activitats l\u00fadiques que permeten als infants explorar aquest g\u00e8nere de manera din\u00e0mica. Des de jocs per completar versos fins a aplicacions per crear poemes visuals, aquests recursos han fomentat la creativitat i la participaci\u00f3 activa dels alumnes.<\/span><\/p>\n<p><b>Lectures en veu alta<\/b><span style=\"font-weight: 400;\">. Els alumnes han tingut l&#8217;oportunitat de llegir els seus poemes preferits i compartir les seves pr\u00f2pies creacions amb els companys. Aquestes sessions han ajudat a donar veu als infants, fomentant la seva confian\u00e7a en l\u2019expressi\u00f3 oral i el gaudi de la literatura.<\/span><\/p>\n<p><a href=\"https:\/\/drive.google.com\/file\/d\/1_emSZhBF4knE6-2Qbeq4lhiG2pPsAI4H\/view?usp=sharing\"><b>Poema rap en el podcast de sis\u00e8<\/b><\/a><b>.<\/b><span style=\"font-weight: 400;\"> Una de les activitats m\u00e9s innovadores d\u2019aquesta edici\u00f3 ha estat la creaci\u00f3 d\u2019un poema rap per part de l\u2019alumnat de sis\u00e8. Despr\u00e9s d\u2019escriure un poema original, el van adaptar al format rap i el van recitar amb ritme i entonaci\u00f3. A m\u00e9s, s&#8217;hi ha afegit m\u00fasica per a la seva emissi\u00f3 en el podcast escolar. Aquesta iniciativa ha combinat poesia, m\u00fasica i tecnologia, fent que els alumnes experimentessin amb noves formes d\u2019expressi\u00f3 art\u00edstica.\u00a0<\/span><\/p>\n<p><a style=\"color: #2795b6;\" href=\"https:\/\/agora.xtec.cat\/escolamossencinto\/wp-content\/uploads\/usu829\/2025\/03\/1.png\"><img loading=\"lazy\" decoding=\"async\" class=\"wp-image-17292 alignleft\" src=\"https:\/\/agora.xtec.cat\/escolamossencinto\/wp-content\/uploads\/usu829\/2025\/03\/1-724x1024.png\" alt=\"\" width=\"123\" height=\"174\" srcset=\"https:\/\/agora.xtec.cat\/escolamossencinto\/wp-content\/uploads\/usu829\/2025\/03\/1-724x1024.png 724w, https:\/\/agora.xtec.cat\/escolamossencinto\/wp-content\/uploads\/usu829\/2025\/03\/1-212x300.png 212w, https:\/\/agora.xtec.cat\/escolamossencinto\/wp-content\/uploads\/usu829\/2025\/03\/1-768x1086.png 768w, https:\/\/agora.xtec.cat\/escolamossencinto\/wp-content\/uploads\/usu829\/2025\/03\/1-1086x1536.png 1086w, https:\/\/agora.xtec.cat\/escolamossencinto\/wp-content\/uploads\/usu829\/2025\/03\/1.png 1414w\" sizes=\"auto, (max-width: 123px) 100vw, 123px\" \/><\/a><\/p>\n<p><a href=\"https:\/\/drive.google.com\/file\/d\/1AVecNAjNMilb2OxM9LgSPhOQ6MX6tpL4\/view?usp=sharing\"><b>Difusi\u00f3 de poemes a les fam\u00edlies.<\/b><\/a><span style=\"font-weight: 400;\"> Amb la voluntat d\u2019implicar tamb\u00e9 les fam\u00edlies en aquesta celebraci\u00f3, s\u2019han dif\u00f3s una selecci\u00f3 de poemes a trav\u00e9s de l\u2019aplicaci\u00f3 de\u00a0<\/span><\/p>\n<p>&nbsp;<\/p>\n<p><span style=\"font-weight: 400;\">l\u2019escola, Dinantia. D\u2019aquesta manera, s\u2019ha convidat les fam\u00edlies a realitzar una lectura compartida a casa i a gaudir de la poesia en un entorn familiar.<\/span><\/p>\n<p>&nbsp;<\/p>\n<p><a href=\"https:\/\/agora.xtec.cat\/escolamossencinto\/wp-content\/uploads\/usu829\/2025\/03\/Agregar-texto.png\"><img loading=\"lazy\" decoding=\"async\" class=\"wp-image-17293 alignleft\" src=\"https:\/\/agora.xtec.cat\/escolamossencinto\/wp-content\/uploads\/usu829\/2025\/03\/Agregar-texto-724x1024.png\" alt=\"\" width=\"189\" height=\"268\" srcset=\"https:\/\/agora.xtec.cat\/escolamossencinto\/wp-content\/uploads\/usu829\/2025\/03\/Agregar-texto-724x1024.png 724w, https:\/\/agora.xtec.cat\/escolamossencinto\/wp-content\/uploads\/usu829\/2025\/03\/Agregar-texto-212x300.png 212w, https:\/\/agora.xtec.cat\/escolamossencinto\/wp-content\/uploads\/usu829\/2025\/03\/Agregar-texto-768x1086.png 768w, https:\/\/agora.xtec.cat\/escolamossencinto\/wp-content\/uploads\/usu829\/2025\/03\/Agregar-texto-1086x1536.png 1086w, https:\/\/agora.xtec.cat\/escolamossencinto\/wp-content\/uploads\/usu829\/2025\/03\/Agregar-texto.png 1414w\" sizes=\"auto, (max-width: 189px) 100vw, 189px\" \/><\/a><a href=\"https:\/\/drive.google.com\/file\/d\/1YBcLL6qNDS-3ZEOd19UP_3WdHVNiXpHr\/view?usp=sharing\"><b>Men\u00fa degustaci\u00f3 de poesia: una mirada feminista<\/b><\/a><span style=\"font-weight: 400;\"> Enguany, hem volgut fer extensiva la celebraci\u00f3 del Dia de la Poesia a tota la setmana, relacionant aquesta data amb la commemoraci\u00f3 del 8 de mar\u00e7. Aix\u00ed, hem reivindicat el paper de la dona en \u00e0mbits on hist\u00f2ricament ha estat invisibilitzada, com ara la cultura, la literatura, el cinema i l\u2019art.<\/span><\/p>\n<p><span style=\"font-weight: 400;\">A la disciplina de la poesia, sovint han estat noms masculins els que han destacat, mentre que moltes dones amb talent eren silenciades o es veien obligades a utilitzar pseud\u00f2nims masculins. Per aquest motiu, hem elaborat un dossier tipus &#8220;men\u00fa degustaci\u00f3 de poesia&#8221;, que hem compartit amb els companys del Plamib i la comunitat docent. Aquest recull presenta una selecci\u00f3 de poetesses que lluiten a trav\u00e9s de les paraules, l\u2019art i la poesia per fer-se un lloc en la hist\u00f2ria liter\u00e0ria.<\/span><\/p>\n<p><span style=\"font-weight: 400;\">Difonent les seves obres, contribu\u00efm al canvi social que promou el feminisme i ajudem a fer que els seus noms siguin reconeguts. Us convidem a gaudir d\u2019aquesta degustaci\u00f3 po\u00e8tica, plena d\u2019ess\u00e8ncia i comprom\u00eds.<\/span><\/p>\n<p><a href=\"https:\/\/www.canva.com\/design\/DAGh6t3w4BY\/C3A-UPuXEgUH0iqlEK5Ndw\/edit\"><b>Bombons amb missatges po\u00e8tics<\/b> <\/a><span style=\"font-weight: 400;\">Per cloure la jornada del 21 de mar\u00e7 i fer arribar la poesia a tota la comunitat educativa, s&#8217;han ofert bombons amb missatges po\u00e8tics. Aquesta iniciativa ha perm\u00e8s difondre la poesia de manera dol\u00e7a i original, fomentant la lectura i apreciaci\u00f3 de la poesia en un ambient agradable i compartit.<\/span><\/p>\n<p><span style=\"font-weight: 400;\">Aquesta celebraci<a href=\"https:\/\/agora.xtec.cat\/escolamossencinto\/wp-content\/uploads\/usu829\/2025\/03\/Dia-de-la-poesia.png\"><img loading=\"lazy\" decoding=\"async\" class=\"wp-image-17291 alignleft\" src=\"https:\/\/agora.xtec.cat\/escolamossencinto\/wp-content\/uploads\/usu829\/2025\/03\/Dia-de-la-poesia-1024x724.png\" alt=\"\" width=\"172\" height=\"122\" srcset=\"https:\/\/agora.xtec.cat\/escolamossencinto\/wp-content\/uploads\/usu829\/2025\/03\/Dia-de-la-poesia-1024x724.png 1024w, https:\/\/agora.xtec.cat\/escolamossencinto\/wp-content\/uploads\/usu829\/2025\/03\/Dia-de-la-poesia-300x212.png 300w, https:\/\/agora.xtec.cat\/escolamossencinto\/wp-content\/uploads\/usu829\/2025\/03\/Dia-de-la-poesia-768x543.png 768w, https:\/\/agora.xtec.cat\/escolamossencinto\/wp-content\/uploads\/usu829\/2025\/03\/Dia-de-la-poesia-1536x1086.png 1536w, https:\/\/agora.xtec.cat\/escolamossencinto\/wp-content\/uploads\/usu829\/2025\/03\/Dia-de-la-poesia.png 2000w\" sizes=\"auto, (max-width: 172px) 100vw, 172px\" \/><\/a>\u00f3 ha estat una experi\u00e8ncia enriquidora per a tota la comunitat educativa i ha refor\u00e7at la import\u00e0ncia de la poesia c<a href=\"https:\/\/agora.xtec.cat\/escolamossencinto\/wp-content\/uploads\/usu829\/2025\/03\/WhatsApp-Image-2025-03-21-at-08.42.25.jpeg\"><img loading=\"lazy\" decoding=\"async\" class=\"wp-image-17288 alignright\" src=\"https:\/\/agora.xtec.cat\/escolamossencinto\/wp-content\/uploads\/usu829\/2025\/03\/WhatsApp-Image-2025-03-21-at-08.42.25-1024x544.jpeg\" alt=\"\" width=\"196\" height=\"104\" srcset=\"https:\/\/agora.xtec.cat\/escolamossencinto\/wp-content\/uploads\/usu829\/2025\/03\/WhatsApp-Image-2025-03-21-at-08.42.25-1024x544.jpeg 1024w, https:\/\/agora.xtec.cat\/escolamossencinto\/wp-content\/uploads\/usu829\/2025\/03\/WhatsApp-Image-2025-03-21-at-08.42.25-300x159.jpeg 300w, https:\/\/agora.xtec.cat\/escolamossencinto\/wp-content\/uploads\/usu829\/2025\/03\/WhatsApp-Image-2025-03-21-at-08.42.25-768x408.jpeg 768w, https:\/\/agora.xtec.cat\/escolamossencinto\/wp-content\/uploads\/usu829\/2025\/03\/WhatsApp-Image-2025-03-21-at-08.42.25-1536x816.jpeg 1536w, https:\/\/agora.xtec.cat\/escolamossencinto\/wp-content\/uploads\/usu829\/2025\/03\/WhatsApp-Image-2025-03-21-at-08.42.25.jpeg 1600w\" sizes=\"auto, (max-width: 196px) 100vw, 196px\" \/><\/a>om a eina per estimular la imaginaci\u00f3 i el llenguatge. Agra\u00efm la implicaci\u00f3 de tot el professorat i de l\u2019alumnat en aquesta iniciativa i esperem seguir promovent la passi\u00f3 per la poesia en els pr\u00f2xims anys.<\/span><\/p>\n<p>&nbsp;<\/p>\n","protected":false},"excerpt":{"rendered":"<p>El passat 21 de mar\u00e7, amb motiu del Dia Mundial de la Poesia, la nostra escola, amb iniciativa de la biblioteca escolar,\u00a0 ha portat a terme un conjunt d&#8217;activitats amb l&#8217;objectiu de fomentar el gust per la poesia entre els infants. Aquestes iniciatives han implicat tota la comunitat educativa, oferint recursos variats i propostes engrescadores [&hellip;]<\/p>\n","protected":false},"author":1,"featured_media":17337,"comment_status":"closed","ping_status":"closed","sticky":false,"template":"","format":"standard","meta":{"_bbp_topic_count":0,"_bbp_reply_count":0,"_bbp_total_topic_count":0,"_bbp_total_reply_count":0,"_bbp_voice_count":0,"_bbp_anonymous_reply_count":0,"_bbp_topic_count_hidden":0,"_bbp_reply_count_hidden":0,"_bbp_forum_subforum_count":0,"site-sidebar-layout":"default","site-content-layout":"","ast-site-content-layout":"","site-content-style":"default","site-sidebar-style":"default","ast-global-header-display":"","ast-banner-title-visibility":"","ast-main-header-display":"","ast-hfb-above-header-display":"","ast-hfb-below-header-display":"","ast-hfb-mobile-header-display":"","site-post-title":"","ast-breadcrumbs-content":"","ast-featured-img":"","footer-sml-layout":"","theme-transparent-header-meta":"","adv-header-id-meta":"","stick-header-meta":"","header-above-stick-meta":"","header-main-stick-meta":"","header-below-stick-meta":"","astra-migrate-meta-layouts":"default","ast-page-background-enabled":"default","ast-page-background-meta":{"desktop":{"background-color":"var(--ast-global-color-4)","background-image":"","background-repeat":"repeat","background-position":"center center","background-size":"auto","background-attachment":"scroll","background-type":"","background-media":"","overlay-type":"","overlay-color":"","overlay-opacity":"","overlay-gradient":""},"tablet":{"background-color":"","background-image":"","background-repeat":"repeat","background-position":"center center","background-size":"auto","background-attachment":"scroll","background-type":"","background-media":"","overlay-type":"","overlay-color":"","overlay-opacity":"","overlay-gradient":""},"mobile":{"background-color":"","background-image":"","background-repeat":"repeat","background-position":"center center","background-size":"auto","background-attachment":"scroll","background-type":"","background-media":"","overlay-type":"","overlay-color":"","overlay-opacity":"","overlay-gradient":""}},"ast-content-background-meta":{"desktop":{"background-color":"var(--ast-global-color-5)","background-image":"","background-repeat":"repeat","background-position":"center center","background-size":"auto","background-attachment":"scroll","background-type":"","background-media":"","overlay-type":"","overlay-color":"","overlay-opacity":"","overlay-gradient":""},"tablet":{"background-color":"var(--ast-global-color-5)","background-image":"","background-repeat":"repeat","background-position":"center center","background-size":"auto","background-attachment":"scroll","background-type":"","background-media":"","overlay-type":"","overlay-color":"","overlay-opacity":"","overlay-gradient":""},"mobile":{"background-color":"var(--ast-global-color-5)","background-image":"","background-repeat":"repeat","background-position":"center center","background-size":"auto","background-attachment":"scroll","background-type":"","background-media":"","overlay-type":"","overlay-color":"","overlay-opacity":"","overlay-gradient":""}},"footnotes":""},"categories":[60,1,4],"tags":[842,843,856,841],"class_list":["post-17335","post","type-post","status-publish","format-standard","has-post-thumbnail","hentry","category-biblioteca","category-general","category-portada","tag-bescat","tag-bibliotecaescolar","tag-diadelapoesia","tag-plamib"],"post_mailing_queue_ids":[],"_links":{"self":[{"href":"https:\/\/agora.xtec.cat\/escolamossencinto\/wp-json\/wp\/v2\/posts\/17335","targetHints":{"allow":["GET"]}}],"collection":[{"href":"https:\/\/agora.xtec.cat\/escolamossencinto\/wp-json\/wp\/v2\/posts"}],"about":[{"href":"https:\/\/agora.xtec.cat\/escolamossencinto\/wp-json\/wp\/v2\/types\/post"}],"author":[{"embeddable":true,"href":"https:\/\/agora.xtec.cat\/escolamossencinto\/wp-json\/wp\/v2\/users\/1"}],"replies":[{"embeddable":true,"href":"https:\/\/agora.xtec.cat\/escolamossencinto\/wp-json\/wp\/v2\/comments?post=17335"}],"version-history":[{"count":4,"href":"https:\/\/agora.xtec.cat\/escolamossencinto\/wp-json\/wp\/v2\/posts\/17335\/revisions"}],"predecessor-version":[{"id":17340,"href":"https:\/\/agora.xtec.cat\/escolamossencinto\/wp-json\/wp\/v2\/posts\/17335\/revisions\/17340"}],"wp:featuredmedia":[{"embeddable":true,"href":"https:\/\/agora.xtec.cat\/escolamossencinto\/wp-json\/wp\/v2\/media\/17337"}],"wp:attachment":[{"href":"https:\/\/agora.xtec.cat\/escolamossencinto\/wp-json\/wp\/v2\/media?parent=17335"}],"wp:term":[{"taxonomy":"category","embeddable":true,"href":"https:\/\/agora.xtec.cat\/escolamossencinto\/wp-json\/wp\/v2\/categories?post=17335"},{"taxonomy":"post_tag","embeddable":true,"href":"https:\/\/agora.xtec.cat\/escolamossencinto\/wp-json\/wp\/v2\/tags?post=17335"}],"curies":[{"name":"wp","href":"https:\/\/api.w.org\/{rel}","templated":true}]}}