{"id":17304,"date":"2025-03-25T13:50:05","date_gmt":"2025-03-25T12:50:05","guid":{"rendered":"https:\/\/agora.xtec.cat\/escolamossencinto\/?p=17304"},"modified":"2025-03-25T13:50:05","modified_gmt":"2025-03-25T12:50:05","slug":"dia-internacional-de-les-dones-8-de-marc","status":"publish","type":"post","link":"https:\/\/agora.xtec.cat\/escolamossencinto\/altres-blocs\/coeducacio-igualtat-genere\/dia-internacional-de-les-dones-8-de-marc\/","title":{"rendered":"Dia Internacional de les Dones, 8 de Mar\u00e7."},"content":{"rendered":"<p>El 8 de mar\u00e7, data reconeguda per l\u2019Organitzaci\u00f3 de les Nacions Unides l\u2019any 1977, commemorem la reivindicaci\u00f3 dels drets de les dones, l\u2019erradicaci\u00f3 de les desigualtats existents en tots els \u00e0mbits de la vida i fer visibles els sabers femenins.<\/p>\n<p style=\"text-align: justify\" data-start=\"66\" data-end=\"419\">Les escoles de\u00a0Rub\u00ed hem commemorat el Dia Internacional de la Dona amb un treball sobre coeducaci\u00f3 i igualtat de g\u00e8nere. Al llarg de la setmana, l\u2019alumnat ha reflexionat sobre el paper de la dona en la societat, el trencament d\u2019estereotips i la import\u00e0ncia de la igualtat d\u2019oportunitats a trav\u00e9s d\u2019activitats educatives i creatives.<\/p>\n<p style=\"text-align: justify\" data-start=\"421\" data-end=\"997\">A les nostres aules hem dut a terme lectures de contes i \u00e0lbums il\u00b7lustrats. Si voleu veure m\u00e9s fotos cliqueu sobre el logotip que hem dissenyat al grup de treball i busqueu la carpeta 16 de Coeducaci\u00f3.<\/p>\n<p style=\"text-align: center\" data-start=\"421\" data-end=\"997\"><a href=\"https:\/\/agora.xtec.cat\/escolamossencinto\/fotos\/fotos-escola\/\"><img loading=\"lazy\" decoding=\"async\" class=\"aligncenter size-thumbnail wp-image-17311\" src=\"https:\/\/agora.xtec.cat\/escolamossencinto\/wp-content\/uploads\/usu829\/2025\/03\/1-150x150.jpg\" alt=\"\" width=\"150\" height=\"150\" srcset=\"https:\/\/agora.xtec.cat\/escolamossencinto\/wp-content\/uploads\/usu829\/2025\/03\/1-150x150.jpg 150w, https:\/\/agora.xtec.cat\/escolamossencinto\/wp-content\/uploads\/usu829\/2025\/03\/1-300x300.jpg 300w, https:\/\/agora.xtec.cat\/escolamossencinto\/wp-content\/uploads\/usu829\/2025\/03\/1.jpg 500w\" sizes=\"auto, (max-width: 150px) 100vw, 150px\" \/><\/a><\/p>\n","protected":false},"excerpt":{"rendered":"<p>El 8 de mar\u00e7, data reconeguda per l\u2019Organitzaci\u00f3 de les Nacions Unides l\u2019any 1977, commemorem la reivindicaci\u00f3 dels drets de les dones, l\u2019erradicaci\u00f3 de les desigualtats existents en tots els \u00e0mbits de la vida i fer visibles els sabers femenins. Les escoles de\u00a0Rub\u00ed hem commemorat el Dia Internacional de la Dona amb un treball sobre [&hellip;]<\/p>\n","protected":false},"author":5,"featured_media":17311,"comment_status":"closed","ping_status":"closed","sticky":false,"template":"","format":"standard","meta":{"_bbp_topic_count":0,"_bbp_reply_count":0,"_bbp_total_topic_count":0,"_bbp_total_reply_count":0,"_bbp_voice_count":0,"_bbp_anonymous_reply_count":0,"_bbp_topic_count_hidden":0,"_bbp_reply_count_hidden":0,"_bbp_forum_subforum_count":0,"site-sidebar-layout":"default","site-content-layout":"","ast-site-content-layout":"","site-content-style":"default","site-sidebar-style":"default","ast-global-header-display":"","ast-banner-title-visibility":"","ast-main-header-display":"","ast-hfb-above-header-display":"","ast-hfb-below-header-display":"","ast-hfb-mobile-header-display":"","site-post-title":"","ast-breadcrumbs-content":"","ast-featured-img":"","footer-sml-layout":"","theme-transparent-header-meta":"","adv-header-id-meta":"","stick-header-meta":"","header-above-stick-meta":"","header-main-stick-meta":"","header-below-stick-meta":"","astra-migrate-meta-layouts":"default","ast-page-background-enabled":"default","ast-page-background-meta":{"desktop":{"background-color":"var(--ast-global-color-4)","background-image":"","background-repeat":"repeat","background-position":"center center","background-size":"auto","background-attachment":"scroll","background-type":"","background-media":"","overlay-type":"","overlay-color":"","overlay-opacity":"","overlay-gradient":""},"tablet":{"background-color":"","background-image":"","background-repeat":"repeat","background-position":"center center","background-size":"auto","background-attachment":"scroll","background-type":"","background-media":"","overlay-type":"","overlay-color":"","overlay-opacity":"","overlay-gradient":""},"mobile":{"background-color":"","background-image":"","background-repeat":"repeat","background-position":"center center","background-size":"auto","background-attachment":"scroll","background-type":"","background-media":"","overlay-type":"","overlay-color":"","overlay-opacity":"","overlay-gradient":""}},"ast-content-background-meta":{"desktop":{"background-color":"var(--ast-global-color-5)","background-image":"","background-repeat":"repeat","background-position":"center center","background-size":"auto","background-attachment":"scroll","background-type":"","background-media":"","overlay-type":"","overlay-color":"","overlay-opacity":"","overlay-gradient":""},"tablet":{"background-color":"var(--ast-global-color-5)","background-image":"","background-repeat":"repeat","background-position":"center center","background-size":"auto","background-attachment":"scroll","background-type":"","background-media":"","overlay-type":"","overlay-color":"","overlay-opacity":"","overlay-gradient":""},"mobile":{"background-color":"var(--ast-global-color-5)","background-image":"","background-repeat":"repeat","background-position":"center center","background-size":"auto","background-attachment":"scroll","background-type":"","background-media":"","overlay-type":"","overlay-color":"","overlay-opacity":"","overlay-gradient":""}},"footnotes":""},"categories":[36],"tags":[],"class_list":["post-17304","post","type-post","status-publish","format-standard","has-post-thumbnail","hentry","category-coeducacio-igualtat-genere"],"post_mailing_queue_ids":[],"_links":{"self":[{"href":"https:\/\/agora.xtec.cat\/escolamossencinto\/wp-json\/wp\/v2\/posts\/17304","targetHints":{"allow":["GET"]}}],"collection":[{"href":"https:\/\/agora.xtec.cat\/escolamossencinto\/wp-json\/wp\/v2\/posts"}],"about":[{"href":"https:\/\/agora.xtec.cat\/escolamossencinto\/wp-json\/wp\/v2\/types\/post"}],"author":[{"embeddable":true,"href":"https:\/\/agora.xtec.cat\/escolamossencinto\/wp-json\/wp\/v2\/users\/5"}],"replies":[{"embeddable":true,"href":"https:\/\/agora.xtec.cat\/escolamossencinto\/wp-json\/wp\/v2\/comments?post=17304"}],"version-history":[{"count":1,"href":"https:\/\/agora.xtec.cat\/escolamossencinto\/wp-json\/wp\/v2\/posts\/17304\/revisions"}],"predecessor-version":[{"id":17312,"href":"https:\/\/agora.xtec.cat\/escolamossencinto\/wp-json\/wp\/v2\/posts\/17304\/revisions\/17312"}],"wp:featuredmedia":[{"embeddable":true,"href":"https:\/\/agora.xtec.cat\/escolamossencinto\/wp-json\/wp\/v2\/media\/17311"}],"wp:attachment":[{"href":"https:\/\/agora.xtec.cat\/escolamossencinto\/wp-json\/wp\/v2\/media?parent=17304"}],"wp:term":[{"taxonomy":"category","embeddable":true,"href":"https:\/\/agora.xtec.cat\/escolamossencinto\/wp-json\/wp\/v2\/categories?post=17304"},{"taxonomy":"post_tag","embeddable":true,"href":"https:\/\/agora.xtec.cat\/escolamossencinto\/wp-json\/wp\/v2\/tags?post=17304"}],"curies":[{"name":"wp","href":"https:\/\/api.w.org\/{rel}","templated":true}]}}