{"id":17280,"date":"2025-03-20T14:42:27","date_gmt":"2025-03-20T13:42:27","guid":{"rendered":"https:\/\/agora.xtec.cat\/escolamossencinto\/?p=17280"},"modified":"2025-03-20T19:53:12","modified_gmt":"2025-03-20T18:53:12","slug":"un-mati-diferent-i-molt-divertit-a-lescola","status":"publish","type":"post","link":"https:\/\/agora.xtec.cat\/escolamossencinto\/infantil\/p3\/un-mati-diferent-i-molt-divertit-a-lescola\/","title":{"rendered":"UN MAT\u00cd DIFERENT I MOLT DIVERTIT A L\u2019ESCOLA"},"content":{"rendered":"<p data-pm-slice=\"1 1 []\">CARNAVAL! Quina setmana m\u00e9s boja i emocionat! Uns dies plens d&#8217;alegria, disfresses, il\u00b7lusi\u00f3 i balls. Els infants d\u2019I3 van arribar un mat\u00ed a l\u2019escola amb moltes ganes de gresca&#8230; i aix\u00f2 \u00e9s el que va passar&#8230; mireu, mireu les fotos&#8230; (les podreu veure clicant a la imatge). S\u00f3n el record d\u2019un mat\u00ed molt especial ple de diversi\u00f3, color i creativitat. Ens hem deixat portar per l\u2019alegria del moment, ens hem maquillat, ballat, disfressat&#8230; creant un ambient festiu que tots i totes hem gaudit al m\u00e0xim.<\/p>\n<p data-pm-slice=\"1 1 []\"><a href=\"https:\/\/agora.xtec.cat\/escolamossencinto\/fotos\/fotos-dei-3\/\" target=\"_blank\" rel=\"https:\/\/agora.xtec.cat\/escolamossencinto\/fotos\/fotos-dei-3\/ noopener\"><img loading=\"lazy\" decoding=\"async\" class=\"aligncenter wp-image-17282\" src=\"https:\/\/agora.xtec.cat\/escolamossencinto\/wp-content\/uploads\/usu829\/2025\/03\/4779438-150x150.jpg\" alt=\"\" width=\"208\" height=\"208\" srcset=\"https:\/\/agora.xtec.cat\/escolamossencinto\/wp-content\/uploads\/usu829\/2025\/03\/4779438-150x150.jpg 150w, https:\/\/agora.xtec.cat\/escolamossencinto\/wp-content\/uploads\/usu829\/2025\/03\/4779438-300x300.jpg 300w, https:\/\/agora.xtec.cat\/escolamossencinto\/wp-content\/uploads\/usu829\/2025\/03\/4779438-1024x1024.jpg 1024w, https:\/\/agora.xtec.cat\/escolamossencinto\/wp-content\/uploads\/usu829\/2025\/03\/4779438-768x768.jpg 768w, https:\/\/agora.xtec.cat\/escolamossencinto\/wp-content\/uploads\/usu829\/2025\/03\/4779438-1536x1536.jpg 1536w, https:\/\/agora.xtec.cat\/escolamossencinto\/wp-content\/uploads\/usu829\/2025\/03\/4779438.jpg 2000w\" sizes=\"auto, (max-width: 208px) 100vw, 208px\" \/><\/a><\/p>\n","protected":false},"excerpt":{"rendered":"<p>CARNAVAL! Quina setmana m\u00e9s boja i emocionat! Uns dies plens d&#8217;alegria, disfresses, il\u00b7lusi\u00f3 i balls. Els infants d\u2019I3 van arribar un mat\u00ed a l\u2019escola amb moltes ganes de gresca&#8230; i aix\u00f2 \u00e9s el que va passar&#8230; mireu, mireu les fotos&#8230; (les podreu veure clicant a la imatge). S\u00f3n el record d\u2019un mat\u00ed molt especial ple [&hellip;]<\/p>\n","protected":false},"author":5,"featured_media":0,"comment_status":"closed","ping_status":"closed","sticky":false,"template":"","format":"standard","meta":{"_bbp_topic_count":0,"_bbp_reply_count":0,"_bbp_total_topic_count":0,"_bbp_total_reply_count":0,"_bbp_voice_count":0,"_bbp_anonymous_reply_count":0,"_bbp_topic_count_hidden":0,"_bbp_reply_count_hidden":0,"_bbp_forum_subforum_count":0,"site-sidebar-layout":"default","site-content-layout":"","ast-site-content-layout":"","site-content-style":"default","site-sidebar-style":"default","ast-global-header-display":"","ast-banner-title-visibility":"","ast-main-header-display":"","ast-hfb-above-header-display":"","ast-hfb-below-header-display":"","ast-hfb-mobile-header-display":"","site-post-title":"","ast-breadcrumbs-content":"","ast-featured-img":"","footer-sml-layout":"","theme-transparent-header-meta":"","adv-header-id-meta":"","stick-header-meta":"","header-above-stick-meta":"","header-main-stick-meta":"","header-below-stick-meta":"","astra-migrate-meta-layouts":"default","ast-page-background-enabled":"default","ast-page-background-meta":{"desktop":{"background-color":"var(--ast-global-color-4)","background-image":"","background-repeat":"repeat","background-position":"center center","background-size":"auto","background-attachment":"scroll","background-type":"","background-media":"","overlay-type":"","overlay-color":"","overlay-opacity":"","overlay-gradient":""},"tablet":{"background-color":"","background-image":"","background-repeat":"repeat","background-position":"center center","background-size":"auto","background-attachment":"scroll","background-type":"","background-media":"","overlay-type":"","overlay-color":"","overlay-opacity":"","overlay-gradient":""},"mobile":{"background-color":"","background-image":"","background-repeat":"repeat","background-position":"center center","background-size":"auto","background-attachment":"scroll","background-type":"","background-media":"","overlay-type":"","overlay-color":"","overlay-opacity":"","overlay-gradient":""}},"ast-content-background-meta":{"desktop":{"background-color":"var(--ast-global-color-5)","background-image":"","background-repeat":"repeat","background-position":"center center","background-size":"auto","background-attachment":"scroll","background-type":"","background-media":"","overlay-type":"","overlay-color":"","overlay-opacity":"","overlay-gradient":""},"tablet":{"background-color":"var(--ast-global-color-5)","background-image":"","background-repeat":"repeat","background-position":"center center","background-size":"auto","background-attachment":"scroll","background-type":"","background-media":"","overlay-type":"","overlay-color":"","overlay-opacity":"","overlay-gradient":""},"mobile":{"background-color":"var(--ast-global-color-5)","background-image":"","background-repeat":"repeat","background-position":"center center","background-size":"auto","background-attachment":"scroll","background-type":"","background-media":"","overlay-type":"","overlay-color":"","overlay-opacity":"","overlay-gradient":""}},"footnotes":""},"categories":[3],"tags":[],"class_list":["post-17280","post","type-post","status-publish","format-standard","hentry","category-p3"],"post_mailing_queue_ids":[],"_links":{"self":[{"href":"https:\/\/agora.xtec.cat\/escolamossencinto\/wp-json\/wp\/v2\/posts\/17280","targetHints":{"allow":["GET"]}}],"collection":[{"href":"https:\/\/agora.xtec.cat\/escolamossencinto\/wp-json\/wp\/v2\/posts"}],"about":[{"href":"https:\/\/agora.xtec.cat\/escolamossencinto\/wp-json\/wp\/v2\/types\/post"}],"author":[{"embeddable":true,"href":"https:\/\/agora.xtec.cat\/escolamossencinto\/wp-json\/wp\/v2\/users\/5"}],"replies":[{"embeddable":true,"href":"https:\/\/agora.xtec.cat\/escolamossencinto\/wp-json\/wp\/v2\/comments?post=17280"}],"version-history":[{"count":3,"href":"https:\/\/agora.xtec.cat\/escolamossencinto\/wp-json\/wp\/v2\/posts\/17280\/revisions"}],"predecessor-version":[{"id":17286,"href":"https:\/\/agora.xtec.cat\/escolamossencinto\/wp-json\/wp\/v2\/posts\/17280\/revisions\/17286"}],"wp:attachment":[{"href":"https:\/\/agora.xtec.cat\/escolamossencinto\/wp-json\/wp\/v2\/media?parent=17280"}],"wp:term":[{"taxonomy":"category","embeddable":true,"href":"https:\/\/agora.xtec.cat\/escolamossencinto\/wp-json\/wp\/v2\/categories?post=17280"},{"taxonomy":"post_tag","embeddable":true,"href":"https:\/\/agora.xtec.cat\/escolamossencinto\/wp-json\/wp\/v2\/tags?post=17280"}],"curies":[{"name":"wp","href":"https:\/\/api.w.org\/{rel}","templated":true}]}}