{"id":17150,"date":"2025-01-23T13:27:46","date_gmt":"2025-01-23T12:27:46","guid":{"rendered":"https:\/\/agora.xtec.cat\/escolamossencinto\/?p=17150"},"modified":"2025-01-23T13:27:46","modified_gmt":"2025-01-23T12:27:46","slug":"dia-mundial-del-medi-ambient-2","status":"publish","type":"post","link":"https:\/\/agora.xtec.cat\/escolamossencinto\/general\/dia-mundial-del-medi-ambient-2\/","title":{"rendered":"DIA MUNDIAL DEL MEDI AMBIENT"},"content":{"rendered":"<p>Bon dia fam\u00edlies,<\/p>\n<p>Des de la Comissi\u00f3 Verda us volem recordar que el proper diumenge dia<strong> 26 de gener \u00e9s el Dia Mundial del Medi Ambient.<\/strong><\/p>\n<p>Us volem compartir una s\u00e8rie de v\u00eddeos que hem considerat adequats per veure&#8217;ls amb els vostres fills i filles.<\/p>\n<p><span style=\"font-weight: 400\">Per treballar el medi ambient:<\/span><\/p>\n<ul style=\"list-style-type: circle\">\n<li><a href=\"https:\/\/www.youtube.com\/watch?v=6fkTx4haAdY\">https:\/\/www.youtube.com\/watch?v=6fkTx4haAdY<\/a><\/li>\n<li><a href=\"https:\/\/www.youtube.com\/watch?v=aWgHk8Mso0s\">https:\/\/www.youtube.com\/watch?v=aWgHk8Mso0s<\/a><\/li>\n<\/ul>\n<p>Per treballar el reciclatge:<\/p>\n<ul style=\"list-style-type: circle\">\n<li><a href=\"https:\/\/www.youtube.com\/watch?v=2ACfY-1lJAk&amp;t=18s\">https:\/\/www.youtube.com\/watch?v=2ACfY-1lJAk&amp;t=18s<\/a><\/li>\n<\/ul>\n<p>Per treballar l&#8217;ecologia:<\/p>\n<ul style=\"list-style-type: circle\">\n<li><a href=\"https:\/\/www.youtube.com\/watch?v=JkqK7iem_AU\">https:\/\/www.youtube.com\/watch?v=JkqK7iem_AU<\/a><\/li>\n<\/ul>\n<p>Per treballar l&#8217;aigua:<\/p>\n<ul style=\"list-style-type: circle\">\n<li><a href=\"https:\/\/www.youtube.com\/watch?v=S4AKM1yeYLk\">https:\/\/www.youtube.com\/watch?v=S4AKM1yeYLk<\/a><\/li>\n<li><a href=\"https:\/\/www.youtube.com\/watch?v=rpji86px-98&amp;t=2s\">https:\/\/www.youtube.com\/watch?v=rpji86px-98&amp;t=2s<\/a><\/li>\n<\/ul>\n<p><span style=\"font-weight: 400\">Consells medi ambient i sostenibilitat: <\/span><\/p>\n<ul style=\"list-style-type: circle\">\n<li><a href=\"https:\/\/www.youtube.com\/watch?v=nvUqnpicSd0\">https:\/\/www.youtube.com\/watch?v=nvUqnpicSd0<\/a><\/li>\n<\/ul>\n<p>&nbsp;<\/p>\n<p>Esperem que siguin del vostre inter\u00e8s!<\/p>\n<p>Gr\u00e0cies<\/p>\n<p>&nbsp;<\/p>\n","protected":false},"excerpt":{"rendered":"<p>Bon dia fam\u00edlies, Des de la Comissi\u00f3 Verda us volem recordar que el proper diumenge dia 26 de gener \u00e9s el Dia Mundial del Medi Ambient. Us volem compartir una s\u00e8rie de v\u00eddeos que hem considerat adequats per veure&#8217;ls amb els vostres fills i filles. Per treballar el medi ambient: https:\/\/www.youtube.com\/watch?v=6fkTx4haAdY https:\/\/www.youtube.com\/watch?v=aWgHk8Mso0s Per treballar el [&hellip;]<\/p>\n","protected":false},"author":5,"featured_media":17152,"comment_status":"closed","ping_status":"closed","sticky":false,"template":"","format":"standard","meta":{"_bbp_topic_count":0,"_bbp_reply_count":0,"_bbp_total_topic_count":0,"_bbp_total_reply_count":0,"_bbp_voice_count":0,"_bbp_anonymous_reply_count":0,"_bbp_topic_count_hidden":0,"_bbp_reply_count_hidden":0,"_bbp_forum_subforum_count":0,"site-sidebar-layout":"default","site-content-layout":"","ast-site-content-layout":"","site-content-style":"default","site-sidebar-style":"default","ast-global-header-display":"","ast-banner-title-visibility":"","ast-main-header-display":"","ast-hfb-above-header-display":"","ast-hfb-below-header-display":"","ast-hfb-mobile-header-display":"","site-post-title":"","ast-breadcrumbs-content":"","ast-featured-img":"","footer-sml-layout":"","theme-transparent-header-meta":"","adv-header-id-meta":"","stick-header-meta":"","header-above-stick-meta":"","header-main-stick-meta":"","header-below-stick-meta":"","astra-migrate-meta-layouts":"default","ast-page-background-enabled":"default","ast-page-background-meta":{"desktop":{"background-color":"var(--ast-global-color-4)","background-image":"","background-repeat":"repeat","background-position":"center center","background-size":"auto","background-attachment":"scroll","background-type":"","background-media":"","overlay-type":"","overlay-color":"","overlay-opacity":"","overlay-gradient":""},"tablet":{"background-color":"","background-image":"","background-repeat":"repeat","background-position":"center center","background-size":"auto","background-attachment":"scroll","background-type":"","background-media":"","overlay-type":"","overlay-color":"","overlay-opacity":"","overlay-gradient":""},"mobile":{"background-color":"","background-image":"","background-repeat":"repeat","background-position":"center center","background-size":"auto","background-attachment":"scroll","background-type":"","background-media":"","overlay-type":"","overlay-color":"","overlay-opacity":"","overlay-gradient":""}},"ast-content-background-meta":{"desktop":{"background-color":"var(--ast-global-color-5)","background-image":"","background-repeat":"repeat","background-position":"center center","background-size":"auto","background-attachment":"scroll","background-type":"","background-media":"","overlay-type":"","overlay-color":"","overlay-opacity":"","overlay-gradient":""},"tablet":{"background-color":"var(--ast-global-color-5)","background-image":"","background-repeat":"repeat","background-position":"center center","background-size":"auto","background-attachment":"scroll","background-type":"","background-media":"","overlay-type":"","overlay-color":"","overlay-opacity":"","overlay-gradient":""},"mobile":{"background-color":"var(--ast-global-color-5)","background-image":"","background-repeat":"repeat","background-position":"center center","background-size":"auto","background-attachment":"scroll","background-type":"","background-media":"","overlay-type":"","overlay-color":"","overlay-opacity":"","overlay-gradient":""}},"footnotes":""},"categories":[1,35],"tags":[165,183],"class_list":["post-17150","post","type-post","status-publish","format-standard","has-post-thumbnail","hentry","category-general","category-medi-ambient","tag-families","tag-medi-ambient"],"post_mailing_queue_ids":[],"_links":{"self":[{"href":"https:\/\/agora.xtec.cat\/escolamossencinto\/wp-json\/wp\/v2\/posts\/17150","targetHints":{"allow":["GET"]}}],"collection":[{"href":"https:\/\/agora.xtec.cat\/escolamossencinto\/wp-json\/wp\/v2\/posts"}],"about":[{"href":"https:\/\/agora.xtec.cat\/escolamossencinto\/wp-json\/wp\/v2\/types\/post"}],"author":[{"embeddable":true,"href":"https:\/\/agora.xtec.cat\/escolamossencinto\/wp-json\/wp\/v2\/users\/5"}],"replies":[{"embeddable":true,"href":"https:\/\/agora.xtec.cat\/escolamossencinto\/wp-json\/wp\/v2\/comments?post=17150"}],"version-history":[{"count":1,"href":"https:\/\/agora.xtec.cat\/escolamossencinto\/wp-json\/wp\/v2\/posts\/17150\/revisions"}],"predecessor-version":[{"id":17151,"href":"https:\/\/agora.xtec.cat\/escolamossencinto\/wp-json\/wp\/v2\/posts\/17150\/revisions\/17151"}],"wp:featuredmedia":[{"embeddable":true,"href":"https:\/\/agora.xtec.cat\/escolamossencinto\/wp-json\/wp\/v2\/media\/17152"}],"wp:attachment":[{"href":"https:\/\/agora.xtec.cat\/escolamossencinto\/wp-json\/wp\/v2\/media?parent=17150"}],"wp:term":[{"taxonomy":"category","embeddable":true,"href":"https:\/\/agora.xtec.cat\/escolamossencinto\/wp-json\/wp\/v2\/categories?post=17150"},{"taxonomy":"post_tag","embeddable":true,"href":"https:\/\/agora.xtec.cat\/escolamossencinto\/wp-json\/wp\/v2\/tags?post=17150"}],"curies":[{"name":"wp","href":"https:\/\/api.w.org\/{rel}","templated":true}]}}