{"id":16846,"date":"2024-05-07T16:20:17","date_gmt":"2024-05-07T14:20:17","guid":{"rendered":"https:\/\/agora.xtec.cat\/escolamossencinto\/?p=16846"},"modified":"2024-05-07T16:20:17","modified_gmt":"2024-05-07T14:20:17","slug":"mostra-de-dansa","status":"publish","type":"post","link":"https:\/\/agora.xtec.cat\/escolamossencinto\/infantil\/mostra-de-dansa\/","title":{"rendered":"Mostra de Dansa"},"content":{"rendered":"<p><img loading=\"lazy\" decoding=\"async\" class=\"aligncenter size-full wp-image-16847\" src=\"https:\/\/agora.xtec.cat\/escolamossencinto\/wp-content\/uploads\/usu829\/2024\/05\/esbart-dansaire.png\" alt=\"\" width=\"265\" height=\"190\" \/><\/p>\n<p><span style=\"color: #444444\"><span style=\"font-family: Open Sans, Arial, Helvetica, sans-serif\"><span style=\"font-size: small\">El dia 2 de maig vam fer la mostra de dansa, la qual ens ve oferta des d\u2019un programa que l\u2019Esbart Dansaire de Rub\u00ed porta a les aules gr\u00e0cies al suport de l\u2019Ajuntament de Rub\u00ed. Aquest projecte serveix per apropar la dansa tradicional a les escoles p\u00fabliques i concertades de la ciutat en horari lectiu i aix\u00ed oferir el seu aprenentatge com a t\u00e8cnica d\u2019expressi\u00f3 i normalitzaci\u00f3 del coneixement del pa\u00eds. <\/span><\/span><\/span><\/p>\n<p><span style=\"color: #444444\"><span style=\"font-family: Open Sans, Arial, Helvetica, sans-serif\"><span style=\"font-size: small\">Va ser una experi\u00e8ncia molt enriquidora per a la comunitat educativa. Moltes gr\u00e0cies per la vostra participaci\u00f3. Els infants van gaudir molt ballant les seg\u00fcents danses:<\/span><\/span><\/span><\/p>\n<p><span style=\"color: #444444\"><span style=\"font-family: Open Sans, Arial, Helvetica, sans-serif\"><span style=\"font-size: small\"><b>I3A Jan Petit rumba! (Classe dels i les futbolistes)<\/b><\/span><\/span><\/span><\/p>\n<p align=\"justify\"><span style=\"color: #444444\"><span style=\"font-family: Open Sans, Arial, Helvetica, sans-serif\"><span style=\"font-size: small\">El Jan petit \u00e9s una can\u00e7\u00f3 infantil tradicional i una dansa infantil popular als pa\u00efsos catalans i sud de Fran\u00e7a. En aquesta dansa els infants han apr\u00e8s a identificar diferents parts del cos al ritme de la rumba. <\/span><\/span><\/span><\/p>\n<p><span style=\"color: #444444\"><span style=\"font-family: Open Sans, Arial, Helvetica, sans-serif\"><span style=\"font-size: small\"><b>I3B Arri arri tatanet (Classe dels i les ciclistes)<\/b><\/span><\/span><\/span><\/p>\n<p><span style=\"color: #444444\"><span style=\"font-family: Open Sans, Arial, Helvetica, sans-serif\"><span style=\"font-size: small\">Joc que es fa a les criatures encara petites. Les fam\u00edlies posaven una cama sobre l\u2019altra i asseien el infant sobre al seu peu, cama aqu\u00ed, cama all\u00e0, aguantant-lo amb les mans i fent moure el peu imitant el saltir\u00f3 que fa el cavall a qui el munta.<\/span><\/span><\/span><\/p>\n<p><span style=\"color: #444444\"><span style=\"font-family: Open Sans, Arial, Helvetica, sans-serif\"><span style=\"font-size: small\"><b>Comuna I3 Trinco trinco<\/b><\/span><\/span><\/span><\/p>\n<p align=\"justify\"><span style=\"color: #444444\"><span style=\"font-family: Open Sans, Arial, Helvetica, sans-serif\"><span style=\"font-size: small\"><span style=\"color: #222222\">Aquesta dansa, com b\u00e9 diu la lletra, hem d\u2019anar en compte de no \u201cmullar-nos\u201d els peuets i cal seguir la can\u00e7\u00f3, anant de puntetes o de talons mentre ballem.<\/span><\/span><\/span><\/span><\/p>\n<p align=\"justify\"><span style=\"font-size: small\"><span style=\"color: #444444\"><span style=\"font-family: Open Sans, Arial, Helvetica, sans-serif\">I, per acabar, tots els infants de la comunitat de petits <\/span><\/span><span style=\"color: #444444\"><span style=\"font-family: Open Sans, Arial, Helvetica, sans-serif\">es van acomiadar<\/span><\/span><span style=\"color: #444444\"><span style=\"font-family: Open Sans, Arial, Helvetica, sans-serif\"> amb el Ball de Gitanes de Rub\u00ed. <\/span><\/span><span style=\"color: #444444\"><span style=\"font-family: Open Sans, Arial, Helvetica, sans-serif\">El Ball de Gitanes, m\u00e9s que una dansa, era tota una festa des del seu origen, com a dansa ballada pels gitanos quan celebraven els seus casaments, fins a la seva incorporaci\u00f3 al patrimoni popular. <\/span><\/span><span style=\"color: #444444\"><span style=\"font-family: Open Sans, Arial, Helvetica, sans-serif\">Una dansa molt tradicional del nostre poble.<\/span><\/span><\/span><\/p>\n<p><span style=\"color: #444444\"><span style=\"font-family: Open Sans, Arial, Helvetica, sans-serif\"><span style=\"font-size: small\">A continuaci\u00f3 clicant el nom podeu veure els v\u00eddeos de la mostra de dansa:<\/span><\/span><\/span><\/p>\n<p><span style=\"color: #444444\"><span style=\"font-family: Open Sans, Arial, Helvetica, sans-serif\"><span style=\"font-size: small\"><a href=\"https:\/\/agora.xtec.cat\/escolamossencinto\/fotos\/fotos-dei-3\/\"><strong>I3<\/strong><\/a> &#8211; https:\/\/agora.xtec.cat\/escolamossencinto\/fotos\/fotos-dei-3\/ <\/span><\/span><\/span><\/p>\n","protected":false},"excerpt":{"rendered":"<p>El dia 2 de maig vam fer la mostra de dansa, la qual ens ve oferta des d\u2019un programa que l\u2019Esbart Dansaire de Rub\u00ed porta a les aules gr\u00e0cies al suport de l\u2019Ajuntament de Rub\u00ed. Aquest projecte serveix per apropar la dansa tradicional a les escoles p\u00fabliques i concertades de la ciutat en horari lectiu [&hellip;]<\/p>\n","protected":false},"author":5,"featured_media":0,"comment_status":"open","ping_status":"closed","sticky":false,"template":"","format":"standard","meta":{"_bbp_topic_count":0,"_bbp_reply_count":0,"_bbp_total_topic_count":0,"_bbp_total_reply_count":0,"_bbp_voice_count":0,"_bbp_anonymous_reply_count":0,"_bbp_topic_count_hidden":0,"_bbp_reply_count_hidden":0,"_bbp_forum_subforum_count":0,"site-sidebar-layout":"default","site-content-layout":"","ast-site-content-layout":"","site-content-style":"default","site-sidebar-style":"default","ast-global-header-display":"","ast-banner-title-visibility":"","ast-main-header-display":"","ast-hfb-above-header-display":"","ast-hfb-below-header-display":"","ast-hfb-mobile-header-display":"","site-post-title":"","ast-breadcrumbs-content":"","ast-featured-img":"","footer-sml-layout":"","theme-transparent-header-meta":"","adv-header-id-meta":"","stick-header-meta":"","header-above-stick-meta":"","header-main-stick-meta":"","header-below-stick-meta":"","astra-migrate-meta-layouts":"default","ast-page-background-enabled":"default","ast-page-background-meta":{"desktop":{"background-color":"var(--ast-global-color-4)","background-image":"","background-repeat":"repeat","background-position":"center center","background-size":"auto","background-attachment":"scroll","background-type":"","background-media":"","overlay-type":"","overlay-color":"","overlay-opacity":"","overlay-gradient":""},"tablet":{"background-color":"","background-image":"","background-repeat":"repeat","background-position":"center center","background-size":"auto","background-attachment":"scroll","background-type":"","background-media":"","overlay-type":"","overlay-color":"","overlay-opacity":"","overlay-gradient":""},"mobile":{"background-color":"","background-image":"","background-repeat":"repeat","background-position":"center center","background-size":"auto","background-attachment":"scroll","background-type":"","background-media":"","overlay-type":"","overlay-color":"","overlay-opacity":"","overlay-gradient":""}},"ast-content-background-meta":{"desktop":{"background-color":"var(--ast-global-color-5)","background-image":"","background-repeat":"repeat","background-position":"center center","background-size":"auto","background-attachment":"scroll","background-type":"","background-media":"","overlay-type":"","overlay-color":"","overlay-opacity":"","overlay-gradient":""},"tablet":{"background-color":"var(--ast-global-color-5)","background-image":"","background-repeat":"repeat","background-position":"center center","background-size":"auto","background-attachment":"scroll","background-type":"","background-media":"","overlay-type":"","overlay-color":"","overlay-opacity":"","overlay-gradient":""},"mobile":{"background-color":"var(--ast-global-color-5)","background-image":"","background-repeat":"repeat","background-position":"center center","background-size":"auto","background-attachment":"scroll","background-type":"","background-media":"","overlay-type":"","overlay-color":"","overlay-opacity":"","overlay-gradient":""}},"footnotes":""},"categories":[2,3],"tags":[],"class_list":["post-16846","post","type-post","status-publish","format-standard","hentry","category-infantil","category-p3"],"post_mailing_queue_ids":[],"_links":{"self":[{"href":"https:\/\/agora.xtec.cat\/escolamossencinto\/wp-json\/wp\/v2\/posts\/16846","targetHints":{"allow":["GET"]}}],"collection":[{"href":"https:\/\/agora.xtec.cat\/escolamossencinto\/wp-json\/wp\/v2\/posts"}],"about":[{"href":"https:\/\/agora.xtec.cat\/escolamossencinto\/wp-json\/wp\/v2\/types\/post"}],"author":[{"embeddable":true,"href":"https:\/\/agora.xtec.cat\/escolamossencinto\/wp-json\/wp\/v2\/users\/5"}],"replies":[{"embeddable":true,"href":"https:\/\/agora.xtec.cat\/escolamossencinto\/wp-json\/wp\/v2\/comments?post=16846"}],"version-history":[{"count":2,"href":"https:\/\/agora.xtec.cat\/escolamossencinto\/wp-json\/wp\/v2\/posts\/16846\/revisions"}],"predecessor-version":[{"id":16854,"href":"https:\/\/agora.xtec.cat\/escolamossencinto\/wp-json\/wp\/v2\/posts\/16846\/revisions\/16854"}],"wp:attachment":[{"href":"https:\/\/agora.xtec.cat\/escolamossencinto\/wp-json\/wp\/v2\/media?parent=16846"}],"wp:term":[{"taxonomy":"category","embeddable":true,"href":"https:\/\/agora.xtec.cat\/escolamossencinto\/wp-json\/wp\/v2\/categories?post=16846"},{"taxonomy":"post_tag","embeddable":true,"href":"https:\/\/agora.xtec.cat\/escolamossencinto\/wp-json\/wp\/v2\/tags?post=16846"}],"curies":[{"name":"wp","href":"https:\/\/api.w.org\/{rel}","templated":true}]}}